{"id":9828,"date":"2019-10-07T16:49:24","date_gmt":"2019-10-07T14:49:24","guid":{"rendered":"http:\/\/serveiseducatius.xtec.cat\/alturgell\/?p=9828"},"modified":"2019-10-15T17:15:23","modified_gmt":"2019-10-15T15:15:23","slug":"iv-edicio-de-recerkids","status":"publish","type":"post","link":"https:\/\/serveiseducatius.xtec.cat\/alturgell\/portada\/iv-edicio-de-recerkids\/","title":{"rendered":"IV edici\u00f3 de Recerkids"},"content":{"rendered":"<p><a href=\"https:\/\/recerkids.us13.list-manage.com\/track\/click?u=29b5d15ba954a6b70ad212262&amp;id=e259a55a18&amp;e=7c5b40b67e\">Recerkids<\/a> \u00e9s una iniciativa impulsada per la <strong><a href=\"https:\/\/recerkids.us13.list-manage.com\/track\/click?u=29b5d15ba954a6b70ad212262&amp;id=dbe0b2451f&amp;e=7c5b40b67e\" target=\"_blank\" rel=\"noopener noreferrer\" data-saferedirecturl=\"https:\/\/www.google.com\/url?q=https:\/\/recerkids.us13.list-manage.com\/track\/click?u%3D29b5d15ba954a6b70ad212262%26id%3Ddbe0b2451f%26e%3D7c5b40b67e&amp;source=gmail&amp;ust=1571233389086000&amp;usg=AFQjCNH5A2f0hb27KtYhtJGV5nzSKbPvrA\">Direcci\u00f3 General de Recerca<\/a><\/strong>\u00a0dins del seu programa d&#8217;activitats pedag\u00f2giques, que tenen l&#8217;objectiu de divulgar la ci\u00e8ncia a les escoles i donar a con\u00e8ixer la tasca dels centres de Recerca de Catalunya.<\/p>\n<p>Ja estan obertes les inscripcions per la IV edici\u00f3 que aquest curs t\u00e9\u00a0<strong>l&#8217;ecologia\u00a0<\/strong>com a eix de treball.\u00a0\u00a0El termini va del \u00a0<strong>17 de setembre al 15 de novembre.<\/strong><\/p>\n<p>El programa es divideix en dues fases. En la primera, els estudiants desenvolupen una <strong>recerca cient\u00edfica a l&#8217;aula, <\/strong>i en la segona <strong>presenten els resultats en un congr\u00e9s cient\u00edfic.<\/strong><\/p>\n<ul>\n<li><strong style=\"font-family: inherit; font-size: 1em;\">A qui va dirigit? <\/strong><span style=\"font-family: inherit; font-size: 1em;\">A les classes de\u00a0<\/span><strong style=\"font-family: inherit; font-size: 1em;\">5\u00e8 i 6\u00e8 de Prim\u00e0ria<\/strong><span style=\"font-family: inherit; font-size: 1em;\">\u00a0d&#8217;escoles P\u00fabliques i concertades.\u00a0<\/span><\/li>\n<li><strong>Quan comen\u00e7a la recerca a l&#8217;aula? <\/strong><strong style=\"font-family: inherit; font-size: 1em;\">Al gener de 2020\u00a0<\/strong><span style=\"font-family: inherit; font-size: 1em;\">i fins al 24 d&#8217;abril.<\/span><\/li>\n<\/ul>\n<p><a href=\"http:\/\/www.recerkids.cat\/\"><img loading=\"lazy\" decoding=\"async\" class=\"\" src=\"https:\/\/serveiseducatius.xtec.cat\/alturgell\/wp-content\/uploads\/usu770\/2019\/04\/flecha.gif\" width=\"20\" height=\"22\" \/>\u00a0 M\u00e9s informaci\u00f3<\/a><\/p>\n","protected":false},"excerpt":{"rendered":"<p>Recerkids \u00e9s una iniciativa impulsada per la Direcci\u00f3 General de Recerca\u00a0dins del seu programa d&#8217;activitats pedag\u00f2giques, que tenen l&#8217;objectiu de divulgar la ci\u00e8ncia a les escoles i donar a con\u00e8ixer la tasca dels centres de Recerca de Catalunya. Ja estan obertes les inscripcions per la IV edici\u00f3 que aquest curs t\u00e9\u00a0l&#8217;ecologia\u00a0com a eix de treball.\u00a0\u00a0El [&hellip;]<\/p>\n","protected":false},"author":1,"featured_media":9829,"comment_status":"open","ping_status":"closed","sticky":false,"template":"","format":"standard","meta":{"_bbp_topic_count":0,"_bbp_reply_count":0,"_bbp_total_topic_count":0,"_bbp_total_reply_count":0,"_bbp_voice_count":0,"_bbp_anonymous_reply_count":0,"_bbp_topic_count_hidden":0,"_bbp_reply_count_hidden":0,"_bbp_forum_subforum_count":0,"site-sidebar-layout":"default","site-content-layout":"","ast-site-content-layout":"","site-content-style":"default","site-sidebar-style":"default","ast-global-header-display":"","ast-banner-title-visibility":"","ast-main-header-display":"","ast-hfb-above-header-display":"","ast-hfb-below-header-display":"","ast-hfb-mobile-header-display":"","site-post-title":"","ast-breadcrumbs-content":"","ast-featured-img":"","footer-sml-layout":"","theme-transparent-header-meta":"","adv-header-id-meta":"","stick-header-meta":"","header-above-stick-meta":"","header-main-stick-meta":"","header-below-stick-meta":"","astra-migrate-meta-layouts":"default","ast-page-background-enabled":"default","ast-page-background-meta":{"desktop":{"background-color":"var(--ast-global-color-4)","background-image":"","background-repeat":"repeat","background-position":"center center","background-size":"auto","background-attachment":"scroll","background-type":"","background-media":"","overlay-type":"","overlay-color":"","overlay-opacity":"","overlay-gradient":""},"tablet":{"background-color":"","background-image":"","background-repeat":"repeat","background-position":"center center","background-size":"auto","background-attachment":"scroll","background-type":"","background-media":"","overlay-type":"","overlay-color":"","overlay-opacity":"","overlay-gradient":""},"mobile":{"background-color":"","background-image":"","background-repeat":"repeat","background-position":"center center","background-size":"auto","background-attachment":"scroll","background-type":"","background-media":"","overlay-type":"","overlay-color":"","overlay-opacity":"","overlay-gradient":""}},"ast-content-background-meta":{"desktop":{"background-color":"var(--ast-global-color-5)","background-image":"","background-repeat":"repeat","background-position":"center center","background-size":"auto","background-attachment":"scroll","background-type":"","background-media":"","overlay-type":"","overlay-color":"","overlay-opacity":"","overlay-gradient":""},"tablet":{"background-color":"var(--ast-global-color-5)","background-image":"","background-repeat":"repeat","background-position":"center center","background-size":"auto","background-attachment":"scroll","background-type":"","background-media":"","overlay-type":"","overlay-color":"","overlay-opacity":"","overlay-gradient":""},"mobile":{"background-color":"var(--ast-global-color-5)","background-image":"","background-repeat":"repeat","background-position":"center center","background-size":"auto","background-attachment":"scroll","background-type":"","background-media":"","overlay-type":"","overlay-color":"","overlay-opacity":"","overlay-gradient":""}},"footnotes":""},"categories":[180,29],"tags":[],"class_list":["post-9828","post","type-post","status-publish","format-standard","has-post-thumbnail","hentry","category-xerrades","category-portada"],"post_mailing_queue_ids":[],"_links":{"self":[{"href":"https:\/\/serveiseducatius.xtec.cat\/alturgell\/wp-json\/wp\/v2\/posts\/9828","targetHints":{"allow":["GET"]}}],"collection":[{"href":"https:\/\/serveiseducatius.xtec.cat\/alturgell\/wp-json\/wp\/v2\/posts"}],"about":[{"href":"https:\/\/serveiseducatius.xtec.cat\/alturgell\/wp-json\/wp\/v2\/types\/post"}],"author":[{"embeddable":true,"href":"https:\/\/serveiseducatius.xtec.cat\/alturgell\/wp-json\/wp\/v2\/users\/1"}],"replies":[{"embeddable":true,"href":"https:\/\/serveiseducatius.xtec.cat\/alturgell\/wp-json\/wp\/v2\/comments?post=9828"}],"version-history":[{"count":1,"href":"https:\/\/serveiseducatius.xtec.cat\/alturgell\/wp-json\/wp\/v2\/posts\/9828\/revisions"}],"predecessor-version":[{"id":9830,"href":"https:\/\/serveiseducatius.xtec.cat\/alturgell\/wp-json\/wp\/v2\/posts\/9828\/revisions\/9830"}],"wp:featuredmedia":[{"embeddable":true,"href":"https:\/\/serveiseducatius.xtec.cat\/alturgell\/wp-json\/wp\/v2\/media\/9829"}],"wp:attachment":[{"href":"https:\/\/serveiseducatius.xtec.cat\/alturgell\/wp-json\/wp\/v2\/media?parent=9828"}],"wp:term":[{"taxonomy":"category","embeddable":true,"href":"https:\/\/serveiseducatius.xtec.cat\/alturgell\/wp-json\/wp\/v2\/categories?post=9828"},{"taxonomy":"post_tag","embeddable":true,"href":"https:\/\/serveiseducatius.xtec.cat\/alturgell\/wp-json\/wp\/v2\/tags?post=9828"}],"curies":[{"name":"wp","href":"https:\/\/api.w.org\/{rel}","templated":true}]}}