{"id":9765,"date":"2019-10-10T15:48:29","date_gmt":"2019-10-10T13:48:29","guid":{"rendered":"http:\/\/serveiseducatius.xtec.cat\/alturgell\/?p=9765"},"modified":"2019-10-15T16:21:16","modified_gmt":"2019-10-15T14:21:16","slug":"cicle-de-jornades-sobre-lescola-rural","status":"publish","type":"post","link":"https:\/\/serveiseducatius.xtec.cat\/alturgell\/portada\/cicle-de-jornades-sobre-lescola-rural\/","title":{"rendered":"Cicle de jornades sobre l&#8217;escola rural"},"content":{"rendered":"<p><img loading=\"lazy\" decoding=\"async\" class=\"size-full wp-image-9821 alignleft\" src=\"https:\/\/serveiseducatius.xtec.cat\/alturgell\/wp-content\/uploads\/usu770\/2019\/10\/15-10-2019-16.10.2-1.jpg\" alt=\"\" width=\"645\" height=\"912\" srcset=\"https:\/\/serveiseducatius.xtec.cat\/alturgell\/wp-content\/uploads\/usu770\/2019\/10\/15-10-2019-16.10.2-1.jpg 645w, https:\/\/serveiseducatius.xtec.cat\/alturgell\/wp-content\/uploads\/usu770\/2019\/10\/15-10-2019-16.10.2-1-212x300.jpg 212w\" sizes=\"auto, (max-width: 645px) 100vw, 645px\" \/><\/p>\n<p>El proper <strong>26 d\u2019octubre<\/strong> es far\u00e0 al Castell de Verd\u00fa la primera de les confer\u00e8ncies del cicle de jornades sobre l&#8217;escola rural amb el t\u00edtol <strong><em>La cohesi\u00f3 de grup de professionals i la seva relaci\u00f3 amb el desenvolupament i l\u2019aprenentatge dels infants<\/em><\/strong>, a c\u00e0rrec del Josep Vilar\u00f3 (vegeu programa adjunt).<\/p>\n<p>El cicle de jornades s\u2019adre\u00e7a als professionals de les escoles rurals que incorporen el primer cicle d\u2019educaci\u00f3 infantil i tamb\u00e9 a tots els professionals d\u2019educaci\u00f3 infantil interessats.<\/p>\n<p>Podeu fer la inscripci\u00f3 a trav\u00e9s de l\u2019enlla\u00e7 que hi ha al mateix programa adjunt o fent clic aqu\u00ed (<a href=\"https:\/\/docs.google.com\/forms\/d\/e\/1FAIpQLSfs5-QwXu3H5Mek8burS5_erIIyImcVRYTDfbKGQoOpH2EUUg\/viewform\" data-saferedirecturl=\"https:\/\/www.google.com\/url?q=https:\/\/docs.google.com\/forms\/d\/e\/1FAIpQLSfs5-QwXu3H5Mek8burS5_erIIyImcVRYTDfbKGQoOpH2EUUg\/viewform&amp;source=gmail&amp;ust=1568877647903000&amp;usg=AFQjCNFMfqEUm0fLFFutRln610es5ZJFWA\">inscripci\u00f3<\/a>).<\/p>\n","protected":false},"excerpt":{"rendered":"<p>El proper 26 d\u2019octubre es far\u00e0 al Castell de Verd\u00fa la primera de les confer\u00e8ncies del cicle de jornades sobre l&#8217;escola rural amb el t\u00edtol La cohesi\u00f3 de grup de professionals i la seva relaci\u00f3 amb el desenvolupament i l\u2019aprenentatge dels infants, a c\u00e0rrec del Josep Vilar\u00f3 (vegeu programa adjunt). El cicle de jornades s\u2019adre\u00e7a [&hellip;]<\/p>\n","protected":false},"author":1,"featured_media":9822,"comment_status":"open","ping_status":"closed","sticky":false,"template":"","format":"standard","meta":{"_bbp_topic_count":0,"_bbp_reply_count":0,"_bbp_total_topic_count":0,"_bbp_total_reply_count":0,"_bbp_voice_count":0,"_bbp_anonymous_reply_count":0,"_bbp_topic_count_hidden":0,"_bbp_reply_count_hidden":0,"_bbp_forum_subforum_count":0,"site-sidebar-layout":"default","site-content-layout":"","ast-site-content-layout":"","site-content-style":"default","site-sidebar-style":"default","ast-global-header-display":"","ast-banner-title-visibility":"","ast-main-header-display":"","ast-hfb-above-header-display":"","ast-hfb-below-header-display":"","ast-hfb-mobile-header-display":"","site-post-title":"","ast-breadcrumbs-content":"","ast-featured-img":"","footer-sml-layout":"","theme-transparent-header-meta":"","adv-header-id-meta":"","stick-header-meta":"","header-above-stick-meta":"","header-main-stick-meta":"","header-below-stick-meta":"","astra-migrate-meta-layouts":"default","ast-page-background-enabled":"default","ast-page-background-meta":{"desktop":{"background-color":"var(--ast-global-color-4)","background-image":"","background-repeat":"repeat","background-position":"center center","background-size":"auto","background-attachment":"scroll","background-type":"","background-media":"","overlay-type":"","overlay-color":"","overlay-opacity":"","overlay-gradient":""},"tablet":{"background-color":"","background-image":"","background-repeat":"repeat","background-position":"center center","background-size":"auto","background-attachment":"scroll","background-type":"","background-media":"","overlay-type":"","overlay-color":"","overlay-opacity":"","overlay-gradient":""},"mobile":{"background-color":"","background-image":"","background-repeat":"repeat","background-position":"center center","background-size":"auto","background-attachment":"scroll","background-type":"","background-media":"","overlay-type":"","overlay-color":"","overlay-opacity":"","overlay-gradient":""}},"ast-content-background-meta":{"desktop":{"background-color":"var(--ast-global-color-5)","background-image":"","background-repeat":"repeat","background-position":"center center","background-size":"auto","background-attachment":"scroll","background-type":"","background-media":"","overlay-type":"","overlay-color":"","overlay-opacity":"","overlay-gradient":""},"tablet":{"background-color":"var(--ast-global-color-5)","background-image":"","background-repeat":"repeat","background-position":"center center","background-size":"auto","background-attachment":"scroll","background-type":"","background-media":"","overlay-type":"","overlay-color":"","overlay-opacity":"","overlay-gradient":""},"mobile":{"background-color":"var(--ast-global-color-5)","background-image":"","background-repeat":"repeat","background-position":"center center","background-size":"auto","background-attachment":"scroll","background-type":"","background-media":"","overlay-type":"","overlay-color":"","overlay-opacity":"","overlay-gradient":""}},"footnotes":""},"categories":[175,29],"tags":[],"class_list":["post-9765","post","type-post","status-publish","format-standard","has-post-thumbnail","hentry","category-formacio","category-portada"],"post_mailing_queue_ids":[],"_links":{"self":[{"href":"https:\/\/serveiseducatius.xtec.cat\/alturgell\/wp-json\/wp\/v2\/posts\/9765","targetHints":{"allow":["GET"]}}],"collection":[{"href":"https:\/\/serveiseducatius.xtec.cat\/alturgell\/wp-json\/wp\/v2\/posts"}],"about":[{"href":"https:\/\/serveiseducatius.xtec.cat\/alturgell\/wp-json\/wp\/v2\/types\/post"}],"author":[{"embeddable":true,"href":"https:\/\/serveiseducatius.xtec.cat\/alturgell\/wp-json\/wp\/v2\/users\/1"}],"replies":[{"embeddable":true,"href":"https:\/\/serveiseducatius.xtec.cat\/alturgell\/wp-json\/wp\/v2\/comments?post=9765"}],"version-history":[{"count":1,"href":"https:\/\/serveiseducatius.xtec.cat\/alturgell\/wp-json\/wp\/v2\/posts\/9765\/revisions"}],"predecessor-version":[{"id":9823,"href":"https:\/\/serveiseducatius.xtec.cat\/alturgell\/wp-json\/wp\/v2\/posts\/9765\/revisions\/9823"}],"wp:featuredmedia":[{"embeddable":true,"href":"https:\/\/serveiseducatius.xtec.cat\/alturgell\/wp-json\/wp\/v2\/media\/9822"}],"wp:attachment":[{"href":"https:\/\/serveiseducatius.xtec.cat\/alturgell\/wp-json\/wp\/v2\/media?parent=9765"}],"wp:term":[{"taxonomy":"category","embeddable":true,"href":"https:\/\/serveiseducatius.xtec.cat\/alturgell\/wp-json\/wp\/v2\/categories?post=9765"},{"taxonomy":"post_tag","embeddable":true,"href":"https:\/\/serveiseducatius.xtec.cat\/alturgell\/wp-json\/wp\/v2\/tags?post=9765"}],"curies":[{"name":"wp","href":"https:\/\/api.w.org\/{rel}","templated":true}]}}