{"id":9757,"date":"2019-09-04T12:25:16","date_gmt":"2019-09-04T10:25:16","guid":{"rendered":"http:\/\/serveiseducatius.xtec.cat\/alturgell\/?p=9757"},"modified":"2019-11-05T15:45:57","modified_gmt":"2019-11-05T14:45:57","slug":"formacio-suport-vital-basic","status":"publish","type":"post","link":"https:\/\/serveiseducatius.xtec.cat\/alturgell\/portada\/formacio-suport-vital-basic\/","title":{"rendered":"Formaci\u00f3 Suport Vital B\u00e0sic"},"content":{"rendered":"<p>El dilluns<strong> dia 9 de setembre<\/strong> es realitzar\u00e0 al <strong>CRP Alt Urgell-Cerdanya<\/strong> la sessi\u00f3 de presentaci\u00f3 d&#8217;aquesta formaci\u00f3 per a tots els centres interessats.<\/p>\n<p>Es tracta d&#8217;accions formatives que proporcionen habilitats i coneixements al professorat per impartir el programa Suport Vital B\u00e0sic als centres docents en una metodologia did\u00e0ctica espec\u00edfica i aix\u00ed formar a alumnes de diferents nivells educatius (de 3 a 18 anys) per poder donar una resposta adequada, segons la seva edat, davant d\u2019una persona que ha sofert una aturada card\u00edaca.<\/p>\n<p>Aquesta actuaci\u00f3 sorgeix d&#8217;un conveni signat entre el <b>Departament d\u2019Ensenyament<\/b> i el <b>Consell Catal\u00e0 de Ressuscitaci\u00f3<\/b> \u00a0per al desplegament territorial de la formaci\u00f3 en Suport Vital B\u00e0sic als centres educatius (prim\u00e0ria i secund\u00e0ria) de la xarxa p\u00fablica dins del curr\u00edculum escolar.<img loading=\"lazy\" decoding=\"async\" class=\"aligncenter wp-image-8890\" src=\"http:\/\/serveiseducatius.xtec.cat\/baixmaresme\/wp-content\/uploads\/usu107\/2018\/02\/Bossa-4-little-Anne-300x200.jpg\" sizes=\"auto, (max-width: 300px) 100vw, 300px\" srcset=\"https:\/\/serveiseducatius.xtec.cat\/baixmaresme\/wp-content\/uploads\/usu107\/2018\/02\/Bossa-4-little-Anne-300x200.jpg 300w, https:\/\/serveiseducatius.xtec.cat\/baixmaresme\/wp-content\/uploads\/usu107\/2018\/02\/Bossa-4-little-Anne.jpg 320w\" alt=\"\" width=\"300\" height=\"200\" \/><\/p>\n","protected":false},"excerpt":{"rendered":"<p>El dilluns dia 9 de setembre es realitzar\u00e0 al CRP Alt Urgell-Cerdanya la sessi\u00f3 de presentaci\u00f3 d&#8217;aquesta formaci\u00f3 per a tots els centres interessats. Es tracta d&#8217;accions formatives que proporcionen habilitats i coneixements al professorat per impartir el programa Suport Vital B\u00e0sic als centres docents en una metodologia did\u00e0ctica espec\u00edfica i aix\u00ed formar a alumnes [&hellip;]<\/p>\n","protected":false},"author":1,"featured_media":9758,"comment_status":"open","ping_status":"closed","sticky":false,"template":"","format":"standard","meta":{"_bbp_topic_count":0,"_bbp_reply_count":0,"_bbp_total_topic_count":0,"_bbp_total_reply_count":0,"_bbp_voice_count":0,"_bbp_anonymous_reply_count":0,"_bbp_topic_count_hidden":0,"_bbp_reply_count_hidden":0,"_bbp_forum_subforum_count":0,"site-sidebar-layout":"default","site-content-layout":"","ast-site-content-layout":"","site-content-style":"default","site-sidebar-style":"default","ast-global-header-display":"","ast-banner-title-visibility":"","ast-main-header-display":"","ast-hfb-above-header-display":"","ast-hfb-below-header-display":"","ast-hfb-mobile-header-display":"","site-post-title":"","ast-breadcrumbs-content":"","ast-featured-img":"","footer-sml-layout":"","theme-transparent-header-meta":"","adv-header-id-meta":"","stick-header-meta":"","header-above-stick-meta":"","header-main-stick-meta":"","header-below-stick-meta":"","astra-migrate-meta-layouts":"default","ast-page-background-enabled":"default","ast-page-background-meta":{"desktop":{"background-color":"var(--ast-global-color-4)","background-image":"","background-repeat":"repeat","background-position":"center center","background-size":"auto","background-attachment":"scroll","background-type":"","background-media":"","overlay-type":"","overlay-color":"","overlay-opacity":"","overlay-gradient":""},"tablet":{"background-color":"","background-image":"","background-repeat":"repeat","background-position":"center center","background-size":"auto","background-attachment":"scroll","background-type":"","background-media":"","overlay-type":"","overlay-color":"","overlay-opacity":"","overlay-gradient":""},"mobile":{"background-color":"","background-image":"","background-repeat":"repeat","background-position":"center center","background-size":"auto","background-attachment":"scroll","background-type":"","background-media":"","overlay-type":"","overlay-color":"","overlay-opacity":"","overlay-gradient":""}},"ast-content-background-meta":{"desktop":{"background-color":"var(--ast-global-color-5)","background-image":"","background-repeat":"repeat","background-position":"center center","background-size":"auto","background-attachment":"scroll","background-type":"","background-media":"","overlay-type":"","overlay-color":"","overlay-opacity":"","overlay-gradient":""},"tablet":{"background-color":"var(--ast-global-color-5)","background-image":"","background-repeat":"repeat","background-position":"center center","background-size":"auto","background-attachment":"scroll","background-type":"","background-media":"","overlay-type":"","overlay-color":"","overlay-opacity":"","overlay-gradient":""},"mobile":{"background-color":"var(--ast-global-color-5)","background-image":"","background-repeat":"repeat","background-position":"center center","background-size":"auto","background-attachment":"scroll","background-type":"","background-media":"","overlay-type":"","overlay-color":"","overlay-opacity":"","overlay-gradient":""}},"footnotes":""},"categories":[65,175,29],"tags":[],"class_list":["post-9757","post","type-post","status-publish","format-standard","has-post-thumbnail","hentry","category-crp","category-formacio","category-portada"],"post_mailing_queue_ids":[],"_links":{"self":[{"href":"https:\/\/serveiseducatius.xtec.cat\/alturgell\/wp-json\/wp\/v2\/posts\/9757","targetHints":{"allow":["GET"]}}],"collection":[{"href":"https:\/\/serveiseducatius.xtec.cat\/alturgell\/wp-json\/wp\/v2\/posts"}],"about":[{"href":"https:\/\/serveiseducatius.xtec.cat\/alturgell\/wp-json\/wp\/v2\/types\/post"}],"author":[{"embeddable":true,"href":"https:\/\/serveiseducatius.xtec.cat\/alturgell\/wp-json\/wp\/v2\/users\/1"}],"replies":[{"embeddable":true,"href":"https:\/\/serveiseducatius.xtec.cat\/alturgell\/wp-json\/wp\/v2\/comments?post=9757"}],"version-history":[{"count":1,"href":"https:\/\/serveiseducatius.xtec.cat\/alturgell\/wp-json\/wp\/v2\/posts\/9757\/revisions"}],"predecessor-version":[{"id":9759,"href":"https:\/\/serveiseducatius.xtec.cat\/alturgell\/wp-json\/wp\/v2\/posts\/9757\/revisions\/9759"}],"wp:featuredmedia":[{"embeddable":true,"href":"https:\/\/serveiseducatius.xtec.cat\/alturgell\/wp-json\/wp\/v2\/media\/9758"}],"wp:attachment":[{"href":"https:\/\/serveiseducatius.xtec.cat\/alturgell\/wp-json\/wp\/v2\/media?parent=9757"}],"wp:term":[{"taxonomy":"category","embeddable":true,"href":"https:\/\/serveiseducatius.xtec.cat\/alturgell\/wp-json\/wp\/v2\/categories?post=9757"},{"taxonomy":"post_tag","embeddable":true,"href":"https:\/\/serveiseducatius.xtec.cat\/alturgell\/wp-json\/wp\/v2\/tags?post=9757"}],"curies":[{"name":"wp","href":"https:\/\/api.w.org\/{rel}","templated":true}]}}