{"id":9712,"date":"2019-05-30T13:54:54","date_gmt":"2019-05-30T11:54:54","guid":{"rendered":"http:\/\/serveiseducatius.xtec.cat\/alturgell\/?p=9712"},"modified":"2019-06-03T13:59:30","modified_gmt":"2019-06-03T11:59:30","slug":"exposicio-el-pirineu-estereoscopic-de-josep-forns-i-olivella","status":"publish","type":"post","link":"https:\/\/serveiseducatius.xtec.cat\/alturgell\/portada\/exposicio-el-pirineu-estereoscopic-de-josep-forns-i-olivella\/","title":{"rendered":"Exposici\u00f3 &#8220;El Pirineu Estereosc\u00f2pic de Josep Forns i Olivella&#8221;"},"content":{"rendered":"<p>El <strong>dilluns 3 de juny a les 17 hores<\/strong> a <strong>l\u2019Arxiu Comarcal de l\u2019Alt Urgell <\/strong>es portar\u00e0 a terme la inauguraci\u00f3 de l\u2019exposici\u00f3 itinerant<strong> \u201cEl Pirineu Estereosc\u00f2pic de Josep Forns i Olivella. Fotografies dels anys 20 i 30\u201d<\/strong> que \u00e9s el resultat d\u2019un projecte conjunt en el que han participat l\u2019Institut de Desenvolupament i Promoci\u00f3 de l\u2019Alt Pirineu i Aran (IDAPA), El Museu Nacional de la Ci\u00e8ncia i de la t\u00e8cnica de Catalunya (MNACTEC), la Xarxa de Museus i Equipaments patrimonials de l\u2019Alt Pirineu i Aran, la Direcci\u00f3 General del Patrimoni Cultural de la Generalitat de Catalunya i l\u2019Ecomuseu de les valls d\u2019\u00c0neu.<\/p>\n<p>La mostra recull una acurada selecci\u00f3 de fotografies realitzades pel fot\u00f2graf Josep Forns i Olivella durant els anys 20 i 30 del segle passat, un viatger inquiet que va retratar a trav\u00e9s de la fotografia estereosc\u00f2pica una realitat transversal del Pirineu que, ara, a trav\u00e9s de la seva digitalitzaci\u00f3 i difusi\u00f3, permet recrear i recuperar la mem\u00f2ria en relleu a partir del seu visionat en 3D (fotografia an\u00e0glifa).<\/p>\n<p>L\u2019activitat representa, en definitiva, una magn\u00edfica oportunitat per gaudir de forma sensorial d\u2019un viatge en el temps al Pirineu a trav\u00e9s de la hist\u00f2ria i la tecnologia, un programa de difusi\u00f3 del patrimoni que s\u2019incardina en la l\u00ednia d\u2019activitats que, des de l\u2019any 2011, porta a terme l\u2019Arxiu Comarcal de l\u2019Alt Urgell amb el mateix objectiu.<\/p>\n<p><strong>L\u2019exposici\u00f3 romandr\u00e0 a l\u2019Arxiu Comarcal de l\u2019Alt Urgell del 3 de juny al 4 d\u2019agost i es podr\u00e0 visitar de dilluns a divendres de 8 a 15 hores<\/strong> i, amb concertaci\u00f3 pr\u00e8via de visita, els dimecres de 17 a 21 hores.<\/p>\n<p>L\u2019acte \u00e9s gratu\u00eft i obert\u00a0 a tothom.<\/p>\n","protected":false},"excerpt":{"rendered":"<p>El dilluns 3 de juny a les 17 hores a l\u2019Arxiu Comarcal de l\u2019Alt Urgell es portar\u00e0 a terme la inauguraci\u00f3 de l\u2019exposici\u00f3 itinerant \u201cEl Pirineu Estereosc\u00f2pic de Josep Forns i Olivella. Fotografies dels anys 20 i 30\u201d que \u00e9s el resultat d\u2019un projecte conjunt en el que han participat l\u2019Institut de Desenvolupament i Promoci\u00f3 [&hellip;]<\/p>\n","protected":false},"author":1,"featured_media":9713,"comment_status":"open","ping_status":"closed","sticky":false,"template":"","format":"standard","meta":{"_bbp_topic_count":0,"_bbp_reply_count":0,"_bbp_total_topic_count":0,"_bbp_total_reply_count":0,"_bbp_voice_count":0,"_bbp_anonymous_reply_count":0,"_bbp_topic_count_hidden":0,"_bbp_reply_count_hidden":0,"_bbp_forum_subforum_count":0,"site-sidebar-layout":"default","site-content-layout":"","ast-site-content-layout":"","site-content-style":"default","site-sidebar-style":"default","ast-global-header-display":"","ast-banner-title-visibility":"","ast-main-header-display":"","ast-hfb-above-header-display":"","ast-hfb-below-header-display":"","ast-hfb-mobile-header-display":"","site-post-title":"","ast-breadcrumbs-content":"","ast-featured-img":"","footer-sml-layout":"","theme-transparent-header-meta":"","adv-header-id-meta":"","stick-header-meta":"","header-above-stick-meta":"","header-main-stick-meta":"","header-below-stick-meta":"","astra-migrate-meta-layouts":"default","ast-page-background-enabled":"default","ast-page-background-meta":{"desktop":{"background-color":"var(--ast-global-color-4)","background-image":"","background-repeat":"repeat","background-position":"center center","background-size":"auto","background-attachment":"scroll","background-type":"","background-media":"","overlay-type":"","overlay-color":"","overlay-opacity":"","overlay-gradient":""},"tablet":{"background-color":"","background-image":"","background-repeat":"repeat","background-position":"center center","background-size":"auto","background-attachment":"scroll","background-type":"","background-media":"","overlay-type":"","overlay-color":"","overlay-opacity":"","overlay-gradient":""},"mobile":{"background-color":"","background-image":"","background-repeat":"repeat","background-position":"center center","background-size":"auto","background-attachment":"scroll","background-type":"","background-media":"","overlay-type":"","overlay-color":"","overlay-opacity":"","overlay-gradient":""}},"ast-content-background-meta":{"desktop":{"background-color":"var(--ast-global-color-5)","background-image":"","background-repeat":"repeat","background-position":"center center","background-size":"auto","background-attachment":"scroll","background-type":"","background-media":"","overlay-type":"","overlay-color":"","overlay-opacity":"","overlay-gradient":""},"tablet":{"background-color":"var(--ast-global-color-5)","background-image":"","background-repeat":"repeat","background-position":"center center","background-size":"auto","background-attachment":"scroll","background-type":"","background-media":"","overlay-type":"","overlay-color":"","overlay-opacity":"","overlay-gradient":""},"mobile":{"background-color":"var(--ast-global-color-5)","background-image":"","background-repeat":"repeat","background-position":"center center","background-size":"auto","background-attachment":"scroll","background-type":"","background-media":"","overlay-type":"","overlay-color":"","overlay-opacity":"","overlay-gradient":""}},"footnotes":""},"categories":[29],"tags":[],"class_list":["post-9712","post","type-post","status-publish","format-standard","has-post-thumbnail","hentry","category-portada"],"post_mailing_queue_ids":[],"_links":{"self":[{"href":"https:\/\/serveiseducatius.xtec.cat\/alturgell\/wp-json\/wp\/v2\/posts\/9712","targetHints":{"allow":["GET"]}}],"collection":[{"href":"https:\/\/serveiseducatius.xtec.cat\/alturgell\/wp-json\/wp\/v2\/posts"}],"about":[{"href":"https:\/\/serveiseducatius.xtec.cat\/alturgell\/wp-json\/wp\/v2\/types\/post"}],"author":[{"embeddable":true,"href":"https:\/\/serveiseducatius.xtec.cat\/alturgell\/wp-json\/wp\/v2\/users\/1"}],"replies":[{"embeddable":true,"href":"https:\/\/serveiseducatius.xtec.cat\/alturgell\/wp-json\/wp\/v2\/comments?post=9712"}],"version-history":[{"count":1,"href":"https:\/\/serveiseducatius.xtec.cat\/alturgell\/wp-json\/wp\/v2\/posts\/9712\/revisions"}],"predecessor-version":[{"id":9714,"href":"https:\/\/serveiseducatius.xtec.cat\/alturgell\/wp-json\/wp\/v2\/posts\/9712\/revisions\/9714"}],"wp:featuredmedia":[{"embeddable":true,"href":"https:\/\/serveiseducatius.xtec.cat\/alturgell\/wp-json\/wp\/v2\/media\/9713"}],"wp:attachment":[{"href":"https:\/\/serveiseducatius.xtec.cat\/alturgell\/wp-json\/wp\/v2\/media?parent=9712"}],"wp:term":[{"taxonomy":"category","embeddable":true,"href":"https:\/\/serveiseducatius.xtec.cat\/alturgell\/wp-json\/wp\/v2\/categories?post=9712"},{"taxonomy":"post_tag","embeddable":true,"href":"https:\/\/serveiseducatius.xtec.cat\/alturgell\/wp-json\/wp\/v2\/tags?post=9712"}],"curies":[{"name":"wp","href":"https:\/\/api.w.org\/{rel}","templated":true}]}}