{"id":9699,"date":"2019-05-17T10:58:37","date_gmt":"2019-05-17T08:58:37","guid":{"rendered":"http:\/\/serveiseducatius.xtec.cat\/alturgell\/?p=9699"},"modified":"2019-05-24T11:04:35","modified_gmt":"2019-05-24T09:04:35","slug":"universitat-destiu-de-la-udl-2019","status":"publish","type":"post","link":"https:\/\/serveiseducatius.xtec.cat\/alturgell\/portada\/universitat-destiu-de-la-udl-2019\/","title":{"rendered":"Universitat d&#8217;Estiu de la UdL 2019"},"content":{"rendered":"<p>La universitat de Lleida ja ha publicat les activitats de formaci\u00f3 que es realitzaran enel marc de la <strong>Universitat d&#8217;Estiu<\/strong> de la UdL de 2019. Les inscripcions comencen el <strong>9 de maig<\/strong><\/p>\n<p>Cursos que s&#8217;ofereixen a la Seu d&#8217;Urgell:<\/p>\n<ul style=\"list-style-type: square;\">\n<li>Curs d\u2019Iniciaci\u00f3 a l\u2019Escriptura Teatral: un Taller de S\u00e0tira Social (20 h)<\/li>\n<li>La Fotografia i l\u2019Univers de les \u00d2ptiques. Quina \u00d2ptica s\u2019ha d\u2019Utilitzar en cada Ocasi\u00f3. Teoria i Pr\u00e0ctica (10 h)<\/li>\n<li>La M\u00fasica en Temps de Napole\u00f3 (20 h)<\/li>\n<li>L\u2019Art de la Productivitat Sense Estr\u00e8s (20 h \/ 2 ECTS)<\/li>\n<li>l Matem\u00e0tiques Manipulatives a Prim\u00e0ria (20 h)<\/li>\n<li>Aproximaci\u00f3 a la Pedagogia Sist\u00e8mica. Obrint el Cor i la Mirada per Poder Educar (30 h)<\/li>\n<li>Els Camins de les Aig\u00fces Subterr\u00e0nies en els Pirineus Centrals: On, Com i Per Qu\u00e8 (30 h \/ 3 ECTS)<\/li>\n<\/ul>\n<p><a href=\"http:\/\/www.udl.cat\/ca\/serveis\/estiu\/relacio-de-cursos\/\" target=\"_blank\" rel=\"noopener noreferrer\"><img loading=\"lazy\" decoding=\"async\" class=\"alignnone  wp-image-9632\" src=\"https:\/\/serveiseducatius.xtec.cat\/alturgell\/wp-content\/uploads\/usu770\/2019\/04\/flecha.gif\" alt=\"\" width=\"15\" height=\"16\" \/> Relaci\u00f3 de cursos,\u00a0 <\/a><a href=\"http:\/\/www.udl.cat\/export\/sites\/universitat-lleida\/ca\/serveis\/estiu\/.galleries\/PDF\/2019\/ButlletaCAT_2019.doc\" target=\"_blank\" rel=\"noopener noreferrer\">Butlleta d&#8217;Inscripci\u00f3\u00a0 i\u00a0<\/a><a href=\"http:\/\/www.udl.cat\/export\/sites\/universitat-lleida\/ca\/serveis\/estiu\/.galleries\/PDF\/2019\/ButlletaES_2019.doc\" target=\"_blank\" rel=\"noopener noreferrer\">Ficha de Inscripci\u00f3n<\/a><\/p>\n<p>&nbsp;<\/p>\n<p>&nbsp;<\/p>\n<p>&nbsp;<\/p>\n<p>&nbsp;<\/p>\n","protected":false},"excerpt":{"rendered":"<p>La universitat de Lleida ja ha publicat les activitats de formaci\u00f3 que es realitzaran enel marc de la Universitat d&#8217;Estiu de la UdL de 2019. Les inscripcions comencen el 9 de maig Cursos que s&#8217;ofereixen a la Seu d&#8217;Urgell: Curs d\u2019Iniciaci\u00f3 a l\u2019Escriptura Teatral: un Taller de S\u00e0tira Social (20 h) La Fotografia i l\u2019Univers [&hellip;]<\/p>\n","protected":false},"author":1,"featured_media":9704,"comment_status":"open","ping_status":"closed","sticky":false,"template":"","format":"standard","meta":{"_bbp_topic_count":0,"_bbp_reply_count":0,"_bbp_total_topic_count":0,"_bbp_total_reply_count":0,"_bbp_voice_count":0,"_bbp_anonymous_reply_count":0,"_bbp_topic_count_hidden":0,"_bbp_reply_count_hidden":0,"_bbp_forum_subforum_count":0,"site-sidebar-layout":"default","site-content-layout":"","ast-site-content-layout":"","site-content-style":"default","site-sidebar-style":"default","ast-global-header-display":"","ast-banner-title-visibility":"","ast-main-header-display":"","ast-hfb-above-header-display":"","ast-hfb-below-header-display":"","ast-hfb-mobile-header-display":"","site-post-title":"","ast-breadcrumbs-content":"","ast-featured-img":"","footer-sml-layout":"","theme-transparent-header-meta":"","adv-header-id-meta":"","stick-header-meta":"","header-above-stick-meta":"","header-main-stick-meta":"","header-below-stick-meta":"","astra-migrate-meta-layouts":"default","ast-page-background-enabled":"default","ast-page-background-meta":{"desktop":{"background-color":"var(--ast-global-color-4)","background-image":"","background-repeat":"repeat","background-position":"center center","background-size":"auto","background-attachment":"scroll","background-type":"","background-media":"","overlay-type":"","overlay-color":"","overlay-opacity":"","overlay-gradient":""},"tablet":{"background-color":"","background-image":"","background-repeat":"repeat","background-position":"center center","background-size":"auto","background-attachment":"scroll","background-type":"","background-media":"","overlay-type":"","overlay-color":"","overlay-opacity":"","overlay-gradient":""},"mobile":{"background-color":"","background-image":"","background-repeat":"repeat","background-position":"center center","background-size":"auto","background-attachment":"scroll","background-type":"","background-media":"","overlay-type":"","overlay-color":"","overlay-opacity":"","overlay-gradient":""}},"ast-content-background-meta":{"desktop":{"background-color":"var(--ast-global-color-5)","background-image":"","background-repeat":"repeat","background-position":"center center","background-size":"auto","background-attachment":"scroll","background-type":"","background-media":"","overlay-type":"","overlay-color":"","overlay-opacity":"","overlay-gradient":""},"tablet":{"background-color":"var(--ast-global-color-5)","background-image":"","background-repeat":"repeat","background-position":"center center","background-size":"auto","background-attachment":"scroll","background-type":"","background-media":"","overlay-type":"","overlay-color":"","overlay-opacity":"","overlay-gradient":""},"mobile":{"background-color":"var(--ast-global-color-5)","background-image":"","background-repeat":"repeat","background-position":"center center","background-size":"auto","background-attachment":"scroll","background-type":"","background-media":"","overlay-type":"","overlay-color":"","overlay-opacity":"","overlay-gradient":""}},"footnotes":""},"categories":[175,29],"tags":[],"class_list":["post-9699","post","type-post","status-publish","format-standard","has-post-thumbnail","hentry","category-formacio","category-portada"],"post_mailing_queue_ids":[],"_links":{"self":[{"href":"https:\/\/serveiseducatius.xtec.cat\/alturgell\/wp-json\/wp\/v2\/posts\/9699","targetHints":{"allow":["GET"]}}],"collection":[{"href":"https:\/\/serveiseducatius.xtec.cat\/alturgell\/wp-json\/wp\/v2\/posts"}],"about":[{"href":"https:\/\/serveiseducatius.xtec.cat\/alturgell\/wp-json\/wp\/v2\/types\/post"}],"author":[{"embeddable":true,"href":"https:\/\/serveiseducatius.xtec.cat\/alturgell\/wp-json\/wp\/v2\/users\/1"}],"replies":[{"embeddable":true,"href":"https:\/\/serveiseducatius.xtec.cat\/alturgell\/wp-json\/wp\/v2\/comments?post=9699"}],"version-history":[{"count":1,"href":"https:\/\/serveiseducatius.xtec.cat\/alturgell\/wp-json\/wp\/v2\/posts\/9699\/revisions"}],"predecessor-version":[{"id":9705,"href":"https:\/\/serveiseducatius.xtec.cat\/alturgell\/wp-json\/wp\/v2\/posts\/9699\/revisions\/9705"}],"wp:featuredmedia":[{"embeddable":true,"href":"https:\/\/serveiseducatius.xtec.cat\/alturgell\/wp-json\/wp\/v2\/media\/9704"}],"wp:attachment":[{"href":"https:\/\/serveiseducatius.xtec.cat\/alturgell\/wp-json\/wp\/v2\/media?parent=9699"}],"wp:term":[{"taxonomy":"category","embeddable":true,"href":"https:\/\/serveiseducatius.xtec.cat\/alturgell\/wp-json\/wp\/v2\/categories?post=9699"},{"taxonomy":"post_tag","embeddable":true,"href":"https:\/\/serveiseducatius.xtec.cat\/alturgell\/wp-json\/wp\/v2\/tags?post=9699"}],"curies":[{"name":"wp","href":"https:\/\/api.w.org\/{rel}","templated":true}]}}