{"id":9566,"date":"2019-03-11T13:17:54","date_gmt":"2019-03-11T12:17:54","guid":{"rendered":"http:\/\/serveiseducatius.xtec.cat\/alturgell\/?p=9566"},"modified":"2019-03-13T13:39:54","modified_gmt":"2019-03-13T12:39:54","slug":"jornada-pedagogica-salo-del-llibre-infantil-i-juvenil-de-catalunya","status":"publish","type":"post","link":"https:\/\/serveiseducatius.xtec.cat\/alturgell\/portada\/jornada-pedagogica-salo-del-llibre-infantil-i-juvenil-de-catalunya\/","title":{"rendered":"Jornada pedag\u00f2gica Sal\u00f3 del llibre infantil i juvenil de Catalunya"},"content":{"rendered":"<p>Un any m\u00e9s, en el marc del Sal\u00f3 del Llibre Infantil i Juvenil de Catalunya (Mollerussa) s&#8217;organitza una jornada dedicada a la lectura i, aquesta en particular, a la poesia. Sota el t\u00edtol\u00a0<i><strong>La poesia envers l&#8217;escola: mirades i experi\u00e8ncies<\/strong>\u00a0<\/i>es pret\u00e9n apropar la poesia a l\u2019alumnat des dels centres educatius.<\/p>\n<p>En aquesta edici\u00f3 hem intentat lligar el contingut de la jornada amb la import\u00e0ncia de la poesia a les aules i dins la biblioteca escolar. Per la qual cosa pensem que seria molt interessant que en f\u00e9ssiu incid\u00e8ncia en les biblioteques dels vostres territoris.<i><\/i><\/p>\n<p>Coneixerem diferents propostes de llibres de poesia adre\u00e7ats a alumnat d\u2019infantil, prim\u00e0ria i secund\u00e0ria i es parlar\u00e0 d\u2019alguns criteris de selecci\u00f3 que podem tenir en compte. Comptarem amb la participaci\u00f3 de diverses escoles del Pla d\u2019Urgell que ens explicar\u00e0 una acci\u00f3 conjunta i l\u2019Institut La Garrotxa ens mostrar\u00e0 un projecte de v\u00eddeo poesia.<\/p>\n<p>La jornada acabar\u00e0 amb un espectacle po\u00e8tic a c\u00e0rrec de Meritxell Gen\u00e9.<\/p>\n<p><img loading=\"lazy\" decoding=\"async\" class=\"alignnone wp-image-9387\" src=\"https:\/\/serveiseducatius.xtec.cat\/alturgell\/wp-content\/uploads\/usu770\/2018\/12\/flecha.gif\" alt=\"\" width=\"25\" height=\"27\" \/><a href=\"http:\/\/xtec.gencat.cat\/web\/.content\/projectes\/lectura\/impulslectura\/actes-literaris\/mollerussa\/programa__salo_mollerussa_2019.pdf\">M\u00e9s informaci\u00f3, programa i enlla\u00e7 a l&#8217;inscripci\u00f3<\/a><\/p>\n<p><a href=\"http:\/\/xtec.gencat.cat\/web\/.content\/projectes\/lectura\/impulslectura\/actes-literaris\/mollerussa\/programa__salo_mollerussa_2019.pdf\"><img loading=\"lazy\" decoding=\"async\" class=\"alignnone size-full wp-image-9571\" src=\"https:\/\/serveiseducatius.xtec.cat\/alturgell\/wp-content\/uploads\/usu770\/2019\/03\/13-3-2019-13.3.57-1.jpg\" alt=\"\" width=\"474\" height=\"566\" srcset=\"https:\/\/serveiseducatius.xtec.cat\/alturgell\/wp-content\/uploads\/usu770\/2019\/03\/13-3-2019-13.3.57-1.jpg 474w, https:\/\/serveiseducatius.xtec.cat\/alturgell\/wp-content\/uploads\/usu770\/2019\/03\/13-3-2019-13.3.57-1-251x300.jpg 251w\" sizes=\"auto, (max-width: 474px) 100vw, 474px\" \/><\/a><\/p>\n<p>&nbsp;<\/p>\n","protected":false},"excerpt":{"rendered":"<p>Un any m\u00e9s, en el marc del Sal\u00f3 del Llibre Infantil i Juvenil de Catalunya (Mollerussa) s&#8217;organitza una jornada dedicada a la lectura i, aquesta en particular, a la poesia. Sota el t\u00edtol\u00a0La poesia envers l&#8217;escola: mirades i experi\u00e8ncies\u00a0es pret\u00e9n apropar la poesia a l\u2019alumnat des dels centres educatius. En aquesta edici\u00f3 hem intentat lligar [&hellip;]<\/p>\n","protected":false},"author":1,"featured_media":9570,"comment_status":"open","ping_status":"closed","sticky":false,"template":"","format":"standard","meta":{"_bbp_topic_count":0,"_bbp_reply_count":0,"_bbp_total_topic_count":0,"_bbp_total_reply_count":0,"_bbp_voice_count":0,"_bbp_anonymous_reply_count":0,"_bbp_topic_count_hidden":0,"_bbp_reply_count_hidden":0,"_bbp_forum_subforum_count":0,"site-sidebar-layout":"default","site-content-layout":"","ast-site-content-layout":"","site-content-style":"default","site-sidebar-style":"default","ast-global-header-display":"","ast-banner-title-visibility":"","ast-main-header-display":"","ast-hfb-above-header-display":"","ast-hfb-below-header-display":"","ast-hfb-mobile-header-display":"","site-post-title":"","ast-breadcrumbs-content":"","ast-featured-img":"","footer-sml-layout":"","theme-transparent-header-meta":"","adv-header-id-meta":"","stick-header-meta":"","header-above-stick-meta":"","header-main-stick-meta":"","header-below-stick-meta":"","astra-migrate-meta-layouts":"default","ast-page-background-enabled":"default","ast-page-background-meta":{"desktop":{"background-color":"var(--ast-global-color-4)","background-image":"","background-repeat":"repeat","background-position":"center center","background-size":"auto","background-attachment":"scroll","background-type":"","background-media":"","overlay-type":"","overlay-color":"","overlay-opacity":"","overlay-gradient":""},"tablet":{"background-color":"","background-image":"","background-repeat":"repeat","background-position":"center center","background-size":"auto","background-attachment":"scroll","background-type":"","background-media":"","overlay-type":"","overlay-color":"","overlay-opacity":"","overlay-gradient":""},"mobile":{"background-color":"","background-image":"","background-repeat":"repeat","background-position":"center center","background-size":"auto","background-attachment":"scroll","background-type":"","background-media":"","overlay-type":"","overlay-color":"","overlay-opacity":"","overlay-gradient":""}},"ast-content-background-meta":{"desktop":{"background-color":"var(--ast-global-color-5)","background-image":"","background-repeat":"repeat","background-position":"center center","background-size":"auto","background-attachment":"scroll","background-type":"","background-media":"","overlay-type":"","overlay-color":"","overlay-opacity":"","overlay-gradient":""},"tablet":{"background-color":"var(--ast-global-color-5)","background-image":"","background-repeat":"repeat","background-position":"center center","background-size":"auto","background-attachment":"scroll","background-type":"","background-media":"","overlay-type":"","overlay-color":"","overlay-opacity":"","overlay-gradient":""},"mobile":{"background-color":"var(--ast-global-color-5)","background-image":"","background-repeat":"repeat","background-position":"center center","background-size":"auto","background-attachment":"scroll","background-type":"","background-media":"","overlay-type":"","overlay-color":"","overlay-opacity":"","overlay-gradient":""}},"footnotes":""},"categories":[81,29],"tags":[],"class_list":["post-9566","post","type-post","status-publish","format-standard","has-post-thumbnail","hentry","category-biblioteca-escolar","category-portada"],"post_mailing_queue_ids":[],"_links":{"self":[{"href":"https:\/\/serveiseducatius.xtec.cat\/alturgell\/wp-json\/wp\/v2\/posts\/9566","targetHints":{"allow":["GET"]}}],"collection":[{"href":"https:\/\/serveiseducatius.xtec.cat\/alturgell\/wp-json\/wp\/v2\/posts"}],"about":[{"href":"https:\/\/serveiseducatius.xtec.cat\/alturgell\/wp-json\/wp\/v2\/types\/post"}],"author":[{"embeddable":true,"href":"https:\/\/serveiseducatius.xtec.cat\/alturgell\/wp-json\/wp\/v2\/users\/1"}],"replies":[{"embeddable":true,"href":"https:\/\/serveiseducatius.xtec.cat\/alturgell\/wp-json\/wp\/v2\/comments?post=9566"}],"version-history":[{"count":3,"href":"https:\/\/serveiseducatius.xtec.cat\/alturgell\/wp-json\/wp\/v2\/posts\/9566\/revisions"}],"predecessor-version":[{"id":9572,"href":"https:\/\/serveiseducatius.xtec.cat\/alturgell\/wp-json\/wp\/v2\/posts\/9566\/revisions\/9572"}],"wp:featuredmedia":[{"embeddable":true,"href":"https:\/\/serveiseducatius.xtec.cat\/alturgell\/wp-json\/wp\/v2\/media\/9570"}],"wp:attachment":[{"href":"https:\/\/serveiseducatius.xtec.cat\/alturgell\/wp-json\/wp\/v2\/media?parent=9566"}],"wp:term":[{"taxonomy":"category","embeddable":true,"href":"https:\/\/serveiseducatius.xtec.cat\/alturgell\/wp-json\/wp\/v2\/categories?post=9566"},{"taxonomy":"post_tag","embeddable":true,"href":"https:\/\/serveiseducatius.xtec.cat\/alturgell\/wp-json\/wp\/v2\/tags?post=9566"}],"curies":[{"name":"wp","href":"https:\/\/api.w.org\/{rel}","templated":true}]}}