{"id":9537,"date":"2019-03-11T16:24:22","date_gmt":"2019-03-11T15:24:22","guid":{"rendered":"http:\/\/serveiseducatius.xtec.cat\/alturgell\/?p=9537"},"modified":"2021-01-24T04:11:43","modified_gmt":"2021-01-24T03:11:43","slug":"presentacio-del-llibre-maestras-contemporaneas","status":"publish","type":"post","link":"https:\/\/serveiseducatius.xtec.cat\/alturgell\/portada\/presentacio-del-llibre-maestras-contemporaneas\/","title":{"rendered":"Presentaci\u00f3 del llibre &#8220;Maestras contempor\u00e1neas&#8221;"},"content":{"rendered":"<p>El dimecres dia 13 de mar\u00e7 la Gl\u00f2ria Jov\u00e9, professora de la UdL, ens ve a parlar del seu llibre &#8220;Maestras contempor\u00e1neas&#8221; on ens parla de nous m\u00e8todes educatius a trav\u00e9s de l&#8217;art i de com aplicar-los al curr\u00edculum escolar.<\/p>\n<p>La Gl\u00f2ria \u00e9s mestra, pedagoga i doctora en ci\u00e8ncies de l&#8217;Educaci\u00f3. L&#8217;acte estar\u00e0 presentat per N\u00faria Vilarrubla, mestra i escriptora, i exalumna de l&#8217;autora.<\/p>\n<p>Avui l&#8217;educaci\u00f3 \u00e9s un tema d&#8217;actualitat amb tots els canvis que es promouen des de la Generalitat de Catalunya en col\u00b7laboraci\u00f3 amb algunes fundacions privades.<\/p>\n<p>La presentaci\u00f3 es realitzar\u00e0 a la biblioteca Sant Agust\u00ed de la Seu d&#8217;Urgell, a les 19.30 h.<\/p>\n<p><img loading=\"lazy\" decoding=\"async\" class=\"alignnone size-full wp-image-9540\" src=\"https:\/\/serveiseducatius.xtec.cat\/alturgell\/wp-content\/uploads\/usu770\/2019\/03\/unnamed.jpg\" alt=\"\" width=\"460\" height=\"269\" srcset=\"https:\/\/serveiseducatius.xtec.cat\/alturgell\/wp-content\/uploads\/usu770\/2019\/03\/unnamed.jpg 460w, https:\/\/serveiseducatius.xtec.cat\/alturgell\/wp-content\/uploads\/usu770\/2019\/03\/unnamed-300x175.jpg 300w\" sizes=\"auto, (max-width: 460px) 100vw, 460px\" \/><\/p>\n","protected":false},"excerpt":{"rendered":"<p>El dimecres dia 13 de mar\u00e7 la Gl\u00f2ria Jov\u00e9, professora de la UdL, ens ve a parlar del seu llibre &#8220;Maestras contempor\u00e1neas&#8221; on ens parla de nous m\u00e8todes educatius a trav\u00e9s de l&#8217;art i de com aplicar-los al curr\u00edculum escolar. La Gl\u00f2ria \u00e9s mestra, pedagoga i doctora en ci\u00e8ncies de l&#8217;Educaci\u00f3. L&#8217;acte estar\u00e0 presentat per [&hellip;]<\/p>\n","protected":false},"author":1,"featured_media":9538,"comment_status":"open","ping_status":"closed","sticky":false,"template":"","format":"standard","meta":{"_bbp_topic_count":0,"_bbp_reply_count":0,"_bbp_total_topic_count":0,"_bbp_total_reply_count":0,"_bbp_voice_count":0,"_bbp_anonymous_reply_count":0,"_bbp_topic_count_hidden":0,"_bbp_reply_count_hidden":0,"_bbp_forum_subforum_count":0,"site-sidebar-layout":"default","site-content-layout":"","ast-site-content-layout":"","site-content-style":"default","site-sidebar-style":"default","ast-global-header-display":"","ast-banner-title-visibility":"","ast-main-header-display":"","ast-hfb-above-header-display":"","ast-hfb-below-header-display":"","ast-hfb-mobile-header-display":"","site-post-title":"","ast-breadcrumbs-content":"","ast-featured-img":"","footer-sml-layout":"","theme-transparent-header-meta":"","adv-header-id-meta":"","stick-header-meta":"","header-above-stick-meta":"","header-main-stick-meta":"","header-below-stick-meta":"","astra-migrate-meta-layouts":"default","ast-page-background-enabled":"default","ast-page-background-meta":{"desktop":{"background-color":"var(--ast-global-color-4)","background-image":"","background-repeat":"repeat","background-position":"center center","background-size":"auto","background-attachment":"scroll","background-type":"","background-media":"","overlay-type":"","overlay-color":"","overlay-opacity":"","overlay-gradient":""},"tablet":{"background-color":"","background-image":"","background-repeat":"repeat","background-position":"center center","background-size":"auto","background-attachment":"scroll","background-type":"","background-media":"","overlay-type":"","overlay-color":"","overlay-opacity":"","overlay-gradient":""},"mobile":{"background-color":"","background-image":"","background-repeat":"repeat","background-position":"center center","background-size":"auto","background-attachment":"scroll","background-type":"","background-media":"","overlay-type":"","overlay-color":"","overlay-opacity":"","overlay-gradient":""}},"ast-content-background-meta":{"desktop":{"background-color":"var(--ast-global-color-5)","background-image":"","background-repeat":"repeat","background-position":"center center","background-size":"auto","background-attachment":"scroll","background-type":"","background-media":"","overlay-type":"","overlay-color":"","overlay-opacity":"","overlay-gradient":""},"tablet":{"background-color":"var(--ast-global-color-5)","background-image":"","background-repeat":"repeat","background-position":"center center","background-size":"auto","background-attachment":"scroll","background-type":"","background-media":"","overlay-type":"","overlay-color":"","overlay-opacity":"","overlay-gradient":""},"mobile":{"background-color":"var(--ast-global-color-5)","background-image":"","background-repeat":"repeat","background-position":"center center","background-size":"auto","background-attachment":"scroll","background-type":"","background-media":"","overlay-type":"","overlay-color":"","overlay-opacity":"","overlay-gradient":""}},"footnotes":""},"categories":[81,181,29],"tags":[],"class_list":["post-9537","post","type-post","status-publish","format-standard","has-post-thumbnail","hentry","category-biblioteca-escolar","category-conferencies","category-portada"],"post_mailing_queue_ids":[],"_links":{"self":[{"href":"https:\/\/serveiseducatius.xtec.cat\/alturgell\/wp-json\/wp\/v2\/posts\/9537","targetHints":{"allow":["GET"]}}],"collection":[{"href":"https:\/\/serveiseducatius.xtec.cat\/alturgell\/wp-json\/wp\/v2\/posts"}],"about":[{"href":"https:\/\/serveiseducatius.xtec.cat\/alturgell\/wp-json\/wp\/v2\/types\/post"}],"author":[{"embeddable":true,"href":"https:\/\/serveiseducatius.xtec.cat\/alturgell\/wp-json\/wp\/v2\/users\/1"}],"replies":[{"embeddable":true,"href":"https:\/\/serveiseducatius.xtec.cat\/alturgell\/wp-json\/wp\/v2\/comments?post=9537"}],"version-history":[{"count":1,"href":"https:\/\/serveiseducatius.xtec.cat\/alturgell\/wp-json\/wp\/v2\/posts\/9537\/revisions"}],"predecessor-version":[{"id":9541,"href":"https:\/\/serveiseducatius.xtec.cat\/alturgell\/wp-json\/wp\/v2\/posts\/9537\/revisions\/9541"}],"wp:featuredmedia":[{"embeddable":true,"href":"https:\/\/serveiseducatius.xtec.cat\/alturgell\/wp-json\/wp\/v2\/media\/9538"}],"wp:attachment":[{"href":"https:\/\/serveiseducatius.xtec.cat\/alturgell\/wp-json\/wp\/v2\/media?parent=9537"}],"wp:term":[{"taxonomy":"category","embeddable":true,"href":"https:\/\/serveiseducatius.xtec.cat\/alturgell\/wp-json\/wp\/v2\/categories?post=9537"},{"taxonomy":"post_tag","embeddable":true,"href":"https:\/\/serveiseducatius.xtec.cat\/alturgell\/wp-json\/wp\/v2\/tags?post=9537"}],"curies":[{"name":"wp","href":"https:\/\/api.w.org\/{rel}","templated":true}]}}