{"id":9415,"date":"2018-11-27T13:30:05","date_gmt":"2018-11-27T12:30:05","guid":{"rendered":"http:\/\/serveiseducatius.xtec.cat\/alturgell\/?p=9415"},"modified":"2018-12-19T13:48:27","modified_gmt":"2018-12-19T12:48:27","slug":"entorn-daprenentatge-de-tuixent","status":"publish","type":"post","link":"https:\/\/serveiseducatius.xtec.cat\/alturgell\/portada\/entorn-daprenentatge-de-tuixent\/","title":{"rendered":"Entorn d&#8217;Aprenentatge de Tuixent"},"content":{"rendered":"<p>Enguany l\u2019Entorn compta amb nous materials de treball de camp, noves propostes did\u00e0ctiques, una oferta d\u2019 unitats did\u00e0ctiques concretes i una nova web.<\/p>\n<p>A la seva p\u00e0gina web trobareu tota la informaci\u00f3 detallada dels \u00e0mbits de treball que ofereixen,\u00a0 les tarifes, l\u2019allotjament i les modalitats d\u2019estada. Tanmateix hi ha un apartat per a facilitar les preinscripcions per al curs vinent. \u00a0<a href=\"https:\/\/www.entornaprenentatge-tuixent.com\/\" target=\"_blank\" rel=\"noopener\" data-saferedirecturl=\"https:\/\/www.google.com\/url?q=https:\/\/www.entornaprenentatge-tuixent.com\/&amp;source=gmail&amp;ust=1545309404444000&amp;usg=AFQjCNHC-htgTxI8xQeRpoYH42Gp5qmfwg\">https:\/\/www.<wbr \/>entornaprenentatge-tuixent.com<\/a><\/p>\n<p>L&#8217;Entorn d&#8217;Aprenentatge de Tuixent Cad\u00ed-Moixer\u00f3, \u00e9s un servei educatiu que pret\u00e9n interessar als nois\/es en l&#8217;estudi i descoberta dels ecosistemes de muntanya, dels seus recursos i la forma de viure d&#8217;aquests pobles. Es troba situat al Parc natural del Cad\u00ed Moixer\u00f3 i \u00e9s per aquest motiu que l&#8217;objecte d\u2019estudi es centra en la singularitat de la flora i la fauna de l&#8217;entorn i l\u2019ofici de les trementinaires de La Vall de LaVansa.<\/p>\n<p><a href=\"https:\/\/www.entornaprenentatge-tuixent.com\/\"><img loading=\"lazy\" decoding=\"async\" class=\"alignnone size-large wp-image-9417\" src=\"https:\/\/serveiseducatius.xtec.cat\/alturgell\/wp-content\/uploads\/usu770\/2018\/12\/19-12-2018-13.12.54-1-1024x299.jpg\" alt=\"\" width=\"1024\" height=\"299\" \/><\/a><\/p>\n<p>&nbsp;<\/p>\n<p>&nbsp;<\/p>\n","protected":false},"excerpt":{"rendered":"<p>Enguany l\u2019Entorn compta amb nous materials de treball de camp, noves propostes did\u00e0ctiques, una oferta d\u2019 unitats did\u00e0ctiques concretes i una nova web. A la seva p\u00e0gina web trobareu tota la informaci\u00f3 detallada dels \u00e0mbits de treball que ofereixen,\u00a0 les tarifes, l\u2019allotjament i les modalitats d\u2019estada. Tanmateix hi ha un apartat per a facilitar les [&hellip;]<\/p>\n","protected":false},"author":1,"featured_media":9416,"comment_status":"open","ping_status":"closed","sticky":false,"template":"","format":"standard","meta":{"_bbp_topic_count":0,"_bbp_reply_count":0,"_bbp_total_topic_count":0,"_bbp_total_reply_count":0,"_bbp_voice_count":0,"_bbp_anonymous_reply_count":0,"_bbp_topic_count_hidden":0,"_bbp_reply_count_hidden":0,"_bbp_forum_subforum_count":0,"site-sidebar-layout":"default","site-content-layout":"","ast-site-content-layout":"","site-content-style":"default","site-sidebar-style":"default","ast-global-header-display":"","ast-banner-title-visibility":"","ast-main-header-display":"","ast-hfb-above-header-display":"","ast-hfb-below-header-display":"","ast-hfb-mobile-header-display":"","site-post-title":"","ast-breadcrumbs-content":"","ast-featured-img":"","footer-sml-layout":"","theme-transparent-header-meta":"","adv-header-id-meta":"","stick-header-meta":"","header-above-stick-meta":"","header-main-stick-meta":"","header-below-stick-meta":"","astra-migrate-meta-layouts":"default","ast-page-background-enabled":"default","ast-page-background-meta":{"desktop":{"background-color":"var(--ast-global-color-4)","background-image":"","background-repeat":"repeat","background-position":"center center","background-size":"auto","background-attachment":"scroll","background-type":"","background-media":"","overlay-type":"","overlay-color":"","overlay-opacity":"","overlay-gradient":""},"tablet":{"background-color":"","background-image":"","background-repeat":"repeat","background-position":"center center","background-size":"auto","background-attachment":"scroll","background-type":"","background-media":"","overlay-type":"","overlay-color":"","overlay-opacity":"","overlay-gradient":""},"mobile":{"background-color":"","background-image":"","background-repeat":"repeat","background-position":"center center","background-size":"auto","background-attachment":"scroll","background-type":"","background-media":"","overlay-type":"","overlay-color":"","overlay-opacity":"","overlay-gradient":""}},"ast-content-background-meta":{"desktop":{"background-color":"var(--ast-global-color-5)","background-image":"","background-repeat":"repeat","background-position":"center center","background-size":"auto","background-attachment":"scroll","background-type":"","background-media":"","overlay-type":"","overlay-color":"","overlay-opacity":"","overlay-gradient":""},"tablet":{"background-color":"var(--ast-global-color-5)","background-image":"","background-repeat":"repeat","background-position":"center center","background-size":"auto","background-attachment":"scroll","background-type":"","background-media":"","overlay-type":"","overlay-color":"","overlay-opacity":"","overlay-gradient":""},"mobile":{"background-color":"var(--ast-global-color-5)","background-image":"","background-repeat":"repeat","background-position":"center center","background-size":"auto","background-attachment":"scroll","background-type":"","background-media":"","overlay-type":"","overlay-color":"","overlay-opacity":"","overlay-gradient":""}},"footnotes":""},"categories":[29],"tags":[],"class_list":["post-9415","post","type-post","status-publish","format-standard","has-post-thumbnail","hentry","category-portada"],"post_mailing_queue_ids":[],"_links":{"self":[{"href":"https:\/\/serveiseducatius.xtec.cat\/alturgell\/wp-json\/wp\/v2\/posts\/9415","targetHints":{"allow":["GET"]}}],"collection":[{"href":"https:\/\/serveiseducatius.xtec.cat\/alturgell\/wp-json\/wp\/v2\/posts"}],"about":[{"href":"https:\/\/serveiseducatius.xtec.cat\/alturgell\/wp-json\/wp\/v2\/types\/post"}],"author":[{"embeddable":true,"href":"https:\/\/serveiseducatius.xtec.cat\/alturgell\/wp-json\/wp\/v2\/users\/1"}],"replies":[{"embeddable":true,"href":"https:\/\/serveiseducatius.xtec.cat\/alturgell\/wp-json\/wp\/v2\/comments?post=9415"}],"version-history":[{"count":1,"href":"https:\/\/serveiseducatius.xtec.cat\/alturgell\/wp-json\/wp\/v2\/posts\/9415\/revisions"}],"predecessor-version":[{"id":9418,"href":"https:\/\/serveiseducatius.xtec.cat\/alturgell\/wp-json\/wp\/v2\/posts\/9415\/revisions\/9418"}],"wp:featuredmedia":[{"embeddable":true,"href":"https:\/\/serveiseducatius.xtec.cat\/alturgell\/wp-json\/wp\/v2\/media\/9416"}],"wp:attachment":[{"href":"https:\/\/serveiseducatius.xtec.cat\/alturgell\/wp-json\/wp\/v2\/media?parent=9415"}],"wp:term":[{"taxonomy":"category","embeddable":true,"href":"https:\/\/serveiseducatius.xtec.cat\/alturgell\/wp-json\/wp\/v2\/categories?post=9415"},{"taxonomy":"post_tag","embeddable":true,"href":"https:\/\/serveiseducatius.xtec.cat\/alturgell\/wp-json\/wp\/v2\/tags?post=9415"}],"curies":[{"name":"wp","href":"https:\/\/api.w.org\/{rel}","templated":true}]}}