{"id":9363,"date":"2018-12-11T11:38:34","date_gmt":"2018-12-11T10:38:34","guid":{"rendered":"http:\/\/serveiseducatius.xtec.cat\/alturgell\/?p=9363"},"modified":"2018-12-11T13:36:09","modified_gmt":"2018-12-11T12:36:09","slug":"jornada-per-a-tutors-de-les-aules-dacollida","status":"publish","type":"post","link":"https:\/\/serveiseducatius.xtec.cat\/alturgell\/portada\/jornada-per-a-tutors-de-les-aules-dacollida\/","title":{"rendered":"Jornada per a tutors de les aules d\u2019acollida"},"content":{"rendered":"<p>El passat dimecres 5 de desembre va tenir lloc una jornada formativa pels tutors d\u2019aula d\u2019acollida organitzada per l\u2019equip LIC de la prov\u00edncia de Lleida.<\/p>\n<p>La inspectora Montse Regada va fer l\u2019obertura de la jornada en que es van tractar temes en relaci\u00f3 a la normativa i gesti\u00f3 de centre, acollida i acompanyament emocional, metodologia i avaluaci\u00f3.<\/p>\n<p>L\u2019aula d\u2019acollida \u00e9s un espai on l\u2019alumnat nouvingut adquireix i desenvolupa la compet\u00e8ncia comunicativa per tal d\u2019accedir al curriculum i relacionar-se amb l\u2019entorn. Actualment, l\u2019Alt Urgell gaudeix de dues mitges dotacions d\u2019aules d\u2019acollida, una a prim\u00e0ria i una a secund\u00e0ria. Des de les aules de la comarca, aix\u00ed com des de tots els centres que tot i no tenir aula d\u2019acollida donen resposta als alumnes nouvinguts, s\u2019est\u00e0 realitzant una gran tasca per tal de garantir la igualtat d\u2019oportunitats i l\u2019\u00e8xit acad\u00e8mic de tots els alumnes.<\/p>\n<p><img loading=\"lazy\" decoding=\"async\" class=\"alignnone size-large wp-image-9365\" src=\"https:\/\/serveiseducatius.xtec.cat\/alturgell\/wp-content\/uploads\/usu770\/2018\/12\/11-12-2018-12.12.15-1-1024x765.jpg\" alt=\"\" width=\"1024\" height=\"765\" \/><\/p>\n","protected":false},"excerpt":{"rendered":"<p>El passat dimecres 5 de desembre va tenir lloc una jornada formativa pels tutors d\u2019aula d\u2019acollida organitzada per l\u2019equip LIC de la prov\u00edncia de Lleida. La inspectora Montse Regada va fer l\u2019obertura de la jornada en que es van tractar temes en relaci\u00f3 a la normativa i gesti\u00f3 de centre, acollida i acompanyament emocional, metodologia [&hellip;]<\/p>\n","protected":false},"author":1,"featured_media":9366,"comment_status":"open","ping_status":"closed","sticky":false,"template":"","format":"standard","meta":{"_bbp_topic_count":0,"_bbp_reply_count":0,"_bbp_total_topic_count":0,"_bbp_total_reply_count":0,"_bbp_voice_count":0,"_bbp_anonymous_reply_count":0,"_bbp_topic_count_hidden":0,"_bbp_reply_count_hidden":0,"_bbp_forum_subforum_count":0,"site-sidebar-layout":"default","site-content-layout":"","ast-site-content-layout":"","site-content-style":"default","site-sidebar-style":"default","ast-global-header-display":"","ast-banner-title-visibility":"","ast-main-header-display":"","ast-hfb-above-header-display":"","ast-hfb-below-header-display":"","ast-hfb-mobile-header-display":"","site-post-title":"","ast-breadcrumbs-content":"","ast-featured-img":"","footer-sml-layout":"","theme-transparent-header-meta":"","adv-header-id-meta":"","stick-header-meta":"","header-above-stick-meta":"","header-main-stick-meta":"","header-below-stick-meta":"","astra-migrate-meta-layouts":"default","ast-page-background-enabled":"default","ast-page-background-meta":{"desktop":{"background-color":"var(--ast-global-color-4)","background-image":"","background-repeat":"repeat","background-position":"center center","background-size":"auto","background-attachment":"scroll","background-type":"","background-media":"","overlay-type":"","overlay-color":"","overlay-opacity":"","overlay-gradient":""},"tablet":{"background-color":"","background-image":"","background-repeat":"repeat","background-position":"center center","background-size":"auto","background-attachment":"scroll","background-type":"","background-media":"","overlay-type":"","overlay-color":"","overlay-opacity":"","overlay-gradient":""},"mobile":{"background-color":"","background-image":"","background-repeat":"repeat","background-position":"center center","background-size":"auto","background-attachment":"scroll","background-type":"","background-media":"","overlay-type":"","overlay-color":"","overlay-opacity":"","overlay-gradient":""}},"ast-content-background-meta":{"desktop":{"background-color":"var(--ast-global-color-5)","background-image":"","background-repeat":"repeat","background-position":"center center","background-size":"auto","background-attachment":"scroll","background-type":"","background-media":"","overlay-type":"","overlay-color":"","overlay-opacity":"","overlay-gradient":""},"tablet":{"background-color":"var(--ast-global-color-5)","background-image":"","background-repeat":"repeat","background-position":"center center","background-size":"auto","background-attachment":"scroll","background-type":"","background-media":"","overlay-type":"","overlay-color":"","overlay-opacity":"","overlay-gradient":""},"mobile":{"background-color":"var(--ast-global-color-5)","background-image":"","background-repeat":"repeat","background-position":"center center","background-size":"auto","background-attachment":"scroll","background-type":"","background-media":"","overlay-type":"","overlay-color":"","overlay-opacity":"","overlay-gradient":""}},"footnotes":""},"categories":[68,29],"tags":[],"class_list":["post-9363","post","type-post","status-publish","format-standard","has-post-thumbnail","hentry","category-elic","category-portada"],"post_mailing_queue_ids":[],"_links":{"self":[{"href":"https:\/\/serveiseducatius.xtec.cat\/alturgell\/wp-json\/wp\/v2\/posts\/9363","targetHints":{"allow":["GET"]}}],"collection":[{"href":"https:\/\/serveiseducatius.xtec.cat\/alturgell\/wp-json\/wp\/v2\/posts"}],"about":[{"href":"https:\/\/serveiseducatius.xtec.cat\/alturgell\/wp-json\/wp\/v2\/types\/post"}],"author":[{"embeddable":true,"href":"https:\/\/serveiseducatius.xtec.cat\/alturgell\/wp-json\/wp\/v2\/users\/1"}],"replies":[{"embeddable":true,"href":"https:\/\/serveiseducatius.xtec.cat\/alturgell\/wp-json\/wp\/v2\/comments?post=9363"}],"version-history":[{"count":3,"href":"https:\/\/serveiseducatius.xtec.cat\/alturgell\/wp-json\/wp\/v2\/posts\/9363\/revisions"}],"predecessor-version":[{"id":9368,"href":"https:\/\/serveiseducatius.xtec.cat\/alturgell\/wp-json\/wp\/v2\/posts\/9363\/revisions\/9368"}],"wp:featuredmedia":[{"embeddable":true,"href":"https:\/\/serveiseducatius.xtec.cat\/alturgell\/wp-json\/wp\/v2\/media\/9366"}],"wp:attachment":[{"href":"https:\/\/serveiseducatius.xtec.cat\/alturgell\/wp-json\/wp\/v2\/media?parent=9363"}],"wp:term":[{"taxonomy":"category","embeddable":true,"href":"https:\/\/serveiseducatius.xtec.cat\/alturgell\/wp-json\/wp\/v2\/categories?post=9363"},{"taxonomy":"post_tag","embeddable":true,"href":"https:\/\/serveiseducatius.xtec.cat\/alturgell\/wp-json\/wp\/v2\/tags?post=9363"}],"curies":[{"name":"wp","href":"https:\/\/api.w.org\/{rel}","templated":true}]}}