{"id":9354,"date":"2018-12-05T09:57:12","date_gmt":"2018-12-05T08:57:12","guid":{"rendered":"http:\/\/serveiseducatius.xtec.cat\/alturgell\/?p=9354"},"modified":"2018-12-10T12:00:10","modified_gmt":"2018-12-10T11:00:10","slug":"conferencia-educar-nos-per-educar","status":"publish","type":"post","link":"https:\/\/serveiseducatius.xtec.cat\/alturgell\/portada\/conferencia-educar-nos-per-educar\/","title":{"rendered":"Confer\u00e8ncia &#8220;Educar-nos per educar&#8221;"},"content":{"rendered":"<p>El dilluns 10 de desembre, la Dra. Rosa Casafont impartir\u00e0 la confer\u00e8ncia &#8220;Educar-nos per educar&#8221; a la Sala d&#8217;Actes de l&#8217;Institut Joan Brudieu, a les 17:30 h. L&#8217;activitat est\u00e0 oberta a tothom: professorat i fam\u00edlies de l&#8217;Institut Joan Brudieu; professorat i fam\u00edlies de totes les escoles i instituts adscrits al Servei Educatiu de l&#8217;Alt Urgell-Cerdanya.<\/p>\n<p>Rosa Casafont \u00e9s Llicenciada en Medicina i Cirurgia per la Universitat Aut\u00f2noma de Barcelona. Formadora en els \u00e0mbits sanitari i educatiu. Autora dels llibres: <em>Viatge al teu cervell<\/em> i <em>Viatge al teu cervell emocional<\/em>. Coautora de <em>Gimnasia emocional y Coaching<\/em> sota la coordinaci\u00f3 de Rafel Bisquerra i coautora de <em>Educarnos para educar. Neuroaprendizaje para transformar la educaci\u00f3n<\/em>.<\/p>\n<p>El seu &#8220;repte de vida&#8221; \u00e9s el camp de les Neuroci\u00e8ncies i de la Neurobiologia del comportament. A mesura que la seva formaci\u00f3 com a metgessa s&#8217;ha anat complementant amb aquesta disciplina, s&#8217;ha reflectit en un m\u00e8tode pr\u00e0ctic i de f\u00e0cil comprensi\u00f3 un coneixement per posar a disposici\u00f3 de professionals i pacients la nostra gran capacitat de canvi i aprenentatge, dirigit a obtenir una millor qualitat de vida.<\/p>\n<p><img loading=\"lazy\" decoding=\"async\" class=\"alignnone size-full wp-image-9355\" src=\"https:\/\/serveiseducatius.xtec.cat\/alturgell\/wp-content\/uploads\/usu770\/2018\/12\/10-12-2018-9.12.9-1-e1544432387736.jpg\" alt=\"\" width=\"400\" height=\"570\" \/><\/p>\n","protected":false},"excerpt":{"rendered":"<p>El dilluns 10 de desembre, la Dra. Rosa Casafont impartir\u00e0 la confer\u00e8ncia &#8220;Educar-nos per educar&#8221; a la Sala d&#8217;Actes de l&#8217;Institut Joan Brudieu, a les 17:30 h. L&#8217;activitat est\u00e0 oberta a tothom: professorat i fam\u00edlies de l&#8217;Institut Joan Brudieu; professorat i fam\u00edlies de totes les escoles i instituts adscrits al Servei Educatiu de l&#8217;Alt Urgell-Cerdanya. [&hellip;]<\/p>\n","protected":false},"author":1,"featured_media":0,"comment_status":"open","ping_status":"closed","sticky":false,"template":"","format":"standard","meta":{"_bbp_topic_count":0,"_bbp_reply_count":0,"_bbp_total_topic_count":0,"_bbp_total_reply_count":0,"_bbp_voice_count":0,"_bbp_anonymous_reply_count":0,"_bbp_topic_count_hidden":0,"_bbp_reply_count_hidden":0,"_bbp_forum_subforum_count":0,"site-sidebar-layout":"default","site-content-layout":"","ast-site-content-layout":"","site-content-style":"default","site-sidebar-style":"default","ast-global-header-display":"","ast-banner-title-visibility":"","ast-main-header-display":"","ast-hfb-above-header-display":"","ast-hfb-below-header-display":"","ast-hfb-mobile-header-display":"","site-post-title":"","ast-breadcrumbs-content":"","ast-featured-img":"","footer-sml-layout":"","theme-transparent-header-meta":"","adv-header-id-meta":"","stick-header-meta":"","header-above-stick-meta":"","header-main-stick-meta":"","header-below-stick-meta":"","astra-migrate-meta-layouts":"default","ast-page-background-enabled":"default","ast-page-background-meta":{"desktop":{"background-color":"var(--ast-global-color-4)","background-image":"","background-repeat":"repeat","background-position":"center center","background-size":"auto","background-attachment":"scroll","background-type":"","background-media":"","overlay-type":"","overlay-color":"","overlay-opacity":"","overlay-gradient":""},"tablet":{"background-color":"","background-image":"","background-repeat":"repeat","background-position":"center center","background-size":"auto","background-attachment":"scroll","background-type":"","background-media":"","overlay-type":"","overlay-color":"","overlay-opacity":"","overlay-gradient":""},"mobile":{"background-color":"","background-image":"","background-repeat":"repeat","background-position":"center center","background-size":"auto","background-attachment":"scroll","background-type":"","background-media":"","overlay-type":"","overlay-color":"","overlay-opacity":"","overlay-gradient":""}},"ast-content-background-meta":{"desktop":{"background-color":"var(--ast-global-color-5)","background-image":"","background-repeat":"repeat","background-position":"center center","background-size":"auto","background-attachment":"scroll","background-type":"","background-media":"","overlay-type":"","overlay-color":"","overlay-opacity":"","overlay-gradient":""},"tablet":{"background-color":"var(--ast-global-color-5)","background-image":"","background-repeat":"repeat","background-position":"center center","background-size":"auto","background-attachment":"scroll","background-type":"","background-media":"","overlay-type":"","overlay-color":"","overlay-opacity":"","overlay-gradient":""},"mobile":{"background-color":"var(--ast-global-color-5)","background-image":"","background-repeat":"repeat","background-position":"center center","background-size":"auto","background-attachment":"scroll","background-type":"","background-media":"","overlay-type":"","overlay-color":"","overlay-opacity":"","overlay-gradient":""}},"footnotes":""},"categories":[181,182,29],"tags":[],"class_list":["post-9354","post","type-post","status-publish","format-standard","hentry","category-conferencies","category-noticies-centres","category-portada"],"post_mailing_queue_ids":[],"_links":{"self":[{"href":"https:\/\/serveiseducatius.xtec.cat\/alturgell\/wp-json\/wp\/v2\/posts\/9354","targetHints":{"allow":["GET"]}}],"collection":[{"href":"https:\/\/serveiseducatius.xtec.cat\/alturgell\/wp-json\/wp\/v2\/posts"}],"about":[{"href":"https:\/\/serveiseducatius.xtec.cat\/alturgell\/wp-json\/wp\/v2\/types\/post"}],"author":[{"embeddable":true,"href":"https:\/\/serveiseducatius.xtec.cat\/alturgell\/wp-json\/wp\/v2\/users\/1"}],"replies":[{"embeddable":true,"href":"https:\/\/serveiseducatius.xtec.cat\/alturgell\/wp-json\/wp\/v2\/comments?post=9354"}],"version-history":[{"count":1,"href":"https:\/\/serveiseducatius.xtec.cat\/alturgell\/wp-json\/wp\/v2\/posts\/9354\/revisions"}],"predecessor-version":[{"id":9356,"href":"https:\/\/serveiseducatius.xtec.cat\/alturgell\/wp-json\/wp\/v2\/posts\/9354\/revisions\/9356"}],"wp:attachment":[{"href":"https:\/\/serveiseducatius.xtec.cat\/alturgell\/wp-json\/wp\/v2\/media?parent=9354"}],"wp:term":[{"taxonomy":"category","embeddable":true,"href":"https:\/\/serveiseducatius.xtec.cat\/alturgell\/wp-json\/wp\/v2\/categories?post=9354"},{"taxonomy":"post_tag","embeddable":true,"href":"https:\/\/serveiseducatius.xtec.cat\/alturgell\/wp-json\/wp\/v2\/tags?post=9354"}],"curies":[{"name":"wp","href":"https:\/\/api.w.org\/{rel}","templated":true}]}}