{"id":9254,"date":"2018-09-17T11:44:08","date_gmt":"2018-09-17T09:44:08","guid":{"rendered":"http:\/\/serveiseducatius.xtec.cat\/alturgell\/?p=9254"},"modified":"2018-09-26T12:11:45","modified_gmt":"2018-09-26T10:11:45","slug":"exposicio-controles","status":"publish","type":"post","link":"https:\/\/serveiseducatius.xtec.cat\/alturgell\/portada\/exposicio-controles\/","title":{"rendered":"Exposici\u00f3: &#8220;Controles?&#8221;"},"content":{"rendered":"<p><img loading=\"lazy\" decoding=\"async\" class=\"alignleft wp-image-9258 size-full\" src=\"http:\/\/serveiseducatius.xtec.cat\/alturgell\/wp-content\/uploads\/usu770\/2018\/09\/image_preview.jpg\" alt=\"\" width=\"283\" height=\"400\" srcset=\"https:\/\/serveiseducatius.xtec.cat\/alturgell\/wp-content\/uploads\/usu770\/2018\/09\/image_preview.jpg 283w, https:\/\/serveiseducatius.xtec.cat\/alturgell\/wp-content\/uploads\/usu770\/2018\/09\/image_preview-212x300.jpg 212w\" sizes=\"auto, (max-width: 283px) 100vw, 283px\" \/>Al Centre C\u00edvic El Passeig de la Seu d\u2019Urgell es podr\u00e0 visitar, des del pr\u00f2xim <strong>dimarts 25 de setembre i fins al divendres dia 28<\/strong>, l\u2019exposici\u00f3 \u201cControles?\u201d que s\u2019adre\u00e7a a adolescents, joves i les seves fam\u00edlies<\/p>\n<p>La mostra explica els riscos de les drogues i com prevenir-ne el consum, mitjan\u00e7ant la interacci\u00f3 i les noves tecnologies, i s&#8217;organitza en tres espais diferenciats que proposen una reflexi\u00f3 cr\u00edtica i constructiva entorn d\u2019alguns dels elements relacionats amb el m\u00f3n de les drogues.<\/p>\n<p>S&#8217;ofereixen visites guiades i tallers adre\u00e7ats especialment a:<\/p>\n<ul>\n<li>adolescents entre 12 i 15 anys, alumnes de 1r i 2n cicle de l\u2019ESO<\/li>\n<li>joves de 16 i m\u00e9s, alumnes de batxillerat, cicles formatius, escoles d\u2019adults, PFI i altres<\/li>\n<li>mares i pares, professionals i adults que desitgin informar-se dels principals factors de protecci\u00f3 del consum de drogues<\/li>\n<\/ul>\n<p>L&#8217;exposici\u00f3, cedida per la Diputaci\u00f3 de Barcelona, l&#8217;ha organitzat el Servei d\u2019Ensenyament de l\u2019Ajuntament de la Seu d\u2019Urgell i l\u2019OJAU, en el marc de la campanya Control\u2019Gat.<\/p>\n","protected":false},"excerpt":{"rendered":"<p>Al Centre C\u00edvic El Passeig de la Seu d\u2019Urgell es podr\u00e0 visitar, des del pr\u00f2xim dimarts 25 de setembre i fins al divendres dia 28, l\u2019exposici\u00f3 \u201cControles?\u201d que s\u2019adre\u00e7a a adolescents, joves i les seves fam\u00edlies La mostra explica els riscos de les drogues i com prevenir-ne el consum, mitjan\u00e7ant la interacci\u00f3 i les noves [&hellip;]<\/p>\n","protected":false},"author":1,"featured_media":9255,"comment_status":"open","ping_status":"closed","sticky":false,"template":"","format":"standard","meta":{"_bbp_topic_count":0,"_bbp_reply_count":0,"_bbp_total_topic_count":0,"_bbp_total_reply_count":0,"_bbp_voice_count":0,"_bbp_anonymous_reply_count":0,"_bbp_topic_count_hidden":0,"_bbp_reply_count_hidden":0,"_bbp_forum_subforum_count":0,"site-sidebar-layout":"default","site-content-layout":"","ast-site-content-layout":"","site-content-style":"default","site-sidebar-style":"default","ast-global-header-display":"","ast-banner-title-visibility":"","ast-main-header-display":"","ast-hfb-above-header-display":"","ast-hfb-below-header-display":"","ast-hfb-mobile-header-display":"","site-post-title":"","ast-breadcrumbs-content":"","ast-featured-img":"","footer-sml-layout":"","theme-transparent-header-meta":"","adv-header-id-meta":"","stick-header-meta":"","header-above-stick-meta":"","header-main-stick-meta":"","header-below-stick-meta":"","astra-migrate-meta-layouts":"default","ast-page-background-enabled":"default","ast-page-background-meta":{"desktop":{"background-color":"var(--ast-global-color-4)","background-image":"","background-repeat":"repeat","background-position":"center center","background-size":"auto","background-attachment":"scroll","background-type":"","background-media":"","overlay-type":"","overlay-color":"","overlay-opacity":"","overlay-gradient":""},"tablet":{"background-color":"","background-image":"","background-repeat":"repeat","background-position":"center center","background-size":"auto","background-attachment":"scroll","background-type":"","background-media":"","overlay-type":"","overlay-color":"","overlay-opacity":"","overlay-gradient":""},"mobile":{"background-color":"","background-image":"","background-repeat":"repeat","background-position":"center center","background-size":"auto","background-attachment":"scroll","background-type":"","background-media":"","overlay-type":"","overlay-color":"","overlay-opacity":"","overlay-gradient":""}},"ast-content-background-meta":{"desktop":{"background-color":"var(--ast-global-color-5)","background-image":"","background-repeat":"repeat","background-position":"center center","background-size":"auto","background-attachment":"scroll","background-type":"","background-media":"","overlay-type":"","overlay-color":"","overlay-opacity":"","overlay-gradient":""},"tablet":{"background-color":"var(--ast-global-color-5)","background-image":"","background-repeat":"repeat","background-position":"center center","background-size":"auto","background-attachment":"scroll","background-type":"","background-media":"","overlay-type":"","overlay-color":"","overlay-opacity":"","overlay-gradient":""},"mobile":{"background-color":"var(--ast-global-color-5)","background-image":"","background-repeat":"repeat","background-position":"center center","background-size":"auto","background-attachment":"scroll","background-type":"","background-media":"","overlay-type":"","overlay-color":"","overlay-opacity":"","overlay-gradient":""}},"footnotes":""},"categories":[66,29],"tags":[],"class_list":["post-9254","post","type-post","status-publish","format-standard","has-post-thumbnail","hentry","category-dinamitzacio","category-portada"],"post_mailing_queue_ids":[],"_links":{"self":[{"href":"https:\/\/serveiseducatius.xtec.cat\/alturgell\/wp-json\/wp\/v2\/posts\/9254","targetHints":{"allow":["GET"]}}],"collection":[{"href":"https:\/\/serveiseducatius.xtec.cat\/alturgell\/wp-json\/wp\/v2\/posts"}],"about":[{"href":"https:\/\/serveiseducatius.xtec.cat\/alturgell\/wp-json\/wp\/v2\/types\/post"}],"author":[{"embeddable":true,"href":"https:\/\/serveiseducatius.xtec.cat\/alturgell\/wp-json\/wp\/v2\/users\/1"}],"replies":[{"embeddable":true,"href":"https:\/\/serveiseducatius.xtec.cat\/alturgell\/wp-json\/wp\/v2\/comments?post=9254"}],"version-history":[{"count":1,"href":"https:\/\/serveiseducatius.xtec.cat\/alturgell\/wp-json\/wp\/v2\/posts\/9254\/revisions"}],"predecessor-version":[{"id":9259,"href":"https:\/\/serveiseducatius.xtec.cat\/alturgell\/wp-json\/wp\/v2\/posts\/9254\/revisions\/9259"}],"wp:featuredmedia":[{"embeddable":true,"href":"https:\/\/serveiseducatius.xtec.cat\/alturgell\/wp-json\/wp\/v2\/media\/9255"}],"wp:attachment":[{"href":"https:\/\/serveiseducatius.xtec.cat\/alturgell\/wp-json\/wp\/v2\/media?parent=9254"}],"wp:term":[{"taxonomy":"category","embeddable":true,"href":"https:\/\/serveiseducatius.xtec.cat\/alturgell\/wp-json\/wp\/v2\/categories?post=9254"},{"taxonomy":"post_tag","embeddable":true,"href":"https:\/\/serveiseducatius.xtec.cat\/alturgell\/wp-json\/wp\/v2\/tags?post=9254"}],"curies":[{"name":"wp","href":"https:\/\/api.w.org\/{rel}","templated":true}]}}