{"id":9249,"date":"2018-09-26T11:42:18","date_gmt":"2018-09-26T09:42:18","guid":{"rendered":"http:\/\/serveiseducatius.xtec.cat\/alturgell\/?p=9249"},"modified":"2018-10-08T16:07:47","modified_gmt":"2018-10-08T14:07:47","slug":"codeweek","status":"publish","type":"post","link":"https:\/\/serveiseducatius.xtec.cat\/alturgell\/portada\/codeweek\/","title":{"rendered":"CodeWeek"},"content":{"rendered":"<p style=\"text-align: justify;\"><img loading=\"lazy\" decoding=\"async\" class=\"size-full wp-image-9250 alignleft\" src=\"http:\/\/serveiseducatius.xtec.cat\/alturgell\/wp-content\/uploads\/usu770\/2018\/09\/code_opt.jpg\" alt=\"\" width=\"160\" height=\"226\" \/>Del <strong>6 al 21 d&#8217;octubre<\/strong> se celebra la setmana europea de la programaci\u00f3. Com cada any, s&#8217;anima a incloure totes les activitats que feu relacionades amb la programaci\u00f3 i la rob\u00f2tica al\u00a0<a href=\"https:\/\/codeweek.eu\/events\" target=\"_blank\" rel=\"nofollow noopener\">web de la codeweek<\/a>.<\/p>\n<p style=\"text-align: justify;\">Tamb\u00e9 es proposa organitzar als centres alguna activitat durant aquests dies i fer-la p\u00fablica\u00a0al web a l&#8217;apartat &#8220;events&#8221;.\u00a0 A m\u00e9s a m\u00e9s, no cal que l&#8217;activitat sigui en aquestes dates, pot ser en qualsevol moment de l&#8217;any. Es poden afegir actuacions que es facin durant el curs relacionades amb la programaci\u00f3 i la rob\u00f2tica amb la idea de donar visibilitat a tot el que es fa als centres:<\/p>\n<div style=\"text-align: justify;\">\n<ul>\n<li>no cal que es dugui a terme exclusivament durant la setmana de la programaci\u00f3<\/li>\n<li>pot ser l&#8217;activitat docent que duguis a terme setmanalment amb els teus alumnes<\/li>\n<li>pots afegir-hi les diferents activitats que duguis a terme amb diferents grups d&#8217;alumnes<\/li>\n<\/ul>\n<\/div>\n<div style=\"text-align: justify;\">\u00a0Aquest any la Comissi\u00f3 Europea est\u00e0 especialment interessada en l&#8217;\u00e0mbit digital i proposa als docents que participin en aquestes iniciatives de la codeweek:<\/div>\n<div><\/div>\n<div style=\"text-align: justify;\">&#8211;<a href=\"https:\/\/ec.europa.eu\/education\/initiatives\/european-education-area\/digital-education-action-plan_es\">\u00a0Digital Education Action Plan<\/a><\/div>\n<p style=\"text-align: justify;\">&#8211;\u00a0<a href=\"https:\/\/ec.europa.eu\/education\/sites\/education\/files\/digital_education_action_plan-_factsheets\/Digital%20Education%20Action%20Plan-%20factsheets\/Digital%20Education_Action_6.pdf\" target=\"_blank\" rel=\"nofollow noopener\">EU Code Week in schools<\/a>.<\/p>\n<div style=\"text-align: justify;\">D&#8217;altra banda, i amb el mateix objectiu, s&#8217;ha creat la figura del\u00a0<a href=\"https:\/\/media.voog.com\/0000\/0034\/3577\/files\/Call%20for%20Leading%20Teachers.pdf\" target=\"_blank\" rel=\"noopener\" data-saferedirecturl=\"https:\/\/www.google.com\/url?hl=ca&amp;q=https:\/\/media.voog.com\/0000\/0034\/3577\/files\/Call%2520for%2520Leading%2520Teachers.pdf&amp;source=gmail&amp;ust=1538040389239000&amp;usg=AFQjCNERmuhosqp-NoZ4HNw9ImvSvQCu5g\">Leading Teacher<\/a>, docents implicats en la programaci\u00f3 a les escoles i amb empenta per promoure-la amb altres docents. S&#8217;anima a optar-hi via\u00a0<a href=\"https:\/\/ec.europa.eu\/eusurvey\/runner\/8f47a10b-8975-ef97-8b51-3bd7135a7766\" target=\"_blank\" rel=\"noopener\" data-saferedirecturl=\"https:\/\/www.google.com\/url?hl=ca&amp;q=https:\/\/ec.europa.eu\/eusurvey\/runner\/8f47a10b-8975-ef97-8b51-3bd7135a7766&amp;source=gmail&amp;ust=1538040389239000&amp;usg=AFQjCNFlW-pCb7aIXPEtEapjNvi_V6hrDQ\">aquest enlla\u00e7.<\/a><\/div>\n<div style=\"text-align: justify;\"><\/div>\n<div style=\"text-align: justify;\">L&#8217;altra iniciativa relacionada, a nivell europeu, \u00e9s la\u00a0<a href=\"https:\/\/www.eu-robotics.net\/robotics_week\/events\/erw-2018-events-\/index.html\" target=\"_blank\" rel=\"noopener\" data-saferedirecturl=\"https:\/\/www.google.com\/url?hl=ca&amp;q=https:\/\/www.eu-robotics.net\/robotics_week\/events\/erw-2018-events-\/index.html&amp;source=gmail&amp;ust=1538040389239000&amp;usg=AFQjCNGak7UTUAOyywAi4fPW5MJpT-XPDA\">European Robotics Week<\/a>, en la qu\u00e8 tamb\u00e9 s&#8217;anima a afegir-hi les activitats que feu als centres.<\/div>\n<div style=\"text-align: justify;\"><\/div>\n<div>\n<div><\/div>\n<div><a href=\"https:\/\/codeweek.eu\/\"><img loading=\"lazy\" decoding=\"async\" class=\"alignnone wp-image-1446\" src=\"http:\/\/serveiseducatius.xtec.cat\/alturgell\/wp-content\/uploads\/usu770\/2017\/09\/flecha.gif\" alt=\"\" width=\"11\" height=\"12\" \/> M\u00e9s informaci\u00f3<\/a><\/div>\n<div><i>\u00a0<\/i><\/div>\n<div><\/div>\n<div><i>\u00a0<\/i><\/div>\n<\/div>\n<p>&nbsp;<\/p>\n","protected":false},"excerpt":{"rendered":"<p>Del 6 al 21 d&#8217;octubre se celebra la setmana europea de la programaci\u00f3. Com cada any, s&#8217;anima a incloure totes les activitats que feu relacionades amb la programaci\u00f3 i la rob\u00f2tica al\u00a0web de la codeweek. Tamb\u00e9 es proposa organitzar als centres alguna activitat durant aquests dies i fer-la p\u00fablica\u00a0al web a l&#8217;apartat &#8220;events&#8221;.\u00a0 A m\u00e9s [&hellip;]<\/p>\n","protected":false},"author":1,"featured_media":9251,"comment_status":"open","ping_status":"closed","sticky":false,"template":"","format":"standard","meta":{"_bbp_topic_count":0,"_bbp_reply_count":0,"_bbp_total_topic_count":0,"_bbp_total_reply_count":0,"_bbp_voice_count":0,"_bbp_anonymous_reply_count":0,"_bbp_topic_count_hidden":0,"_bbp_reply_count_hidden":0,"_bbp_forum_subforum_count":0,"site-sidebar-layout":"default","site-content-layout":"","ast-site-content-layout":"","site-content-style":"default","site-sidebar-style":"default","ast-global-header-display":"","ast-banner-title-visibility":"","ast-main-header-display":"","ast-hfb-above-header-display":"","ast-hfb-below-header-display":"","ast-hfb-mobile-header-display":"","site-post-title":"","ast-breadcrumbs-content":"","ast-featured-img":"","footer-sml-layout":"","theme-transparent-header-meta":"","adv-header-id-meta":"","stick-header-meta":"","header-above-stick-meta":"","header-main-stick-meta":"","header-below-stick-meta":"","astra-migrate-meta-layouts":"default","ast-page-background-enabled":"default","ast-page-background-meta":{"desktop":{"background-color":"var(--ast-global-color-4)","background-image":"","background-repeat":"repeat","background-position":"center center","background-size":"auto","background-attachment":"scroll","background-type":"","background-media":"","overlay-type":"","overlay-color":"","overlay-opacity":"","overlay-gradient":""},"tablet":{"background-color":"","background-image":"","background-repeat":"repeat","background-position":"center center","background-size":"auto","background-attachment":"scroll","background-type":"","background-media":"","overlay-type":"","overlay-color":"","overlay-opacity":"","overlay-gradient":""},"mobile":{"background-color":"","background-image":"","background-repeat":"repeat","background-position":"center center","background-size":"auto","background-attachment":"scroll","background-type":"","background-media":"","overlay-type":"","overlay-color":"","overlay-opacity":"","overlay-gradient":""}},"ast-content-background-meta":{"desktop":{"background-color":"var(--ast-global-color-5)","background-image":"","background-repeat":"repeat","background-position":"center center","background-size":"auto","background-attachment":"scroll","background-type":"","background-media":"","overlay-type":"","overlay-color":"","overlay-opacity":"","overlay-gradient":""},"tablet":{"background-color":"var(--ast-global-color-5)","background-image":"","background-repeat":"repeat","background-position":"center center","background-size":"auto","background-attachment":"scroll","background-type":"","background-media":"","overlay-type":"","overlay-color":"","overlay-opacity":"","overlay-gradient":""},"mobile":{"background-color":"var(--ast-global-color-5)","background-image":"","background-repeat":"repeat","background-position":"center center","background-size":"auto","background-attachment":"scroll","background-type":"","background-media":"","overlay-type":"","overlay-color":"","overlay-opacity":"","overlay-gradient":""}},"footnotes":""},"categories":[78,29],"tags":[],"class_list":["post-9249","post","type-post","status-publish","format-standard","has-post-thumbnail","hentry","category-tac","category-portada"],"post_mailing_queue_ids":[],"_links":{"self":[{"href":"https:\/\/serveiseducatius.xtec.cat\/alturgell\/wp-json\/wp\/v2\/posts\/9249","targetHints":{"allow":["GET"]}}],"collection":[{"href":"https:\/\/serveiseducatius.xtec.cat\/alturgell\/wp-json\/wp\/v2\/posts"}],"about":[{"href":"https:\/\/serveiseducatius.xtec.cat\/alturgell\/wp-json\/wp\/v2\/types\/post"}],"author":[{"embeddable":true,"href":"https:\/\/serveiseducatius.xtec.cat\/alturgell\/wp-json\/wp\/v2\/users\/1"}],"replies":[{"embeddable":true,"href":"https:\/\/serveiseducatius.xtec.cat\/alturgell\/wp-json\/wp\/v2\/comments?post=9249"}],"version-history":[{"count":4,"href":"https:\/\/serveiseducatius.xtec.cat\/alturgell\/wp-json\/wp\/v2\/posts\/9249\/revisions"}],"predecessor-version":[{"id":9285,"href":"https:\/\/serveiseducatius.xtec.cat\/alturgell\/wp-json\/wp\/v2\/posts\/9249\/revisions\/9285"}],"wp:featuredmedia":[{"embeddable":true,"href":"https:\/\/serveiseducatius.xtec.cat\/alturgell\/wp-json\/wp\/v2\/media\/9251"}],"wp:attachment":[{"href":"https:\/\/serveiseducatius.xtec.cat\/alturgell\/wp-json\/wp\/v2\/media?parent=9249"}],"wp:term":[{"taxonomy":"category","embeddable":true,"href":"https:\/\/serveiseducatius.xtec.cat\/alturgell\/wp-json\/wp\/v2\/categories?post=9249"},{"taxonomy":"post_tag","embeddable":true,"href":"https:\/\/serveiseducatius.xtec.cat\/alturgell\/wp-json\/wp\/v2\/tags?post=9249"}],"curies":[{"name":"wp","href":"https:\/\/api.w.org\/{rel}","templated":true}]}}