{"id":21201,"date":"2026-09-04T11:28:51","date_gmt":"2026-09-04T09:28:51","guid":{"rendered":"https:\/\/serveiseducatius.xtec.cat\/alturgell\/?p=21201"},"modified":"2026-09-04T11:31:27","modified_gmt":"2026-09-04T09:31:27","slug":"programa-formatiu-per-a-la-prevencio-de-lassetjament-escolar","status":"publish","type":"post","link":"https:\/\/serveiseducatius.xtec.cat\/alturgell\/portada\/programa-formatiu-per-a-la-prevencio-de-lassetjament-escolar\/","title":{"rendered":"Programa formatiu per a la prevenci\u00f3 de l&#8217;assetjament escolar"},"content":{"rendered":"\n<p>Des de l\u2019equip t\u00e8cnic del programa #aquiproubullying han impulsat la creaci\u00f3 d&#8217;un<strong> <\/strong>programa formatiu per a la prevenci\u00f3 de l&#8217;assetjament escolar en format en l\u00ednia que consta de<strong> dos cursos. <\/strong>Els cursos compten amb el suport d&#8217;un tutor o tutora que far\u00e0 l&#8217;acompanyament de les tasques entregades de forma personalitzada i \u00e9s en format as\u00edncron. <\/p>\n\n\n\n<p><strong><em>Prevenci\u00f3 de l&#8217;assetjament escolar: Sensibilitzaci\u00f3 i observaci\u00f3 conscient<\/em><\/strong>, \u00e9s un curs introductori sobre el concepte d&#8217;assetjament, la difer\u00e8ncia entre conflicte, viol\u00e8ncia i agressivitat, i entra en dues de les tres estrat\u00e8gies preventives que s\u00f3n la sensibilitzaci\u00f3 i l\u2019observaci\u00f3 conscient.<br><img loading=\"lazy\" decoding=\"async\" src=\"https:\/\/mail.google.com\/mail\/u\/0?ui=2&amp;ik=6bf28737bf&amp;attid=0.1&amp;permmsgid=msg-f:1875383664689793471&amp;th=1a06b381bf67c9bf&amp;view=fimg&amp;fur=ip&amp;permmsgid=msg-f:1875383664689793471&amp;sz=s0-l75-ft&amp;attbid=ANGjdJ__q_DQiGMHUw10bCwWXVNIKCZCH8EkcqrCyiOiIvetZDdH-ID2oeCo_bMYSCsxrtOpMUKwrvdSawdmmcjTaejulUllif97YiGDkHbR_6VVG5bMftUxLyP4OIY&amp;disp=emb&amp;realattid=ii_mrxafh6p0&amp;zw\" alt=\"image.png\" width=\"250\" height=\"141\"><\/p>\n\n\n\n<p><strong>Inscripcions:<\/strong><strong> <\/strong>del 4 al 20 de setembre de 2026<\/p>\n\n\n\n<p><strong>Dates del curs: <\/strong>20\/10\/2026 fins a 17\/11\/2026<\/p>\n\n\n\n<p><strong>Hores:<\/strong> 20h<\/p>\n\n\n\n<p><strong>Codi activitat:<\/strong> <a href=\"tel:(900)%20200-0517\" target=\"_blank\" rel=\"noreferrer noopener\">9002000517<\/a><\/p>\n\n\n\n<p><strong>Enlla\u00e7 a la inscripci\u00f3: <\/strong><a href=\"https:\/\/aplicacions.gestioeducativa.gencat.cat\/ords\/pls\/soloas\/inscripcionsnp?codi=9002000517&amp;curs=2026-2027\" target=\"_blank\" rel=\"noreferrer noopener\"><strong>Prevenci\u00f3 de l&#8217;assetjament escolar: sensibilitzaci\u00f3 i observaci\u00f3 conscient.<\/strong><\/a><\/p>\n\n\n\n<p><\/p>\n\n\n\n<p><\/p>\n\n\n\n<p><strong><em>Prevenci\u00f3 de l&#8217;assetjament escolar: <\/em><\/strong><em>Provenci\u00f3<\/em><strong>,&nbsp; <\/strong>que ens acompanyar\u00e0 a reflexionar sobre el concepte de provenci\u00f3, com aplicar-la en la creaci\u00f3 i formaci\u00f3 de grups i la import\u00e0ncia del desenvolupament de l&#8217;educaci\u00f3 socioemocional, situant la provenci\u00f3 com una de les estrat\u00e8gies preventives m\u00e9s importants. Per a inscriure\u2019t a aquest segon curs recomanem haver cursat el primer.<\/p>\n\n\n\n<p><\/p>\n\n\n\n<figure class=\"wp-block-image alignleft size-large is-resized\"><a href=\"https:\/\/serveiseducatius.xtec.cat\/alturgell\/wp-content\/uploads\/usu770\/2026\/09\/image.png\"><img loading=\"lazy\" decoding=\"async\" width=\"1024\" height=\"576\" src=\"https:\/\/serveiseducatius.xtec.cat\/alturgell\/wp-content\/uploads\/usu770\/2026\/09\/image-1024x576.png\" alt=\"\" class=\"wp-image-21202\" style=\"width:279px;height:auto\" srcset=\"https:\/\/serveiseducatius.xtec.cat\/alturgell\/wp-content\/uploads\/usu770\/2026\/09\/image-1024x576.png 1024w, https:\/\/serveiseducatius.xtec.cat\/alturgell\/wp-content\/uploads\/usu770\/2026\/09\/image-300x169.png 300w, https:\/\/serveiseducatius.xtec.cat\/alturgell\/wp-content\/uploads\/usu770\/2026\/09\/image-768x432.png 768w, https:\/\/serveiseducatius.xtec.cat\/alturgell\/wp-content\/uploads\/usu770\/2026\/09\/image-1536x864.png 1536w, https:\/\/serveiseducatius.xtec.cat\/alturgell\/wp-content\/uploads\/usu770\/2026\/09\/image.png 1920w\" sizes=\"auto, (max-width: 1024px) 100vw, 1024px\" \/><\/a><\/figure>\n\n\n\n<p><strong>Inscripcions: <\/strong>del 4 al 20 de setembre de 2026<\/p>\n\n\n\n<p><strong>Dates del curs: <\/strong>20\/10\/2026 fins a 01\/12\/2026<\/p>\n\n\n\n<p><strong>Hores:<\/strong> 30 h<\/p>\n\n\n\n<p><strong>Codi activitat:<\/strong> <a href=\"tel:(900)%20300-0517\" target=\"_blank\" rel=\"noreferrer noopener\">9003000517<\/a><\/p>\n\n\n\n<p><strong>Enlla\u00e7 a la inscripci\u00f3: <\/strong><a href=\"https:\/\/aplicacions.gestioeducativa.gencat.cat\/ords\/pls\/soloas\/inscripcionsnp?codi=9003000517&amp;curs=2026-2027\" target=\"_blank\" rel=\"noreferrer noopener\"><strong>Prevenci\u00f3 de l&#8217;assetjament escolar: provenci\u00f3<\/strong>.<\/a><\/p>\n","protected":false},"excerpt":{"rendered":"<p>Des de l\u2019equip t\u00e8cnic del programa #aquiproubullying han impulsat la creaci\u00f3 d&#8217;un programa formatiu per a la prevenci\u00f3 de l&#8217;assetjament escolar en format en l\u00ednia que consta de dos cursos. Els cursos compten amb el suport d&#8217;un tutor o tutora que far\u00e0 l&#8217;acompanyament de les tasques entregades de forma personalitzada i \u00e9s en format as\u00edncron. [&hellip;]<\/p>\n","protected":false},"author":1,"featured_media":21203,"comment_status":"open","ping_status":"open","sticky":false,"template":"","format":"standard","meta":{"_bbp_topic_count":0,"_bbp_reply_count":0,"_bbp_total_topic_count":0,"_bbp_total_reply_count":0,"_bbp_voice_count":0,"_bbp_anonymous_reply_count":0,"_bbp_topic_count_hidden":0,"_bbp_reply_count_hidden":0,"_bbp_forum_subforum_count":0,"site-sidebar-layout":"default","site-content-layout":"","ast-site-content-layout":"default","site-content-style":"default","site-sidebar-style":"default","ast-global-header-display":"","ast-banner-title-visibility":"","ast-main-header-display":"","ast-hfb-above-header-display":"","ast-hfb-below-header-display":"","ast-hfb-mobile-header-display":"","site-post-title":"","ast-breadcrumbs-content":"","ast-featured-img":"","footer-sml-layout":"","theme-transparent-header-meta":"","adv-header-id-meta":"","stick-header-meta":"","header-above-stick-meta":"","header-main-stick-meta":"","header-below-stick-meta":"","astra-migrate-meta-layouts":"set","ast-page-background-enabled":"default","ast-page-background-meta":{"desktop":{"background-color":"var(--ast-global-color-4)","background-image":"","background-repeat":"repeat","background-position":"center center","background-size":"auto","background-attachment":"scroll","background-type":"","background-media":"","overlay-type":"","overlay-color":"","overlay-opacity":"","overlay-gradient":""},"tablet":{"background-color":"","background-image":"","background-repeat":"repeat","background-position":"center center","background-size":"auto","background-attachment":"scroll","background-type":"","background-media":"","overlay-type":"","overlay-color":"","overlay-opacity":"","overlay-gradient":""},"mobile":{"background-color":"","background-image":"","background-repeat":"repeat","background-position":"center center","background-size":"auto","background-attachment":"scroll","background-type":"","background-media":"","overlay-type":"","overlay-color":"","overlay-opacity":"","overlay-gradient":""}},"ast-content-background-meta":{"desktop":{"background-color":"var(--ast-global-color-5)","background-image":"","background-repeat":"repeat","background-position":"center center","background-size":"auto","background-attachment":"scroll","background-type":"","background-media":"","overlay-type":"","overlay-color":"","overlay-opacity":"","overlay-gradient":""},"tablet":{"background-color":"var(--ast-global-color-5)","background-image":"","background-repeat":"repeat","background-position":"center center","background-size":"auto","background-attachment":"scroll","background-type":"","background-media":"","overlay-type":"","overlay-color":"","overlay-opacity":"","overlay-gradient":""},"mobile":{"background-color":"var(--ast-global-color-5)","background-image":"","background-repeat":"repeat","background-position":"center center","background-size":"auto","background-attachment":"scroll","background-type":"","background-media":"","overlay-type":"","overlay-color":"","overlay-opacity":"","overlay-gradient":""}},"footnotes":""},"categories":[175,29],"tags":[],"class_list":["post-21201","post","type-post","status-publish","format-standard","has-post-thumbnail","hentry","category-formacio","category-portada"],"post_mailing_queue_ids":[],"_links":{"self":[{"href":"https:\/\/serveiseducatius.xtec.cat\/alturgell\/wp-json\/wp\/v2\/posts\/21201","targetHints":{"allow":["GET"]}}],"collection":[{"href":"https:\/\/serveiseducatius.xtec.cat\/alturgell\/wp-json\/wp\/v2\/posts"}],"about":[{"href":"https:\/\/serveiseducatius.xtec.cat\/alturgell\/wp-json\/wp\/v2\/types\/post"}],"author":[{"embeddable":true,"href":"https:\/\/serveiseducatius.xtec.cat\/alturgell\/wp-json\/wp\/v2\/users\/1"}],"replies":[{"embeddable":true,"href":"https:\/\/serveiseducatius.xtec.cat\/alturgell\/wp-json\/wp\/v2\/comments?post=21201"}],"version-history":[{"count":2,"href":"https:\/\/serveiseducatius.xtec.cat\/alturgell\/wp-json\/wp\/v2\/posts\/21201\/revisions"}],"predecessor-version":[{"id":21206,"href":"https:\/\/serveiseducatius.xtec.cat\/alturgell\/wp-json\/wp\/v2\/posts\/21201\/revisions\/21206"}],"wp:featuredmedia":[{"embeddable":true,"href":"https:\/\/serveiseducatius.xtec.cat\/alturgell\/wp-json\/wp\/v2\/media\/21203"}],"wp:attachment":[{"href":"https:\/\/serveiseducatius.xtec.cat\/alturgell\/wp-json\/wp\/v2\/media?parent=21201"}],"wp:term":[{"taxonomy":"category","embeddable":true,"href":"https:\/\/serveiseducatius.xtec.cat\/alturgell\/wp-json\/wp\/v2\/categories?post=21201"},{"taxonomy":"post_tag","embeddable":true,"href":"https:\/\/serveiseducatius.xtec.cat\/alturgell\/wp-json\/wp\/v2\/tags?post=21201"}],"curies":[{"name":"wp","href":"https:\/\/api.w.org\/{rel}","templated":true}]}}