{"id":20831,"date":"2026-04-28T10:38:16","date_gmt":"2026-04-28T08:38:16","guid":{"rendered":"https:\/\/serveiseducatius.xtec.cat\/alturgell\/?p=20831"},"modified":"2026-04-28T10:38:42","modified_gmt":"2026-04-28T08:38:42","slug":"xviii-jornada-de-programacio-i-robotica-educatives","status":"publish","type":"post","link":"https:\/\/serveiseducatius.xtec.cat\/alturgell\/general\/xviii-jornada-de-programacio-i-robotica-educatives\/","title":{"rendered":"XVIII Jornada de Programaci\u00f3 i\u00a0Rob\u00f2tica Educatives"},"content":{"rendered":"\n<figure class=\"wp-block-image size-large is-resized\"><a href=\"https:\/\/serveiseducatius.xtec.cat\/alturgell\/wp-content\/uploads\/usu770\/2026\/04\/Imatges-web-22-e1777365452367.png\"><img loading=\"lazy\" decoding=\"async\" width=\"1024\" height=\"590\" src=\"https:\/\/serveiseducatius.xtec.cat\/alturgell\/wp-content\/uploads\/usu770\/2026\/04\/Imatges-web-22-e1777365452367-1024x590.png\" alt=\"\" class=\"wp-image-20832\" style=\"width:527px;height:auto\" srcset=\"https:\/\/serveiseducatius.xtec.cat\/alturgell\/wp-content\/uploads\/usu770\/2026\/04\/Imatges-web-22-e1777365452367-1024x590.png 1024w, https:\/\/serveiseducatius.xtec.cat\/alturgell\/wp-content\/uploads\/usu770\/2026\/04\/Imatges-web-22-e1777365452367-300x173.png 300w, https:\/\/serveiseducatius.xtec.cat\/alturgell\/wp-content\/uploads\/usu770\/2026\/04\/Imatges-web-22-e1777365452367-768x442.png 768w, https:\/\/serveiseducatius.xtec.cat\/alturgell\/wp-content\/uploads\/usu770\/2026\/04\/Imatges-web-22-e1777365452367.png 1066w\" sizes=\"auto, (max-width: 1024px) 100vw, 1024px\" \/><\/a><\/figure>\n\n\n\n<p>El proper dissabte 16 de maig, el Citilab de Cornell\u00e0 de Llobregat se celebrar\u00e0 la XVIII edici\u00f3 de la Jornada de Programaci\u00f3 i Rob\u00f2tica Educatives, una cita imprescindible per descobrir com la tecnologia est\u00e0 transformant l&#8217;aprenentatge a les nostres aules. \u00c9s una jornada adre\u00e7ada a docents d&#8217;educaci\u00f3 infantil i prim\u00e0ria. <\/p>\n\n\n\n<p>Es tracta d&#8217;una oportunitat \u00fanica per con\u00e8ixer de primera m\u00e0 com eines com la rob\u00f2tica, la fabricaci\u00f3 digital (impressi\u00f3 3D, tall l\u00e0ser&#8230;) o la intel\u00b7lig\u00e8ncia artificial ajuden els alumnes a desenvolupar les seves compet\u00e8ncies digitals.<\/p>\n\n\n\n<h3 class=\"wp-block-heading\">Qu\u00e8 hi trobar\u00e0s?<\/h3>\n\n\n\n<p>La jornada est\u00e0 pensada per aprofitar el temps al m\u00e0xim amb quatre espais diferenciats:<\/p>\n\n\n\n<ul class=\"wp-block-list\">\n<li>Tallers pr\u00e0ctics: Sessions enfocades a aprendre a aplicar tecnologies concretes (des de realitat virtual fins a disseny 2D i 3D) a diferents mat\u00e8ries.<\/li>\n\n\n\n<li>Intercanvi d&#8217;experi\u00e8ncies<strong>:<\/strong> Un espai on docents de tot el territori compartiran els seus projectes d&#8217;aula. \u00c9s el moment ideal per fer preguntes, aprendre de companys i debatre sobre pedagogia.<\/li>\n\n\n\n<li>Fira d&#8217;empreses: Un aparador amb les \u00faltimes novetats en tecnologia educativa i tallers demostratius per provar les eines m\u00e9s actuals.<\/li>\n\n\n\n<li>Fira d&#8217;alumnes (&#8220;Robots en acci\u00f3!&#8221;): El moment m\u00e9s inspirador de la jornada, on els estudiants seran els protagonistes mostrant els seus propis projectes i prototips en directe.<\/li>\n<\/ul>\n\n\n\n<h3 class=\"wp-block-heading\">Horari de la jornada<\/h3>\n\n\n\n<p>La trobada comen\u00e7ar\u00e0 a les 8.30 h amb l&#8217;acreditaci\u00f3 i acabar\u00e0 a les 14.00 h amb la cloenda i el sorteig d&#8217;obsequis. Durant tot el mat\u00ed, els assistents podran escollir entre participar en tallers, visitar la fira d&#8217;empreses o con\u00e8ixer les experi\u00e8ncies que porten altres centres.<\/p>\n\n\n\n<h3 class=\"wp-block-heading\">Com participar-hi?<\/h3>\n\n\n\n<p>No et perdis aquesta jornada de formaci\u00f3 i networking. Les places s\u00f3n limitades i el formulari d&#8217;inscripci\u00f3 ja est\u00e0 obert.<\/p>\n\n\n\n<p><a href=\"https:\/\/programacioirobotica.github.io\/JPRE26\/\">Enlla\u00e7 al formulari d&#8217;inscripci\u00f3<\/a><\/p>\n\n\n\n<p><\/p>\n","protected":false},"excerpt":{"rendered":"<p>El proper dissabte 16 de maig, el Citilab de Cornell\u00e0 de Llobregat se celebrar\u00e0 la XVIII edici\u00f3 de la Jornada de Programaci\u00f3 i Rob\u00f2tica Educatives, una cita imprescindible per descobrir com la tecnologia est\u00e0 transformant l&#8217;aprenentatge a les nostres aules. \u00c9s una jornada adre\u00e7ada a docents d&#8217;educaci\u00f3 infantil i prim\u00e0ria. Es tracta d&#8217;una oportunitat \u00fanica [&hellip;]<\/p>\n","protected":false},"author":1,"featured_media":20832,"comment_status":"open","ping_status":"open","sticky":false,"template":"","format":"standard","meta":{"_bbp_topic_count":0,"_bbp_reply_count":0,"_bbp_total_topic_count":0,"_bbp_total_reply_count":0,"_bbp_voice_count":0,"_bbp_anonymous_reply_count":0,"_bbp_topic_count_hidden":0,"_bbp_reply_count_hidden":0,"_bbp_forum_subforum_count":0,"site-sidebar-layout":"default","site-content-layout":"","ast-site-content-layout":"default","site-content-style":"default","site-sidebar-style":"default","ast-global-header-display":"","ast-banner-title-visibility":"","ast-main-header-display":"","ast-hfb-above-header-display":"","ast-hfb-below-header-display":"","ast-hfb-mobile-header-display":"","site-post-title":"","ast-breadcrumbs-content":"","ast-featured-img":"","footer-sml-layout":"","theme-transparent-header-meta":"","adv-header-id-meta":"","stick-header-meta":"","header-above-stick-meta":"","header-main-stick-meta":"","header-below-stick-meta":"","astra-migrate-meta-layouts":"set","ast-page-background-enabled":"default","ast-page-background-meta":{"desktop":{"background-color":"var(--ast-global-color-4)","background-image":"","background-repeat":"repeat","background-position":"center center","background-size":"auto","background-attachment":"scroll","background-type":"","background-media":"","overlay-type":"","overlay-color":"","overlay-opacity":"","overlay-gradient":""},"tablet":{"background-color":"","background-image":"","background-repeat":"repeat","background-position":"center center","background-size":"auto","background-attachment":"scroll","background-type":"","background-media":"","overlay-type":"","overlay-color":"","overlay-opacity":"","overlay-gradient":""},"mobile":{"background-color":"","background-image":"","background-repeat":"repeat","background-position":"center center","background-size":"auto","background-attachment":"scroll","background-type":"","background-media":"","overlay-type":"","overlay-color":"","overlay-opacity":"","overlay-gradient":""}},"ast-content-background-meta":{"desktop":{"background-color":"var(--ast-global-color-5)","background-image":"","background-repeat":"repeat","background-position":"center center","background-size":"auto","background-attachment":"scroll","background-type":"","background-media":"","overlay-type":"","overlay-color":"","overlay-opacity":"","overlay-gradient":""},"tablet":{"background-color":"var(--ast-global-color-5)","background-image":"","background-repeat":"repeat","background-position":"center center","background-size":"auto","background-attachment":"scroll","background-type":"","background-media":"","overlay-type":"","overlay-color":"","overlay-opacity":"","overlay-gradient":""},"mobile":{"background-color":"var(--ast-global-color-5)","background-image":"","background-repeat":"repeat","background-position":"center center","background-size":"auto","background-attachment":"scroll","background-type":"","background-media":"","overlay-type":"","overlay-color":"","overlay-opacity":"","overlay-gradient":""}},"footnotes":""},"categories":[78,1,29],"tags":[],"class_list":["post-20831","post","type-post","status-publish","format-standard","has-post-thumbnail","hentry","category-tac","category-general","category-portada"],"post_mailing_queue_ids":[],"_links":{"self":[{"href":"https:\/\/serveiseducatius.xtec.cat\/alturgell\/wp-json\/wp\/v2\/posts\/20831","targetHints":{"allow":["GET"]}}],"collection":[{"href":"https:\/\/serveiseducatius.xtec.cat\/alturgell\/wp-json\/wp\/v2\/posts"}],"about":[{"href":"https:\/\/serveiseducatius.xtec.cat\/alturgell\/wp-json\/wp\/v2\/types\/post"}],"author":[{"embeddable":true,"href":"https:\/\/serveiseducatius.xtec.cat\/alturgell\/wp-json\/wp\/v2\/users\/1"}],"replies":[{"embeddable":true,"href":"https:\/\/serveiseducatius.xtec.cat\/alturgell\/wp-json\/wp\/v2\/comments?post=20831"}],"version-history":[{"count":1,"href":"https:\/\/serveiseducatius.xtec.cat\/alturgell\/wp-json\/wp\/v2\/posts\/20831\/revisions"}],"predecessor-version":[{"id":20833,"href":"https:\/\/serveiseducatius.xtec.cat\/alturgell\/wp-json\/wp\/v2\/posts\/20831\/revisions\/20833"}],"wp:featuredmedia":[{"embeddable":true,"href":"https:\/\/serveiseducatius.xtec.cat\/alturgell\/wp-json\/wp\/v2\/media\/20832"}],"wp:attachment":[{"href":"https:\/\/serveiseducatius.xtec.cat\/alturgell\/wp-json\/wp\/v2\/media?parent=20831"}],"wp:term":[{"taxonomy":"category","embeddable":true,"href":"https:\/\/serveiseducatius.xtec.cat\/alturgell\/wp-json\/wp\/v2\/categories?post=20831"},{"taxonomy":"post_tag","embeddable":true,"href":"https:\/\/serveiseducatius.xtec.cat\/alturgell\/wp-json\/wp\/v2\/tags?post=20831"}],"curies":[{"name":"wp","href":"https:\/\/api.w.org\/{rel}","templated":true}]}}