{"id":20829,"date":"2026-04-28T11:08:23","date_gmt":"2026-04-28T09:08:23","guid":{"rendered":"https:\/\/serveiseducatius.xtec.cat\/alturgell\/?p=20829"},"modified":"2026-04-28T13:15:37","modified_gmt":"2026-04-28T11:15:37","slug":"inscripcions-camps-daprenentatge-curs-2026-2027","status":"publish","type":"post","link":"https:\/\/serveiseducatius.xtec.cat\/alturgell\/general\/inscripcions-camps-daprenentatge-curs-2026-2027\/","title":{"rendered":"Inscripcions Camps d&#8217;Aprenentatge curs 2026 &#8211; 2027"},"content":{"rendered":"\n<p>S\u2019ha obert e<strong>l per\u00edode d\u2019inscripci\u00f3<\/strong>\u00a0dels\u00a0<strong>camps i entorns d\u2019aprenentatge<\/strong>\u00a0pel nou curs.<\/p>\n\n\n\n<p>L\u2019 Alt Urgell ofereix activitats <strong><a href=\"https:\/\/serveiseducatius.xtec.cat\/edatuixent\/\">Camp d\u2019Aprenentatge de Tuixent<\/a><\/strong>, que est\u00e0 situat a l\u2019Alt Urgell, al Parc Natural del Cad\u00ed-Moixer\u00f3.\u00a0<\/p>\n\n\n\n<p>Les activitats del Camp d\u2019Aprenentatge es divideixen en tres grans \u00e0mbits:<\/p>\n\n\n\n<ul class=\"wp-block-list\">\n<li><strong>Tuixent com a poble de muntanya<\/strong>, on es pret\u00e9n observar l\u2019arquitectura d\u2019un poble de muntanya i l\u2019estudi de diferents problem\u00e0tiques actuals i socials com pot ser, per exemple, la sequera o els canvis en el paisatge provocats per l\u2019abandonament dels camps de conreu.<\/li>\n<\/ul>\n\n\n\n<ul class=\"wp-block-list\">\n<li><strong>Les Trementinaires<\/strong>\u00a0i la seva hist\u00f2ria, que s\u2019explica a trav\u00e9s de la visita al museu, les diferents activitats de coneixement i manipulaci\u00f3 de plantes remeieres i els itineraris pel jard\u00ed bot\u00e0nic de les trementinaires o la ruta de les plantes medicinals.<\/li>\n<\/ul>\n\n\n\n<ul class=\"wp-block-list\">\n<li><strong>El Parc Natural Cad\u00ed Moixer\u00f3<\/strong>\u00a0amb diferents experi\u00e8ncies a l\u2019exterior com l\u2019estudi del riu de Mola, la interpretaci\u00f3 de rastres d\u2019animals, la visita al centre de flora o la descoberta dels tresors geol\u00f2gics que sostenen tot aquest entorn.<\/li>\n<\/ul>\n\n\n\n<p>Inscripcions de l&#8217;<strong>1 al 31 de maig<\/strong> en aquest <a href=\"https:\/\/xtec.gencat.cat\/ca\/serveis\/sesc\/cda\/inscripcio\/\"><strong>enlla\u00e7<\/strong><\/a><\/p>\n\n\n\n<figure class=\"wp-block-image size-large is-resized\"><a href=\"https:\/\/serveiseducatius.xtec.cat\/alturgell\/wp-content\/uploads\/usu770\/2026\/04\/WhatsApp-Image-2026-04-28-at-10.47.07.jpeg\"><img loading=\"lazy\" decoding=\"async\" width=\"682\" height=\"1024\" src=\"https:\/\/serveiseducatius.xtec.cat\/alturgell\/wp-content\/uploads\/usu770\/2026\/04\/WhatsApp-Image-2026-04-28-at-10.47.07-682x1024.jpeg\" alt=\"\" class=\"wp-image-20835\" style=\"width:714px;height:auto\" srcset=\"https:\/\/serveiseducatius.xtec.cat\/alturgell\/wp-content\/uploads\/usu770\/2026\/04\/WhatsApp-Image-2026-04-28-at-10.47.07-682x1024.jpeg 682w, https:\/\/serveiseducatius.xtec.cat\/alturgell\/wp-content\/uploads\/usu770\/2026\/04\/WhatsApp-Image-2026-04-28-at-10.47.07-200x300.jpeg 200w, https:\/\/serveiseducatius.xtec.cat\/alturgell\/wp-content\/uploads\/usu770\/2026\/04\/WhatsApp-Image-2026-04-28-at-10.47.07-768x1153.jpeg 768w, https:\/\/serveiseducatius.xtec.cat\/alturgell\/wp-content\/uploads\/usu770\/2026\/04\/WhatsApp-Image-2026-04-28-at-10.47.07-1023x1536.jpeg 1023w, https:\/\/serveiseducatius.xtec.cat\/alturgell\/wp-content\/uploads\/usu770\/2026\/04\/WhatsApp-Image-2026-04-28-at-10.47.07.jpeg 1066w\" sizes=\"auto, (max-width: 682px) 100vw, 682px\" \/><\/a><\/figure>\n\n\n\n<p><\/p>\n","protected":false},"excerpt":{"rendered":"<p>S\u2019ha obert el per\u00edode d\u2019inscripci\u00f3\u00a0dels\u00a0camps i entorns d\u2019aprenentatge\u00a0pel nou curs. L\u2019 Alt Urgell ofereix activitats Camp d\u2019Aprenentatge de Tuixent, que est\u00e0 situat a l\u2019Alt Urgell, al Parc Natural del Cad\u00ed-Moixer\u00f3.\u00a0 Les activitats del Camp d\u2019Aprenentatge es divideixen en tres grans \u00e0mbits: Inscripcions de l&#8217;1 al 31 de maig en aquest enlla\u00e7<\/p>\n","protected":false},"author":1,"featured_media":20835,"comment_status":"open","ping_status":"open","sticky":false,"template":"","format":"standard","meta":{"_bbp_topic_count":0,"_bbp_reply_count":0,"_bbp_total_topic_count":0,"_bbp_total_reply_count":0,"_bbp_voice_count":0,"_bbp_anonymous_reply_count":0,"_bbp_topic_count_hidden":0,"_bbp_reply_count_hidden":0,"_bbp_forum_subforum_count":0,"site-sidebar-layout":"default","site-content-layout":"","ast-site-content-layout":"default","site-content-style":"default","site-sidebar-style":"default","ast-global-header-display":"","ast-banner-title-visibility":"","ast-main-header-display":"","ast-hfb-above-header-display":"","ast-hfb-below-header-display":"","ast-hfb-mobile-header-display":"","site-post-title":"","ast-breadcrumbs-content":"","ast-featured-img":"","footer-sml-layout":"","theme-transparent-header-meta":"","adv-header-id-meta":"","stick-header-meta":"","header-above-stick-meta":"","header-main-stick-meta":"","header-below-stick-meta":"","astra-migrate-meta-layouts":"set","ast-page-background-enabled":"default","ast-page-background-meta":{"desktop":{"background-color":"var(--ast-global-color-4)","background-image":"","background-repeat":"repeat","background-position":"center center","background-size":"auto","background-attachment":"scroll","background-type":"","background-media":"","overlay-type":"","overlay-color":"","overlay-opacity":"","overlay-gradient":""},"tablet":{"background-color":"","background-image":"","background-repeat":"repeat","background-position":"center center","background-size":"auto","background-attachment":"scroll","background-type":"","background-media":"","overlay-type":"","overlay-color":"","overlay-opacity":"","overlay-gradient":""},"mobile":{"background-color":"","background-image":"","background-repeat":"repeat","background-position":"center center","background-size":"auto","background-attachment":"scroll","background-type":"","background-media":"","overlay-type":"","overlay-color":"","overlay-opacity":"","overlay-gradient":""}},"ast-content-background-meta":{"desktop":{"background-color":"var(--ast-global-color-5)","background-image":"","background-repeat":"repeat","background-position":"center center","background-size":"auto","background-attachment":"scroll","background-type":"","background-media":"","overlay-type":"","overlay-color":"","overlay-opacity":"","overlay-gradient":""},"tablet":{"background-color":"var(--ast-global-color-5)","background-image":"","background-repeat":"repeat","background-position":"center center","background-size":"auto","background-attachment":"scroll","background-type":"","background-media":"","overlay-type":"","overlay-color":"","overlay-opacity":"","overlay-gradient":""},"mobile":{"background-color":"var(--ast-global-color-5)","background-image":"","background-repeat":"repeat","background-position":"center center","background-size":"auto","background-attachment":"scroll","background-type":"","background-media":"","overlay-type":"","overlay-color":"","overlay-opacity":"","overlay-gradient":""}},"footnotes":""},"categories":[65,1,29],"tags":[],"class_list":["post-20829","post","type-post","status-publish","format-standard","has-post-thumbnail","hentry","category-crp","category-general","category-portada"],"post_mailing_queue_ids":[],"_links":{"self":[{"href":"https:\/\/serveiseducatius.xtec.cat\/alturgell\/wp-json\/wp\/v2\/posts\/20829","targetHints":{"allow":["GET"]}}],"collection":[{"href":"https:\/\/serveiseducatius.xtec.cat\/alturgell\/wp-json\/wp\/v2\/posts"}],"about":[{"href":"https:\/\/serveiseducatius.xtec.cat\/alturgell\/wp-json\/wp\/v2\/types\/post"}],"author":[{"embeddable":true,"href":"https:\/\/serveiseducatius.xtec.cat\/alturgell\/wp-json\/wp\/v2\/users\/1"}],"replies":[{"embeddable":true,"href":"https:\/\/serveiseducatius.xtec.cat\/alturgell\/wp-json\/wp\/v2\/comments?post=20829"}],"version-history":[{"count":1,"href":"https:\/\/serveiseducatius.xtec.cat\/alturgell\/wp-json\/wp\/v2\/posts\/20829\/revisions"}],"predecessor-version":[{"id":20840,"href":"https:\/\/serveiseducatius.xtec.cat\/alturgell\/wp-json\/wp\/v2\/posts\/20829\/revisions\/20840"}],"wp:featuredmedia":[{"embeddable":true,"href":"https:\/\/serveiseducatius.xtec.cat\/alturgell\/wp-json\/wp\/v2\/media\/20835"}],"wp:attachment":[{"href":"https:\/\/serveiseducatius.xtec.cat\/alturgell\/wp-json\/wp\/v2\/media?parent=20829"}],"wp:term":[{"taxonomy":"category","embeddable":true,"href":"https:\/\/serveiseducatius.xtec.cat\/alturgell\/wp-json\/wp\/v2\/categories?post=20829"},{"taxonomy":"post_tag","embeddable":true,"href":"https:\/\/serveiseducatius.xtec.cat\/alturgell\/wp-json\/wp\/v2\/tags?post=20829"}],"curies":[{"name":"wp","href":"https:\/\/api.w.org\/{rel}","templated":true}]}}