{"id":20596,"date":"2026-03-27T09:50:45","date_gmt":"2026-03-27T08:50:45","guid":{"rendered":"https:\/\/serveiseducatius.xtec.cat\/alturgell\/?p=20596"},"modified":"2026-04-07T09:09:14","modified_gmt":"2026-04-07T07:09:14","slug":"fira-la-carrulla-2026-fira-de-lalt-pirineu-i-aran-de-la-petita-infancia","status":"publish","type":"post","link":"https:\/\/serveiseducatius.xtec.cat\/alturgell\/general\/fira-la-carrulla-2026-fira-de-lalt-pirineu-i-aran-de-la-petita-infancia\/","title":{"rendered":"FIRA LA CARRULLA\u00a02026 &#8211; Fira de l&#8217;Alt Pirineu i Aran de la petita inf\u00e0ncia"},"content":{"rendered":"\n<figure class=\"wp-block-image alignleft size-large is-resized\"><a href=\"https:\/\/serveiseducatius.xtec.cat\/alturgell\/wp-content\/uploads\/usu770\/2026\/03\/Cartell-4a-ed.-Fira-La-Carrulla-1_page-0001-1-1-1-scaled.jpg\"><img loading=\"lazy\" decoding=\"async\" width=\"724\" height=\"1024\" src=\"https:\/\/serveiseducatius.xtec.cat\/alturgell\/wp-content\/uploads\/usu770\/2026\/03\/Cartell-4a-ed.-Fira-La-Carrulla-1_page-0001-1-1-1-724x1024.jpg\" alt=\"\" class=\"wp-image-20695\" style=\"width:322px;height:auto\" srcset=\"https:\/\/serveiseducatius.xtec.cat\/alturgell\/wp-content\/uploads\/usu770\/2026\/03\/Cartell-4a-ed.-Fira-La-Carrulla-1_page-0001-1-1-1-724x1024.jpg 724w, https:\/\/serveiseducatius.xtec.cat\/alturgell\/wp-content\/uploads\/usu770\/2026\/03\/Cartell-4a-ed.-Fira-La-Carrulla-1_page-0001-1-1-1-212x300.jpg 212w, https:\/\/serveiseducatius.xtec.cat\/alturgell\/wp-content\/uploads\/usu770\/2026\/03\/Cartell-4a-ed.-Fira-La-Carrulla-1_page-0001-1-1-1-768x1086.jpg 768w, https:\/\/serveiseducatius.xtec.cat\/alturgell\/wp-content\/uploads\/usu770\/2026\/03\/Cartell-4a-ed.-Fira-La-Carrulla-1_page-0001-1-1-1-1086x1536.jpg 1086w, https:\/\/serveiseducatius.xtec.cat\/alturgell\/wp-content\/uploads\/usu770\/2026\/03\/Cartell-4a-ed.-Fira-La-Carrulla-1_page-0001-1-1-1-1448x2048.jpg 1448w, https:\/\/serveiseducatius.xtec.cat\/alturgell\/wp-content\/uploads\/usu770\/2026\/03\/Cartell-4a-ed.-Fira-La-Carrulla-1_page-0001-1-1-1-scaled.jpg 1810w\" sizes=\"auto, (max-width: 724px) 100vw, 724px\" \/><\/a><\/figure>\n\n\n\n<p>La<strong>&nbsp;<a href=\"https:\/\/www.carrulla.cat\/\">Fira Carrulla&nbsp; (www.carrulla.cat)&nbsp;<\/a><\/strong> \u00e9s la fira itinerant de la petita inf\u00e0ncia de l\u2019Alt Pirineu i Aran. Aquest any la fira se celebrar\u00e0 el&nbsp;<strong>dia 30 de maig a Tremp<\/strong>. L\u2019assist\u00e8ncia a la fira \u00e9s&nbsp;<strong>gratu\u00efta<\/strong>&nbsp;i destinada a docents i fam\u00edlies amb infants de 0-6 anys.<\/p>\n\n\n\n<p>Aquesta fira \u00e9s un esdeveniment sense \u00e0nim de lucre que pret\u00e9n visibilitzar i recon\u00e8ixer la petita inf\u00e0ncia de&nbsp;<strong>0-6 anys<\/strong>&nbsp;oferint diferents activitats l\u00fadiques, formatives i informatives a fam\u00edlies, infants, docents i persones interessades en el sector de l\u2019educaci\u00f3 de 0-6.<\/p>\n\n\n\n<p><strong>Pels docents se certifica l\u2019assist\u00e8ncia a les pon\u00e8ncies i a&nbsp;la&nbsp;taula rodona, cal inscriure\u2019s  en aquest <a href=\"https:\/\/aplicacions.gestioeducativa.gencat.cat\/ords\/pls\/soloas\/pk_for_mod_ins.p_for_cons_activitats?p_any=2025-2026&amp;p_codi=6150361615&amp;p_totes=S\">enlla\u00e7<\/a><\/strong><\/p>\n\n\n\n<p><\/p>\n\n\n\n<p><strong>Per tal de participar en les activitats, recordar-vos que totes elles s\u00f3n gratu\u00eftes, cal fer una inscripci\u00f3 pr\u00e8via per reservar la pla\u00e7a<\/strong> <strong>en aquest <a href=\"https:\/\/www.carrulla.cat\/\">enlla\u00e7<\/a>. <\/strong><\/p>\n\n\n\n<p><\/p>\n\n\n\n<p><\/p>\n\n\n\n<p><\/p>\n\n\n\n<p><\/p>\n\n\n\n<p><\/p>\n\n\n\n<p><\/p>\n\n\n\n<p><\/p>\n\n\n\n<p><\/p>\n","protected":false},"excerpt":{"rendered":"<p>La&nbsp;Fira Carrulla&nbsp; (www.carrulla.cat)&nbsp; \u00e9s la fira itinerant de la petita inf\u00e0ncia de l\u2019Alt Pirineu i Aran. Aquest any la fira se celebrar\u00e0 el&nbsp;dia 30 de maig a Tremp. L\u2019assist\u00e8ncia a la fira \u00e9s&nbsp;gratu\u00efta&nbsp;i destinada a docents i fam\u00edlies amb infants de 0-6 anys. Aquesta fira \u00e9s un esdeveniment sense \u00e0nim de lucre que pret\u00e9n visibilitzar [&hellip;]<\/p>\n","protected":false},"author":1,"featured_media":20694,"comment_status":"open","ping_status":"open","sticky":false,"template":"","format":"standard","meta":{"_bbp_topic_count":0,"_bbp_reply_count":0,"_bbp_total_topic_count":0,"_bbp_total_reply_count":0,"_bbp_voice_count":0,"_bbp_anonymous_reply_count":0,"_bbp_topic_count_hidden":0,"_bbp_reply_count_hidden":0,"_bbp_forum_subforum_count":0,"site-sidebar-layout":"default","site-content-layout":"","ast-site-content-layout":"default","site-content-style":"default","site-sidebar-style":"default","ast-global-header-display":"","ast-banner-title-visibility":"","ast-main-header-display":"","ast-hfb-above-header-display":"","ast-hfb-below-header-display":"","ast-hfb-mobile-header-display":"","site-post-title":"","ast-breadcrumbs-content":"","ast-featured-img":"","footer-sml-layout":"","theme-transparent-header-meta":"","adv-header-id-meta":"","stick-header-meta":"","header-above-stick-meta":"","header-main-stick-meta":"","header-below-stick-meta":"","astra-migrate-meta-layouts":"set","ast-page-background-enabled":"default","ast-page-background-meta":{"desktop":{"background-color":"var(--ast-global-color-4)","background-image":"","background-repeat":"repeat","background-position":"center center","background-size":"auto","background-attachment":"scroll","background-type":"","background-media":"","overlay-type":"","overlay-color":"","overlay-opacity":"","overlay-gradient":""},"tablet":{"background-color":"","background-image":"","background-repeat":"repeat","background-position":"center center","background-size":"auto","background-attachment":"scroll","background-type":"","background-media":"","overlay-type":"","overlay-color":"","overlay-opacity":"","overlay-gradient":""},"mobile":{"background-color":"","background-image":"","background-repeat":"repeat","background-position":"center center","background-size":"auto","background-attachment":"scroll","background-type":"","background-media":"","overlay-type":"","overlay-color":"","overlay-opacity":"","overlay-gradient":""}},"ast-content-background-meta":{"desktop":{"background-color":"var(--ast-global-color-5)","background-image":"","background-repeat":"repeat","background-position":"center center","background-size":"auto","background-attachment":"scroll","background-type":"","background-media":"","overlay-type":"","overlay-color":"","overlay-opacity":"","overlay-gradient":""},"tablet":{"background-color":"var(--ast-global-color-5)","background-image":"","background-repeat":"repeat","background-position":"center center","background-size":"auto","background-attachment":"scroll","background-type":"","background-media":"","overlay-type":"","overlay-color":"","overlay-opacity":"","overlay-gradient":""},"mobile":{"background-color":"var(--ast-global-color-5)","background-image":"","background-repeat":"repeat","background-position":"center center","background-size":"auto","background-attachment":"scroll","background-type":"","background-media":"","overlay-type":"","overlay-color":"","overlay-opacity":"","overlay-gradient":""}},"footnotes":""},"categories":[65,1,29],"tags":[],"class_list":["post-20596","post","type-post","status-publish","format-standard","has-post-thumbnail","hentry","category-crp","category-general","category-portada"],"post_mailing_queue_ids":[],"_links":{"self":[{"href":"https:\/\/serveiseducatius.xtec.cat\/alturgell\/wp-json\/wp\/v2\/posts\/20596","targetHints":{"allow":["GET"]}}],"collection":[{"href":"https:\/\/serveiseducatius.xtec.cat\/alturgell\/wp-json\/wp\/v2\/posts"}],"about":[{"href":"https:\/\/serveiseducatius.xtec.cat\/alturgell\/wp-json\/wp\/v2\/types\/post"}],"author":[{"embeddable":true,"href":"https:\/\/serveiseducatius.xtec.cat\/alturgell\/wp-json\/wp\/v2\/users\/1"}],"replies":[{"embeddable":true,"href":"https:\/\/serveiseducatius.xtec.cat\/alturgell\/wp-json\/wp\/v2\/comments?post=20596"}],"version-history":[{"count":5,"href":"https:\/\/serveiseducatius.xtec.cat\/alturgell\/wp-json\/wp\/v2\/posts\/20596\/revisions"}],"predecessor-version":[{"id":20703,"href":"https:\/\/serveiseducatius.xtec.cat\/alturgell\/wp-json\/wp\/v2\/posts\/20596\/revisions\/20703"}],"wp:featuredmedia":[{"embeddable":true,"href":"https:\/\/serveiseducatius.xtec.cat\/alturgell\/wp-json\/wp\/v2\/media\/20694"}],"wp:attachment":[{"href":"https:\/\/serveiseducatius.xtec.cat\/alturgell\/wp-json\/wp\/v2\/media?parent=20596"}],"wp:term":[{"taxonomy":"category","embeddable":true,"href":"https:\/\/serveiseducatius.xtec.cat\/alturgell\/wp-json\/wp\/v2\/categories?post=20596"},{"taxonomy":"post_tag","embeddable":true,"href":"https:\/\/serveiseducatius.xtec.cat\/alturgell\/wp-json\/wp\/v2\/tags?post=20596"}],"curies":[{"name":"wp","href":"https:\/\/api.w.org\/{rel}","templated":true}]}}