{"id":20286,"date":"2026-02-02T13:17:28","date_gmt":"2026-02-02T12:17:28","guid":{"rendered":"https:\/\/serveiseducatius.xtec.cat\/alturgell\/?p=20286"},"modified":"2026-02-02T17:06:23","modified_gmt":"2026-02-02T16:06:23","slug":"projecte-focus-2","status":"publish","type":"post","link":"https:\/\/serveiseducatius.xtec.cat\/alturgell\/general\/projecte-focus-2\/","title":{"rendered":"\u00a0Projecte FOCUS"},"content":{"rendered":"\n<p>En un m\u00f3n on la imatge ho \u00e9s tot, \u00e9s important saber \u201cllegir\u201d i \u201cescriure\u201d en llenguatge audiovisual. Per aquest motiu, us recordem que el projecte\u00a0<strong>FOCUS<\/strong>\u00a0\u00e9s una iniciativa del Departament d\u2019Educaci\u00f3 i Formaci\u00f3 Professional, dissenyada per dotar els docents i els centres de r<strong>ecursos pr\u00e0ctics, \u00e0gils i de qualitat.<\/strong><\/p>\n\n\n\n<p>Aquest projecte promou el desenvolupament de les compet\u00e8ncies clau de l\u2019alumnat de prim\u00e0ria i secund\u00e0ria mitjan\u00e7ant la creaci\u00f3 de v\u00eddeos amb contingut curricular, promovent l\u2019aprenentatge entre iguals.<\/p>\n\n\n\n<p>Feu-vos preguntes, investigueu i creeu-ne un v\u00eddeo! Si esteu pensant en fer un projecte audiovisual, en aquest espai trobareu&nbsp;<a href=\"https:\/\/projectes.xtec.cat\/focus\/recursos\/\">recursos&nbsp;<\/a>diversos per con\u00e8ixer i treballar-ho. Tamb\u00e9 hi trobareu unes guies did\u00e0ctiques de suport que us poden ajudar en la generaci\u00f3 d\u2019idees, en el proc\u00e9s audiovisual.<\/p>\n\n\n\n<figure class=\"wp-block-embed is-type-video is-provider-youtube wp-block-embed-youtube wp-embed-aspect-16-9 wp-has-aspect-ratio\"><div class=\"wp-block-embed__wrapper\">\n<div class=\"ast-oembed-container \" style=\"height: 100%;\"><iframe loading=\"lazy\" title=\"Presentaci\u00f3 del projecte FOCUS\" width=\"500\" height=\"281\" src=\"https:\/\/www.youtube.com\/embed\/GYdhH8ukXhs?list=PLojIWF2RflCpc_9l8OIr673jnewB5_gxA\" frameborder=\"0\" allow=\"accelerometer; autoplay; clipboard-write; encrypted-media; gyroscope; picture-in-picture; web-share\" referrerpolicy=\"strict-origin-when-cross-origin\" allowfullscreen><\/iframe><\/div>\n<\/div><\/figure>\n\n\n\n<p>Dins de Focus teniu acc\u00e9s a materials estructurats per millorar la compet\u00e8ncia digital i comunicativa:<\/p>\n\n\n\n<ul class=\"wp-block-list\">\n<li><\/li>\n<\/ul>\n\n\n\n<ul class=\"wp-block-list\">\n<li><a href=\"https:\/\/projectes.xtec.cat\/focus\/videotutorials\/\" target=\"_blank\" rel=\"noreferrer noopener\"><strong>P\u00edndoles de sabers:&nbsp;<\/strong><\/a>V\u00eddeos curts i directes sobre enquadraments, il\u00b7luminaci\u00f3, gui\u00f3 i edici\u00f3.<\/li>\n\n\n\n<li><a href=\"https:\/\/projectes.xtec.cat\/focus\/proces-audiovisual\/\" target=\"_blank\" rel=\"noreferrer noopener\"><strong>El proc\u00e9s audiovisual<\/strong><\/a>: Tota creaci\u00f3 audiovisual tamb\u00e9 passa per aquests tres episodis. La&nbsp;<strong>preproducci\u00f3<\/strong>&nbsp;(1) \u00e9s el plantejament del v\u00eddeo que farem.&nbsp; El&nbsp;<strong>rodatge<\/strong>&nbsp;(2) \u00e9s el nus que cal desenlla\u00e7ar a la darrera fase, la de la&nbsp;<strong>postproducci\u00f3<\/strong>&nbsp;(3). En aquestes p\u00e0gines trobareu informaci\u00f3 i recursos que us ajudaran a crear un bon v\u00eddeo curricular, passant per les 3 fases.<\/li>\n\n\n\n<li><a href=\"https:\/\/projectes.xtec.cat\/focus\/recursos\/\" target=\"_blank\" rel=\"noreferrer noopener\"><strong>Recursos did\u00e0ctics:<\/strong>&nbsp;<\/a>Idees per portar la creaci\u00f3 audiovisual a qualsevol mat\u00e8ria (des de ci\u00e8ncies fins a lleng\u00fces), plantilles, guies did\u00e0ctiques, etc.<\/li>\n<\/ul>\n\n\n\n<p>M\u00e9s informaci\u00f3 en aquest <a href=\"https:\/\/projectes.xtec.cat\/focus\/el-projecte\/\">enlla\u00e7<\/a><\/p>\n\n\n\n<p><\/p>\n","protected":false},"excerpt":{"rendered":"<p>En un m\u00f3n on la imatge ho \u00e9s tot, \u00e9s important saber \u201cllegir\u201d i \u201cescriure\u201d en llenguatge audiovisual. Per aquest motiu, us recordem que el projecte\u00a0FOCUS\u00a0\u00e9s una iniciativa del Departament d\u2019Educaci\u00f3 i Formaci\u00f3 Professional, dissenyada per dotar els docents i els centres de recursos pr\u00e0ctics, \u00e0gils i de qualitat. Aquest projecte promou el desenvolupament de [&hellip;]<\/p>\n","protected":false},"author":1,"featured_media":20287,"comment_status":"open","ping_status":"open","sticky":false,"template":"","format":"standard","meta":{"_bbp_topic_count":0,"_bbp_reply_count":0,"_bbp_total_topic_count":0,"_bbp_total_reply_count":0,"_bbp_voice_count":0,"_bbp_anonymous_reply_count":0,"_bbp_topic_count_hidden":0,"_bbp_reply_count_hidden":0,"_bbp_forum_subforum_count":0,"site-sidebar-layout":"default","site-content-layout":"","ast-site-content-layout":"default","site-content-style":"default","site-sidebar-style":"default","ast-global-header-display":"","ast-banner-title-visibility":"","ast-main-header-display":"","ast-hfb-above-header-display":"","ast-hfb-below-header-display":"","ast-hfb-mobile-header-display":"","site-post-title":"","ast-breadcrumbs-content":"","ast-featured-img":"","footer-sml-layout":"","theme-transparent-header-meta":"","adv-header-id-meta":"","stick-header-meta":"","header-above-stick-meta":"","header-main-stick-meta":"","header-below-stick-meta":"","astra-migrate-meta-layouts":"set","ast-page-background-enabled":"default","ast-page-background-meta":{"desktop":{"background-color":"var(--ast-global-color-4)","background-image":"","background-repeat":"repeat","background-position":"center center","background-size":"auto","background-attachment":"scroll","background-type":"","background-media":"","overlay-type":"","overlay-color":"","overlay-opacity":"","overlay-gradient":""},"tablet":{"background-color":"","background-image":"","background-repeat":"repeat","background-position":"center center","background-size":"auto","background-attachment":"scroll","background-type":"","background-media":"","overlay-type":"","overlay-color":"","overlay-opacity":"","overlay-gradient":""},"mobile":{"background-color":"","background-image":"","background-repeat":"repeat","background-position":"center center","background-size":"auto","background-attachment":"scroll","background-type":"","background-media":"","overlay-type":"","overlay-color":"","overlay-opacity":"","overlay-gradient":""}},"ast-content-background-meta":{"desktop":{"background-color":"var(--ast-global-color-5)","background-image":"","background-repeat":"repeat","background-position":"center center","background-size":"auto","background-attachment":"scroll","background-type":"","background-media":"","overlay-type":"","overlay-color":"","overlay-opacity":"","overlay-gradient":""},"tablet":{"background-color":"var(--ast-global-color-5)","background-image":"","background-repeat":"repeat","background-position":"center center","background-size":"auto","background-attachment":"scroll","background-type":"","background-media":"","overlay-type":"","overlay-color":"","overlay-opacity":"","overlay-gradient":""},"mobile":{"background-color":"var(--ast-global-color-5)","background-image":"","background-repeat":"repeat","background-position":"center center","background-size":"auto","background-attachment":"scroll","background-type":"","background-media":"","overlay-type":"","overlay-color":"","overlay-opacity":"","overlay-gradient":""}},"footnotes":""},"categories":[78,1,29],"tags":[],"class_list":["post-20286","post","type-post","status-publish","format-standard","has-post-thumbnail","hentry","category-tac","category-general","category-portada"],"post_mailing_queue_ids":[],"_links":{"self":[{"href":"https:\/\/serveiseducatius.xtec.cat\/alturgell\/wp-json\/wp\/v2\/posts\/20286","targetHints":{"allow":["GET"]}}],"collection":[{"href":"https:\/\/serveiseducatius.xtec.cat\/alturgell\/wp-json\/wp\/v2\/posts"}],"about":[{"href":"https:\/\/serveiseducatius.xtec.cat\/alturgell\/wp-json\/wp\/v2\/types\/post"}],"author":[{"embeddable":true,"href":"https:\/\/serveiseducatius.xtec.cat\/alturgell\/wp-json\/wp\/v2\/users\/1"}],"replies":[{"embeddable":true,"href":"https:\/\/serveiseducatius.xtec.cat\/alturgell\/wp-json\/wp\/v2\/comments?post=20286"}],"version-history":[{"count":2,"href":"https:\/\/serveiseducatius.xtec.cat\/alturgell\/wp-json\/wp\/v2\/posts\/20286\/revisions"}],"predecessor-version":[{"id":20300,"href":"https:\/\/serveiseducatius.xtec.cat\/alturgell\/wp-json\/wp\/v2\/posts\/20286\/revisions\/20300"}],"wp:featuredmedia":[{"embeddable":true,"href":"https:\/\/serveiseducatius.xtec.cat\/alturgell\/wp-json\/wp\/v2\/media\/20287"}],"wp:attachment":[{"href":"https:\/\/serveiseducatius.xtec.cat\/alturgell\/wp-json\/wp\/v2\/media?parent=20286"}],"wp:term":[{"taxonomy":"category","embeddable":true,"href":"https:\/\/serveiseducatius.xtec.cat\/alturgell\/wp-json\/wp\/v2\/categories?post=20286"},{"taxonomy":"post_tag","embeddable":true,"href":"https:\/\/serveiseducatius.xtec.cat\/alturgell\/wp-json\/wp\/v2\/tags?post=20286"}],"curies":[{"name":"wp","href":"https:\/\/api.w.org\/{rel}","templated":true}]}}