{"id":20274,"date":"2026-02-02T10:07:24","date_gmt":"2026-02-02T09:07:24","guid":{"rendered":"https:\/\/serveiseducatius.xtec.cat\/alturgell\/?p=20274"},"modified":"2026-02-04T12:37:48","modified_gmt":"2026-02-04T11:37:48","slug":"nou-material-en-prestec-maleta-de-la-prehistoria-infantil-i-cicle-inicial","status":"publish","type":"post","link":"https:\/\/serveiseducatius.xtec.cat\/alturgell\/general\/nou-material-en-prestec-maleta-de-la-prehistoria-infantil-i-cicle-inicial\/","title":{"rendered":"Nou material en pr\u00e9stec! Maleta de la prehist\u00f2ria INFANTIL i CICLE INICIAL"},"content":{"rendered":"\n<p>Des del CRP de l\u2019Alt Urgell us posem a disposici\u00f3 la maleta pedag\u00f2gica \u201cLa prehist\u00f2ria\u201d, un recurs pedag\u00f2gic pensat per ser treballat a l\u2019aula, especialment a les etapes d\u2019educaci\u00f3 infantil i cicle inicial. Aquest material permet apropar els infants a la prehist\u00f2ria d\u2019una manera vivencial i manipulativa a trav\u00e9s de diferents materials i recursos. A trav\u00e9s de l\u2019experimentaci\u00f3, el joc i l\u2019observaci\u00f3, els nens i nenes poden descobrir com es vivia, quines eines utilitzaven i altres aspectes caracter\u00edstics de l\u2019etapa de la prehist\u00f2ria.<\/p>\n\n\n\n<figure class=\"wp-block-image alignleft size-large is-resized\"><a href=\"https:\/\/serveiseducatius.xtec.cat\/alturgell\/wp-content\/uploads\/usu770\/2026\/02\/Maleta-prehistoria-infantil.png\"><img loading=\"lazy\" decoding=\"async\" width=\"1024\" height=\"1024\" src=\"https:\/\/serveiseducatius.xtec.cat\/alturgell\/wp-content\/uploads\/usu770\/2026\/02\/Maleta-prehistoria-infantil-1024x1024.png\" alt=\"\" class=\"wp-image-20314\" style=\"width:529px;height:auto\" srcset=\"https:\/\/serveiseducatius.xtec.cat\/alturgell\/wp-content\/uploads\/usu770\/2026\/02\/Maleta-prehistoria-infantil-1024x1024.png 1024w, https:\/\/serveiseducatius.xtec.cat\/alturgell\/wp-content\/uploads\/usu770\/2026\/02\/Maleta-prehistoria-infantil-300x300.png 300w, https:\/\/serveiseducatius.xtec.cat\/alturgell\/wp-content\/uploads\/usu770\/2026\/02\/Maleta-prehistoria-infantil-150x150.png 150w, https:\/\/serveiseducatius.xtec.cat\/alturgell\/wp-content\/uploads\/usu770\/2026\/02\/Maleta-prehistoria-infantil-768x768.png 768w, https:\/\/serveiseducatius.xtec.cat\/alturgell\/wp-content\/uploads\/usu770\/2026\/02\/Maleta-prehistoria-infantil.png 1080w\" sizes=\"auto, (max-width: 1024px) 100vw, 1024px\" \/><\/a><\/figure>\n\n\n\n<p>El contingut de la maleta \u00e9s el seg\u00fcent:<\/p>\n\n\n\n<p>Llibre Mini Report. Cromany\u00f3. Ed. Molino, 2007<\/p>\n\n\n\n<p>Llibre Pic, Puc i Mut el mamut. Viure la Prehist\u00f2ria amb nenes i nens d\u2019educaci\u00f3 infantil. S\u00f2nia Ma\u00f1\u00e9 Orozco i Antoni Bardavio Novi. Ed. Cardium EducArq.<\/p>\n\n\n\n<p>Llibre Crominyona. Michel Gay. Ed. Corimbo<\/p>\n\n\n\n<p>Memory dels animals prehist\u00f2rics<\/p>\n\n\n\n<p>L\u00e0mines de pintures rupestres<\/p>\n\n\n\n<p>Vocabulari de la prehist\u00f2ria<\/p>\n\n\n\n<p>Teler<\/p>\n\n\n\n<p>Collaret<\/p>\n\n\n\n<p>Mamut de peluix<\/p>\n\n\n\n<p>Per demanar el material, cal&nbsp;<strong>emplenar el&nbsp;<a href=\"https:\/\/docs.google.com\/forms\/d\/1I3S0lMeBQyEyoZcjsJyb1vssO1tB6RCaxAi_tfVPMY0\/viewform?ts=6720995c&amp;edit_requested=true\">formulari de pr\u00e9stec<\/a>. Ens posarem en contacte amb vosaltres per confirmar la reserva.&nbsp;&nbsp;<\/strong>Caldr\u00e0 concretar dia i hora de recollida i de retorn.<\/p>\n\n\n\n<p>El pr\u00e9stec no \u00e9s autom\u00e0tic, ja que es tindr\u00e0 en compte la disponibilitat i \u00fas did\u00e0ctic del material per fer efectiva la reserva.<\/p>\n\n\n\n<p>El temps de pr\u00e9stec varia en funci\u00f3 de la tipologia de material, per\u00f2 davant qualsevol dubte, contacteu amb el CRP.<\/p>\n\n\n\n<p><strong>CONDICIONS DEL PR\u00c9STEC:<\/strong><br>\u2013 El pr\u00e9stec es fa amb el comprom\u00eds d\u2019extremar la gu\u00e0rdia i cust\u00f2dia dels materials.<br>\u2013 El retorn del material s\u2019ha d\u2019efectuar inexcusablement en la data acordada. En cas de voler allargar el pr\u00e9stec, caldr\u00e0 que us poseu en contacte amb el CRP.<br>\u2013 El centre es fa responsable dels materials\/aparells, en cas de p\u00e8rdues, avaries o mal \u00fas.<\/p>\n\n\n","protected":false},"excerpt":{"rendered":"<p>Des del CRP de l\u2019Alt Urgell us posem a disposici\u00f3 la maleta pedag\u00f2gica \u201cLa prehist\u00f2ria\u201d, un recurs pedag\u00f2gic pensat per ser treballat a l\u2019aula, especialment a les etapes d\u2019educaci\u00f3 infantil i cicle inicial. Aquest material permet apropar els infants a la prehist\u00f2ria d\u2019una manera vivencial i manipulativa a trav\u00e9s de diferents materials i recursos. A [&hellip;]<\/p>\n","protected":false},"author":1,"featured_media":20298,"comment_status":"open","ping_status":"open","sticky":false,"template":"","format":"standard","meta":{"_bbp_topic_count":0,"_bbp_reply_count":0,"_bbp_total_topic_count":0,"_bbp_total_reply_count":0,"_bbp_voice_count":0,"_bbp_anonymous_reply_count":0,"_bbp_topic_count_hidden":0,"_bbp_reply_count_hidden":0,"_bbp_forum_subforum_count":0,"site-sidebar-layout":"default","site-content-layout":"","ast-site-content-layout":"default","site-content-style":"default","site-sidebar-style":"default","ast-global-header-display":"","ast-banner-title-visibility":"","ast-main-header-display":"","ast-hfb-above-header-display":"","ast-hfb-below-header-display":"","ast-hfb-mobile-header-display":"","site-post-title":"","ast-breadcrumbs-content":"","ast-featured-img":"","footer-sml-layout":"","theme-transparent-header-meta":"","adv-header-id-meta":"","stick-header-meta":"","header-above-stick-meta":"","header-main-stick-meta":"","header-below-stick-meta":"","astra-migrate-meta-layouts":"set","ast-page-background-enabled":"default","ast-page-background-meta":{"desktop":{"background-color":"var(--ast-global-color-4)","background-image":"","background-repeat":"repeat","background-position":"center center","background-size":"auto","background-attachment":"scroll","background-type":"","background-media":"","overlay-type":"","overlay-color":"","overlay-opacity":"","overlay-gradient":""},"tablet":{"background-color":"","background-image":"","background-repeat":"repeat","background-position":"center center","background-size":"auto","background-attachment":"scroll","background-type":"","background-media":"","overlay-type":"","overlay-color":"","overlay-opacity":"","overlay-gradient":""},"mobile":{"background-color":"","background-image":"","background-repeat":"repeat","background-position":"center center","background-size":"auto","background-attachment":"scroll","background-type":"","background-media":"","overlay-type":"","overlay-color":"","overlay-opacity":"","overlay-gradient":""}},"ast-content-background-meta":{"desktop":{"background-color":"var(--ast-global-color-5)","background-image":"","background-repeat":"repeat","background-position":"center center","background-size":"auto","background-attachment":"scroll","background-type":"","background-media":"","overlay-type":"","overlay-color":"","overlay-opacity":"","overlay-gradient":""},"tablet":{"background-color":"var(--ast-global-color-5)","background-image":"","background-repeat":"repeat","background-position":"center center","background-size":"auto","background-attachment":"scroll","background-type":"","background-media":"","overlay-type":"","overlay-color":"","overlay-opacity":"","overlay-gradient":""},"mobile":{"background-color":"var(--ast-global-color-5)","background-image":"","background-repeat":"repeat","background-position":"center center","background-size":"auto","background-attachment":"scroll","background-type":"","background-media":"","overlay-type":"","overlay-color":"","overlay-opacity":"","overlay-gradient":""}},"footnotes":""},"categories":[1,261,193,29],"tags":[],"class_list":["post-20274","post","type-post","status-publish","format-standard","has-post-thumbnail","hentry","category-general","category-material-de-prestec","category-material","category-portada"],"post_mailing_queue_ids":[],"_links":{"self":[{"href":"https:\/\/serveiseducatius.xtec.cat\/alturgell\/wp-json\/wp\/v2\/posts\/20274","targetHints":{"allow":["GET"]}}],"collection":[{"href":"https:\/\/serveiseducatius.xtec.cat\/alturgell\/wp-json\/wp\/v2\/posts"}],"about":[{"href":"https:\/\/serveiseducatius.xtec.cat\/alturgell\/wp-json\/wp\/v2\/types\/post"}],"author":[{"embeddable":true,"href":"https:\/\/serveiseducatius.xtec.cat\/alturgell\/wp-json\/wp\/v2\/users\/1"}],"replies":[{"embeddable":true,"href":"https:\/\/serveiseducatius.xtec.cat\/alturgell\/wp-json\/wp\/v2\/comments?post=20274"}],"version-history":[{"count":4,"href":"https:\/\/serveiseducatius.xtec.cat\/alturgell\/wp-json\/wp\/v2\/posts\/20274\/revisions"}],"predecessor-version":[{"id":20315,"href":"https:\/\/serveiseducatius.xtec.cat\/alturgell\/wp-json\/wp\/v2\/posts\/20274\/revisions\/20315"}],"wp:featuredmedia":[{"embeddable":true,"href":"https:\/\/serveiseducatius.xtec.cat\/alturgell\/wp-json\/wp\/v2\/media\/20298"}],"wp:attachment":[{"href":"https:\/\/serveiseducatius.xtec.cat\/alturgell\/wp-json\/wp\/v2\/media?parent=20274"}],"wp:term":[{"taxonomy":"category","embeddable":true,"href":"https:\/\/serveiseducatius.xtec.cat\/alturgell\/wp-json\/wp\/v2\/categories?post=20274"},{"taxonomy":"post_tag","embeddable":true,"href":"https:\/\/serveiseducatius.xtec.cat\/alturgell\/wp-json\/wp\/v2\/tags?post=20274"}],"curies":[{"name":"wp","href":"https:\/\/api.w.org\/{rel}","templated":true}]}}