{"id":19790,"date":"2025-11-17T09:53:54","date_gmt":"2025-11-17T08:53:54","guid":{"rendered":"https:\/\/serveiseducatius.xtec.cat\/alturgell\/?p=19790"},"modified":"2025-11-17T09:53:55","modified_gmt":"2025-11-17T08:53:55","slug":"convocatoria-desdeveniments-de-formacio-etwinning-2026","status":"publish","type":"post","link":"https:\/\/serveiseducatius.xtec.cat\/alturgell\/portada\/convocatoria-desdeveniments-de-formacio-etwinning-2026\/","title":{"rendered":"Convocat\u00f2ria d\u2019esdeveniments de formaci\u00f3 eTwinning 2026"},"content":{"rendered":"\n<p>S&#8217;ha publicat la convocat\u00f2ria per l&#8217;assist\u00e8ncia a diferents esdeveniments de formaci\u00f3 dins del marc de l&#8217;acci\u00f3 eTwinning per al 2026. Hi ha 82 places disponibles.<\/p>\n\n\n\n<p>El termini d\u2019inscripci\u00f3 \u00e9s del\u00a0<strong>17 de novembre a l\u20191 de desembre del 2025<\/strong>.  <\/p>\n\n\n\n<p>Podeu accedir aqu\u00ed a la <a href=\"https:\/\/www.educacionfpydeportes.gob.es\/servicios-al-ciudadano\/catalogo\/general\/20\/203149\/ficha\/203149-2026.html\" target=\"_blank\" rel=\"noreferrer noopener\">inscripci\u00f3<\/a>.<\/p>\n\n\n\n<p>L&#8217;acc\u00e9s a la\u00a0<a href=\"https:\/\/drive.google.com\/file\/d\/1YneQs722pgFArAmXbsI3J1jgxHAXRYrW\/view?usp=sharing\" target=\"_blank\" rel=\"noreferrer noopener\">convocat\u00f2ria<\/a> el teniu en aquest enlla\u00e7.<\/p>\n\n\n\n<p>Si voleu m\u00e9s informaci\u00f3, consulteu el <a href=\"https:\/\/etwinning.es\/convocatoria-eventos-etwinning-2026\/\" target=\"_blank\" rel=\"noreferrer noopener\">Portal del Servei Nacional de Suport eTwinning (SNA)<\/a>. Es recomana\u00a0<strong>fer una lectura de la convocat\u00f2ria<\/strong>\u00a0per evitar incid\u00e8ncies durant el proc\u00e9s.<\/p>\n\n\n\n<p>Si teniu algun dubte podeu enviar un correu electr\u00f2nic a\u00a0<a href=\"http:\/\/info@etwinning.es\/\" target=\"_blank\" rel=\"noreferrer noopener\">info@etwinning.es<\/a>\u00a0indicant en l\u2019assumpte \u201cEventos 2026\u201d.<\/p>\n","protected":false},"excerpt":{"rendered":"<p>S&#8217;ha publicat la convocat\u00f2ria per l&#8217;assist\u00e8ncia a diferents esdeveniments de formaci\u00f3 dins del marc de l&#8217;acci\u00f3 eTwinning per al 2026. Hi ha 82 places disponibles. El termini d\u2019inscripci\u00f3 \u00e9s del\u00a017 de novembre a l\u20191 de desembre del 2025. Podeu accedir aqu\u00ed a la inscripci\u00f3. L&#8217;acc\u00e9s a la\u00a0convocat\u00f2ria el teniu en aquest enlla\u00e7. Si voleu m\u00e9s [&hellip;]<\/p>\n","protected":false},"author":1,"featured_media":19792,"comment_status":"open","ping_status":"open","sticky":false,"template":"","format":"standard","meta":{"_bbp_topic_count":0,"_bbp_reply_count":0,"_bbp_total_topic_count":0,"_bbp_total_reply_count":0,"_bbp_voice_count":0,"_bbp_anonymous_reply_count":0,"_bbp_topic_count_hidden":0,"_bbp_reply_count_hidden":0,"_bbp_forum_subforum_count":0,"site-sidebar-layout":"default","site-content-layout":"","ast-site-content-layout":"default","site-content-style":"default","site-sidebar-style":"default","ast-global-header-display":"","ast-banner-title-visibility":"","ast-main-header-display":"","ast-hfb-above-header-display":"","ast-hfb-below-header-display":"","ast-hfb-mobile-header-display":"","site-post-title":"","ast-breadcrumbs-content":"","ast-featured-img":"","footer-sml-layout":"","theme-transparent-header-meta":"","adv-header-id-meta":"","stick-header-meta":"","header-above-stick-meta":"","header-main-stick-meta":"","header-below-stick-meta":"","astra-migrate-meta-layouts":"set","ast-page-background-enabled":"default","ast-page-background-meta":{"desktop":{"background-color":"var(--ast-global-color-4)","background-image":"","background-repeat":"repeat","background-position":"center center","background-size":"auto","background-attachment":"scroll","background-type":"","background-media":"","overlay-type":"","overlay-color":"","overlay-opacity":"","overlay-gradient":""},"tablet":{"background-color":"","background-image":"","background-repeat":"repeat","background-position":"center center","background-size":"auto","background-attachment":"scroll","background-type":"","background-media":"","overlay-type":"","overlay-color":"","overlay-opacity":"","overlay-gradient":""},"mobile":{"background-color":"","background-image":"","background-repeat":"repeat","background-position":"center center","background-size":"auto","background-attachment":"scroll","background-type":"","background-media":"","overlay-type":"","overlay-color":"","overlay-opacity":"","overlay-gradient":""}},"ast-content-background-meta":{"desktop":{"background-color":"var(--ast-global-color-5)","background-image":"","background-repeat":"repeat","background-position":"center center","background-size":"auto","background-attachment":"scroll","background-type":"","background-media":"","overlay-type":"","overlay-color":"","overlay-opacity":"","overlay-gradient":""},"tablet":{"background-color":"var(--ast-global-color-5)","background-image":"","background-repeat":"repeat","background-position":"center center","background-size":"auto","background-attachment":"scroll","background-type":"","background-media":"","overlay-type":"","overlay-color":"","overlay-opacity":"","overlay-gradient":""},"mobile":{"background-color":"var(--ast-global-color-5)","background-image":"","background-repeat":"repeat","background-position":"center center","background-size":"auto","background-attachment":"scroll","background-type":"","background-media":"","overlay-type":"","overlay-color":"","overlay-opacity":"","overlay-gradient":""}},"footnotes":""},"categories":[175,29],"tags":[],"class_list":["post-19790","post","type-post","status-publish","format-standard","has-post-thumbnail","hentry","category-formacio","category-portada"],"post_mailing_queue_ids":[],"_links":{"self":[{"href":"https:\/\/serveiseducatius.xtec.cat\/alturgell\/wp-json\/wp\/v2\/posts\/19790","targetHints":{"allow":["GET"]}}],"collection":[{"href":"https:\/\/serveiseducatius.xtec.cat\/alturgell\/wp-json\/wp\/v2\/posts"}],"about":[{"href":"https:\/\/serveiseducatius.xtec.cat\/alturgell\/wp-json\/wp\/v2\/types\/post"}],"author":[{"embeddable":true,"href":"https:\/\/serveiseducatius.xtec.cat\/alturgell\/wp-json\/wp\/v2\/users\/1"}],"replies":[{"embeddable":true,"href":"https:\/\/serveiseducatius.xtec.cat\/alturgell\/wp-json\/wp\/v2\/comments?post=19790"}],"version-history":[{"count":1,"href":"https:\/\/serveiseducatius.xtec.cat\/alturgell\/wp-json\/wp\/v2\/posts\/19790\/revisions"}],"predecessor-version":[{"id":19793,"href":"https:\/\/serveiseducatius.xtec.cat\/alturgell\/wp-json\/wp\/v2\/posts\/19790\/revisions\/19793"}],"wp:featuredmedia":[{"embeddable":true,"href":"https:\/\/serveiseducatius.xtec.cat\/alturgell\/wp-json\/wp\/v2\/media\/19792"}],"wp:attachment":[{"href":"https:\/\/serveiseducatius.xtec.cat\/alturgell\/wp-json\/wp\/v2\/media?parent=19790"}],"wp:term":[{"taxonomy":"category","embeddable":true,"href":"https:\/\/serveiseducatius.xtec.cat\/alturgell\/wp-json\/wp\/v2\/categories?post=19790"},{"taxonomy":"post_tag","embeddable":true,"href":"https:\/\/serveiseducatius.xtec.cat\/alturgell\/wp-json\/wp\/v2\/tags?post=19790"}],"curies":[{"name":"wp","href":"https:\/\/api.w.org\/{rel}","templated":true}]}}