{"id":19598,"date":"2025-10-21T13:01:24","date_gmt":"2025-10-21T11:01:24","guid":{"rendered":"https:\/\/serveiseducatius.xtec.cat\/alturgell\/?p=19598"},"modified":"2025-10-21T13:01:58","modified_gmt":"2025-10-21T11:01:58","slug":"novetat-en-prestec-capsateca-la-revolucio-de-les-capses-daprenentatge","status":"publish","type":"post","link":"https:\/\/serveiseducatius.xtec.cat\/alturgell\/general\/novetat-en-prestec-capsateca-la-revolucio-de-les-capses-daprenentatge\/","title":{"rendered":"Novetat en pr\u00e9stec: Capsateca, la revoluci\u00f3 de les capses d&#8217;aprenentatge"},"content":{"rendered":"\n<p>Disposem d&#8217;un nou material en pr\u00e9stec al CRP de l&#8217;Alt Urgell. <em>Capsateca, la revoluci\u00f3 de les capses d&#8217;aprenentatge  <\/em>\u00e9s un llibre amb una invitaci\u00f3 engrescadora a repensar i transformar l\u2019aula en un espai viu, creatiu i ple de descobertes.<em>\u00a0Capsateca\u00a0<\/em>\u00e9s una guia per mestres on es pot trobar inspiraci\u00f3 per contribuir a una educaci\u00f3 emocionant, universal, flexible i amb sentit.<\/p>\n\n\n\n<p>En les seves p\u00e0gines descobrir\u00e0s com les&nbsp;capses d\u2019aprenentatge&nbsp;encenen la curiositat, impulsen la cooperaci\u00f3 i fan aflorar els talents de cadasc\u00fa, convertint la construcci\u00f3 de coneixement en una aventura compartida.&nbsp;Deixa\u2019t captivar per aquesta metodologia transformadora i inclusiva, i fes-la teva per crear experi\u00e8ncies d\u2019aprenentatge globalitzat que deixin empremta.<\/p>\n\n\n\n<p>Per demanar el material, cal&nbsp;<strong>emplenar el&nbsp;<a href=\"https:\/\/docs.google.com\/forms\/d\/1I3S0lMeBQyEyoZcjsJyb1vssO1tB6RCaxAi_tfVPMY0\/viewform?ts=6720995c&amp;edit_requested=true\">formulari de pr\u00e9stec<\/a>. Ens posarem en contacte amb vosaltres per confirmar la reserva.&nbsp;&nbsp;<\/strong>Caldr\u00e0 concretar dia i hora de recollida i de retorn.<\/p>\n\n\n\n<p>El pr\u00e9stec no \u00e9s autom\u00e0tic, ja que es tindr\u00e0 en compte la disponibilitat i \u00fas did\u00e0ctic del material per fer efectiva la reserva.<\/p>\n\n\n\n<p>El temps de pr\u00e9stec varia en funci\u00f3 de la tipologia de material, per\u00f2 davant qualsevol dubte, contacteu amb el CRP.<\/p>\n\n\n\n<p><strong>CONDICIONS DEL PR\u00c9STEC:<\/strong><br>\u2013 El pr\u00e9stec es fa amb el comprom\u00eds d\u2019extremar la gu\u00e0rdia i cust\u00f2dia dels materials.<br>\u2013 El retorn del material s\u2019ha d\u2019efectuar inexcusablement en la data acordada. En cas de voler allargar el pr\u00e9stec, caldr\u00e0 que us poseu en contacte amb el CRP.<br>\u2013 El centre es fa responsable dels materials\/aparells, en cas de p\u00e8rdues, avaries o mal \u00fas.<\/p>\n\n\n\n<p>Un cop acabat el pr\u00e9stec us agrairem que ompliu un&nbsp;<a href=\"https:\/\/docs.google.com\/forms\/d\/17vVXUXKMNYt6ga9ySx1j81pscNEKwLTfvTaKP1MRuGg\/edit\">formulari de valoraci\u00f3<\/a>&nbsp;que us farem arribar.<\/p>\n\n\n\n<p>Tamb\u00e9 us animem que, si hi trobeu a faltar algun material o recurs, ens envieu i correu (<a href=\"mailto:c5990101@xtec.cat\">crp-alturgell@xtec.cat<\/a>) i valorarem adquirir-lo.<\/p>\n\n\n\n<figure class=\"wp-block-image size-large\"><a href=\"https:\/\/serveiseducatius.xtec.cat\/alturgell\/wp-content\/uploads\/usu770\/2025\/10\/WhatsApp-Image-2025-10-21-at-12.55.06-PM.jpeg\"><img loading=\"lazy\" decoding=\"async\" width=\"768\" height=\"1024\" src=\"https:\/\/serveiseducatius.xtec.cat\/alturgell\/wp-content\/uploads\/usu770\/2025\/10\/WhatsApp-Image-2025-10-21-at-12.55.06-PM-768x1024.jpeg\" alt=\"\" class=\"wp-image-19603\" srcset=\"https:\/\/serveiseducatius.xtec.cat\/alturgell\/wp-content\/uploads\/usu770\/2025\/10\/WhatsApp-Image-2025-10-21-at-12.55.06-PM-768x1024.jpeg 768w, https:\/\/serveiseducatius.xtec.cat\/alturgell\/wp-content\/uploads\/usu770\/2025\/10\/WhatsApp-Image-2025-10-21-at-12.55.06-PM-225x300.jpeg 225w, https:\/\/serveiseducatius.xtec.cat\/alturgell\/wp-content\/uploads\/usu770\/2025\/10\/WhatsApp-Image-2025-10-21-at-12.55.06-PM-1152x1536.jpeg 1152w, https:\/\/serveiseducatius.xtec.cat\/alturgell\/wp-content\/uploads\/usu770\/2025\/10\/WhatsApp-Image-2025-10-21-at-12.55.06-PM.jpeg 1200w\" sizes=\"auto, (max-width: 768px) 100vw, 768px\" \/><\/a><\/figure>\n","protected":false},"excerpt":{"rendered":"<p>Disposem d&#8217;un nou material en pr\u00e9stec al CRP de l&#8217;Alt Urgell. Capsateca, la revoluci\u00f3 de les capses d&#8217;aprenentatge \u00e9s un llibre amb una invitaci\u00f3 engrescadora a repensar i transformar l\u2019aula en un espai viu, creatiu i ple de descobertes.\u00a0Capsateca\u00a0\u00e9s una guia per mestres on es pot trobar inspiraci\u00f3 per contribuir a una educaci\u00f3 emocionant, universal, [&hellip;]<\/p>\n","protected":false},"author":1,"featured_media":19604,"comment_status":"open","ping_status":"open","sticky":false,"template":"","format":"standard","meta":{"_bbp_topic_count":0,"_bbp_reply_count":0,"_bbp_total_topic_count":0,"_bbp_total_reply_count":0,"_bbp_voice_count":0,"_bbp_anonymous_reply_count":0,"_bbp_topic_count_hidden":0,"_bbp_reply_count_hidden":0,"_bbp_forum_subforum_count":0,"site-sidebar-layout":"default","site-content-layout":"","ast-site-content-layout":"default","site-content-style":"default","site-sidebar-style":"default","ast-global-header-display":"","ast-banner-title-visibility":"","ast-main-header-display":"","ast-hfb-above-header-display":"","ast-hfb-below-header-display":"","ast-hfb-mobile-header-display":"","site-post-title":"","ast-breadcrumbs-content":"","ast-featured-img":"","footer-sml-layout":"","theme-transparent-header-meta":"","adv-header-id-meta":"","stick-header-meta":"","header-above-stick-meta":"","header-main-stick-meta":"","header-below-stick-meta":"","astra-migrate-meta-layouts":"set","ast-page-background-enabled":"default","ast-page-background-meta":{"desktop":{"background-color":"var(--ast-global-color-4)","background-image":"","background-repeat":"repeat","background-position":"center center","background-size":"auto","background-attachment":"scroll","background-type":"","background-media":"","overlay-type":"","overlay-color":"","overlay-opacity":"","overlay-gradient":""},"tablet":{"background-color":"","background-image":"","background-repeat":"repeat","background-position":"center center","background-size":"auto","background-attachment":"scroll","background-type":"","background-media":"","overlay-type":"","overlay-color":"","overlay-opacity":"","overlay-gradient":""},"mobile":{"background-color":"","background-image":"","background-repeat":"repeat","background-position":"center center","background-size":"auto","background-attachment":"scroll","background-type":"","background-media":"","overlay-type":"","overlay-color":"","overlay-opacity":"","overlay-gradient":""}},"ast-content-background-meta":{"desktop":{"background-color":"var(--ast-global-color-5)","background-image":"","background-repeat":"repeat","background-position":"center center","background-size":"auto","background-attachment":"scroll","background-type":"","background-media":"","overlay-type":"","overlay-color":"","overlay-opacity":"","overlay-gradient":""},"tablet":{"background-color":"var(--ast-global-color-5)","background-image":"","background-repeat":"repeat","background-position":"center center","background-size":"auto","background-attachment":"scroll","background-type":"","background-media":"","overlay-type":"","overlay-color":"","overlay-opacity":"","overlay-gradient":""},"mobile":{"background-color":"var(--ast-global-color-5)","background-image":"","background-repeat":"repeat","background-position":"center center","background-size":"auto","background-attachment":"scroll","background-type":"","background-media":"","overlay-type":"","overlay-color":"","overlay-opacity":"","overlay-gradient":""}},"footnotes":""},"categories":[195,65,1,261,193,29],"tags":[],"class_list":["post-19598","post","type-post","status-publish","format-standard","has-post-thumbnail","hentry","category-biblioteca","category-crp","category-general","category-material-de-prestec","category-material","category-portada"],"post_mailing_queue_ids":[],"_links":{"self":[{"href":"https:\/\/serveiseducatius.xtec.cat\/alturgell\/wp-json\/wp\/v2\/posts\/19598","targetHints":{"allow":["GET"]}}],"collection":[{"href":"https:\/\/serveiseducatius.xtec.cat\/alturgell\/wp-json\/wp\/v2\/posts"}],"about":[{"href":"https:\/\/serveiseducatius.xtec.cat\/alturgell\/wp-json\/wp\/v2\/types\/post"}],"author":[{"embeddable":true,"href":"https:\/\/serveiseducatius.xtec.cat\/alturgell\/wp-json\/wp\/v2\/users\/1"}],"replies":[{"embeddable":true,"href":"https:\/\/serveiseducatius.xtec.cat\/alturgell\/wp-json\/wp\/v2\/comments?post=19598"}],"version-history":[{"count":3,"href":"https:\/\/serveiseducatius.xtec.cat\/alturgell\/wp-json\/wp\/v2\/posts\/19598\/revisions"}],"predecessor-version":[{"id":19605,"href":"https:\/\/serveiseducatius.xtec.cat\/alturgell\/wp-json\/wp\/v2\/posts\/19598\/revisions\/19605"}],"wp:featuredmedia":[{"embeddable":true,"href":"https:\/\/serveiseducatius.xtec.cat\/alturgell\/wp-json\/wp\/v2\/media\/19604"}],"wp:attachment":[{"href":"https:\/\/serveiseducatius.xtec.cat\/alturgell\/wp-json\/wp\/v2\/media?parent=19598"}],"wp:term":[{"taxonomy":"category","embeddable":true,"href":"https:\/\/serveiseducatius.xtec.cat\/alturgell\/wp-json\/wp\/v2\/categories?post=19598"},{"taxonomy":"post_tag","embeddable":true,"href":"https:\/\/serveiseducatius.xtec.cat\/alturgell\/wp-json\/wp\/v2\/tags?post=19598"}],"curies":[{"name":"wp","href":"https:\/\/api.w.org\/{rel}","templated":true}]}}