{"id":19580,"date":"2025-10-20T17:04:01","date_gmt":"2025-10-20T15:04:01","guid":{"rendered":"https:\/\/serveiseducatius.xtec.cat\/alturgell\/?p=19580"},"modified":"2025-10-22T09:14:21","modified_gmt":"2025-10-22T07:14:21","slug":"conversa-amb-families-mesures-i-suports-a-les-escoles-per-alumnes-amb-necessitats-especifiques","status":"publish","type":"post","link":"https:\/\/serveiseducatius.xtec.cat\/alturgell\/portada\/conversa-amb-families-mesures-i-suports-a-les-escoles-per-alumnes-amb-necessitats-especifiques\/","title":{"rendered":"Conversa amb fam\u00edlies: Mesures i suports a les escoles per alumnes amb necessitats espec\u00edfiques"},"content":{"rendered":"\n<p><\/p>\n\n\n\n<p>El dimecres 22 d\u2019octubre a les 19.00 h, a l&#8217;Institut Joan Brudieu, tindr\u00e0 lloc una conversa amb fam\u00edlies sobre les mesures i els suports que ofereixen les escoles per a l\u2019alumnat amb necessitats espec\u00edfiques de suport educatiu.<\/p>\n\n\n\n<p>L\u2019activitat est\u00e0 adre\u00e7ada a mares, pares i tutors que vulguin con\u00e8ixer millor els recursos i les estrat\u00e8gies que els centres educatius posen en marxa per garantir una educaci\u00f3 inclusiva i adaptada a les necessitats de cada infant.<\/p>\n\n\n\n<p>Aquesta trobada pret\u00e9n ser un espai de di\u00e0leg i intercanvi, on les fam\u00edlies podran compartir inquietuds, resoldre dubtes i con\u00e8ixer de prop com es treballa des dels centres i els serveis educatius per afavorir l\u2019\u00e8xit de tot l\u2019alumnat.<\/p>\n\n\n\n<p>\ud83d\udcc5 <strong>Data:<\/strong> 22 d\u2019octubre<br>\ud83d\udd56 <strong>Hora:<\/strong> 19.00 h<br>\ud83d\udccd <strong>Lloc:<\/strong> Institut Joan Brudieu<\/p>\n\n\n\n<figure class=\"wp-block-image size-full\"><a href=\"https:\/\/serveiseducatius.xtec.cat\/alturgell\/wp-content\/uploads\/usu770\/2025\/10\/Presentacio-sense-titol-2.jpg\"><img loading=\"lazy\" decoding=\"async\" width=\"960\" height=\"540\" src=\"https:\/\/serveiseducatius.xtec.cat\/alturgell\/wp-content\/uploads\/usu770\/2025\/10\/Presentacio-sense-titol-2.jpg\" alt=\"\" class=\"wp-image-19615\" srcset=\"https:\/\/serveiseducatius.xtec.cat\/alturgell\/wp-content\/uploads\/usu770\/2025\/10\/Presentacio-sense-titol-2.jpg 960w, https:\/\/serveiseducatius.xtec.cat\/alturgell\/wp-content\/uploads\/usu770\/2025\/10\/Presentacio-sense-titol-2-300x169.jpg 300w, https:\/\/serveiseducatius.xtec.cat\/alturgell\/wp-content\/uploads\/usu770\/2025\/10\/Presentacio-sense-titol-2-768x432.jpg 768w\" sizes=\"auto, (max-width: 960px) 100vw, 960px\" \/><\/a><\/figure>\n","protected":false},"excerpt":{"rendered":"<p>El dimecres 22 d\u2019octubre a les 19.00 h, a l&#8217;Institut Joan Brudieu, tindr\u00e0 lloc una conversa amb fam\u00edlies sobre les mesures i els suports que ofereixen les escoles per a l\u2019alumnat amb necessitats espec\u00edfiques de suport educatiu. L\u2019activitat est\u00e0 adre\u00e7ada a mares, pares i tutors que vulguin con\u00e8ixer millor els recursos i les estrat\u00e8gies que [&hellip;]<\/p>\n","protected":false},"author":1,"featured_media":19615,"comment_status":"open","ping_status":"open","sticky":false,"template":"","format":"standard","meta":{"_bbp_topic_count":0,"_bbp_reply_count":0,"_bbp_total_topic_count":0,"_bbp_total_reply_count":0,"_bbp_voice_count":0,"_bbp_anonymous_reply_count":0,"_bbp_topic_count_hidden":0,"_bbp_reply_count_hidden":0,"_bbp_forum_subforum_count":0,"site-sidebar-layout":"default","site-content-layout":"","ast-site-content-layout":"default","site-content-style":"default","site-sidebar-style":"default","ast-global-header-display":"","ast-banner-title-visibility":"","ast-main-header-display":"","ast-hfb-above-header-display":"","ast-hfb-below-header-display":"","ast-hfb-mobile-header-display":"","site-post-title":"","ast-breadcrumbs-content":"","ast-featured-img":"","footer-sml-layout":"","theme-transparent-header-meta":"","adv-header-id-meta":"","stick-header-meta":"","header-above-stick-meta":"","header-main-stick-meta":"","header-below-stick-meta":"","astra-migrate-meta-layouts":"set","ast-page-background-enabled":"default","ast-page-background-meta":{"desktop":{"background-color":"var(--ast-global-color-4)","background-image":"","background-repeat":"repeat","background-position":"center center","background-size":"auto","background-attachment":"scroll","background-type":"","background-media":"","overlay-type":"","overlay-color":"","overlay-opacity":"","overlay-gradient":""},"tablet":{"background-color":"","background-image":"","background-repeat":"repeat","background-position":"center center","background-size":"auto","background-attachment":"scroll","background-type":"","background-media":"","overlay-type":"","overlay-color":"","overlay-opacity":"","overlay-gradient":""},"mobile":{"background-color":"","background-image":"","background-repeat":"repeat","background-position":"center center","background-size":"auto","background-attachment":"scroll","background-type":"","background-media":"","overlay-type":"","overlay-color":"","overlay-opacity":"","overlay-gradient":""}},"ast-content-background-meta":{"desktop":{"background-color":"var(--ast-global-color-5)","background-image":"","background-repeat":"repeat","background-position":"center center","background-size":"auto","background-attachment":"scroll","background-type":"","background-media":"","overlay-type":"","overlay-color":"","overlay-opacity":"","overlay-gradient":""},"tablet":{"background-color":"var(--ast-global-color-5)","background-image":"","background-repeat":"repeat","background-position":"center center","background-size":"auto","background-attachment":"scroll","background-type":"","background-media":"","overlay-type":"","overlay-color":"","overlay-opacity":"","overlay-gradient":""},"mobile":{"background-color":"var(--ast-global-color-5)","background-image":"","background-repeat":"repeat","background-position":"center center","background-size":"auto","background-attachment":"scroll","background-type":"","background-media":"","overlay-type":"","overlay-color":"","overlay-opacity":"","overlay-gradient":""}},"footnotes":""},"categories":[65,29],"tags":[],"class_list":["post-19580","post","type-post","status-publish","format-standard","has-post-thumbnail","hentry","category-crp","category-portada"],"post_mailing_queue_ids":[],"_links":{"self":[{"href":"https:\/\/serveiseducatius.xtec.cat\/alturgell\/wp-json\/wp\/v2\/posts\/19580","targetHints":{"allow":["GET"]}}],"collection":[{"href":"https:\/\/serveiseducatius.xtec.cat\/alturgell\/wp-json\/wp\/v2\/posts"}],"about":[{"href":"https:\/\/serveiseducatius.xtec.cat\/alturgell\/wp-json\/wp\/v2\/types\/post"}],"author":[{"embeddable":true,"href":"https:\/\/serveiseducatius.xtec.cat\/alturgell\/wp-json\/wp\/v2\/users\/1"}],"replies":[{"embeddable":true,"href":"https:\/\/serveiseducatius.xtec.cat\/alturgell\/wp-json\/wp\/v2\/comments?post=19580"}],"version-history":[{"count":3,"href":"https:\/\/serveiseducatius.xtec.cat\/alturgell\/wp-json\/wp\/v2\/posts\/19580\/revisions"}],"predecessor-version":[{"id":19617,"href":"https:\/\/serveiseducatius.xtec.cat\/alturgell\/wp-json\/wp\/v2\/posts\/19580\/revisions\/19617"}],"wp:featuredmedia":[{"embeddable":true,"href":"https:\/\/serveiseducatius.xtec.cat\/alturgell\/wp-json\/wp\/v2\/media\/19615"}],"wp:attachment":[{"href":"https:\/\/serveiseducatius.xtec.cat\/alturgell\/wp-json\/wp\/v2\/media?parent=19580"}],"wp:term":[{"taxonomy":"category","embeddable":true,"href":"https:\/\/serveiseducatius.xtec.cat\/alturgell\/wp-json\/wp\/v2\/categories?post=19580"},{"taxonomy":"post_tag","embeddable":true,"href":"https:\/\/serveiseducatius.xtec.cat\/alturgell\/wp-json\/wp\/v2\/tags?post=19580"}],"curies":[{"name":"wp","href":"https:\/\/api.w.org\/{rel}","templated":true}]}}