{"id":18931,"date":"2025-06-27T10:11:21","date_gmt":"2025-06-27T08:11:21","guid":{"rendered":"https:\/\/serveiseducatius.xtec.cat\/alturgell\/?p=18931"},"modified":"2025-06-27T12:28:14","modified_gmt":"2025-06-27T10:28:14","slug":"4d-conferencia-europea-sobre-digitalitzacio-democratica-i-drets-digitals-segona-edicio-barcelona-28-octubre-2025","status":"publish","type":"post","link":"https:\/\/serveiseducatius.xtec.cat\/alturgell\/portada\/4d-conferencia-europea-sobre-digitalitzacio-democratica-i-drets-digitals-segona-edicio-barcelona-28-octubre-2025\/","title":{"rendered":"4D &#8211; Confer\u00e8ncia Europea sobre Digitalitzaci\u00f3 Democr\u00e0tica i Drets Digitals &#8211; segona edici\u00f3 Barcelona, 28 octubre 2025"},"content":{"rendered":"<p><img loading=\"lazy\" decoding=\"async\" class=\"aligncenter\" src=\"https:\/\/mail.google.com\/mail\/u\/0?ui=2&amp;ik=d9a5d7b7cd&amp;attid=0.0.1&amp;permmsgid=msg-f:1836066536389198011&amp;th=197b04c97575c0bb&amp;view=fimg&amp;fur=ip&amp;permmsgid=msg-f:1836066536389198011&amp;sz=s0-l75-ft&amp;attbid=ANGjdJ8duaC-JzKH_WcnY9YM0FiwwkL1Y5CP_aL06FVrt9tS9uATrUht1Ks3P1QgzOJBe0OBxsuapjr8fZAKrgrXVlgYokgtY9tsukRshVvZbmNngKXLDibafG8U9YE&amp;disp=emb&amp;realattid=ii_197b04c1ce0bf7d48a61&amp;zw\" width=\"636\" height=\"334\" \/><\/p>\n<p>&nbsp;<\/p>\n<p>El dimarts 28 d&#8217;octubre de 2025 tindr\u00e0 lloc la segona edici\u00f3 de la <strong>4D &#8211; Confer\u00e8ncia Europea sobre Digitalitzaci\u00f3 Democr\u00e0tica i Drets Digitals\u00a0<\/strong>que enguany gira entorn de la digitalitzaci\u00f3 i Drets Fonamentals per una Societat Democr\u00e0tica tamb\u00e9 en l&#8217;\u00e0mbit de l&#8217;educaci\u00f3. \u00c9s una oportunitat per posar-se al dia dels aven\u00e7os en \u00e0mbit de drets digitals: noves solucions, noves legislacions, noves accions, nous projectes.<\/p>\n<p>Homologat per la Universitat de Barcelona i pel Departament d&#8217;Educaci\u00f3 com a 8 h de formaci\u00f3.<\/p>\n<p><b>Consultar m\u00e9s informaci\u00f3 i inscripcions en aquest enlla\u00e7: <a href=\"https:\/\/4d.cat\/conferencia\/\" target=\"_blank\" rel=\"noopener\" data-saferedirecturl=\"https:\/\/www.google.com\/url?q=https:\/\/4d.cat\/conferencia\/&amp;source=gmail&amp;ust=1751095901866000&amp;usg=AOvVaw3rLqiIrZ0XfBqxUs4NYIic\">https:\/\/4d.cat\/conferencia\/<\/a><br \/>\n<\/b><\/p>\n","protected":false},"excerpt":{"rendered":"<p>&nbsp; El dimarts 28 d&#8217;octubre de 2025 tindr\u00e0 lloc la segona edici\u00f3 de la 4D &#8211; Confer\u00e8ncia Europea sobre Digitalitzaci\u00f3 Democr\u00e0tica i Drets Digitals\u00a0que enguany gira entorn de la digitalitzaci\u00f3 i Drets Fonamentals per una Societat Democr\u00e0tica tamb\u00e9 en l&#8217;\u00e0mbit de l&#8217;educaci\u00f3. \u00c9s una oportunitat per posar-se al dia dels aven\u00e7os en \u00e0mbit de drets [&hellip;]<\/p>\n","protected":false},"author":1,"featured_media":18933,"comment_status":"open","ping_status":"open","sticky":false,"template":"","format":"standard","meta":{"_bbp_topic_count":0,"_bbp_reply_count":0,"_bbp_total_topic_count":0,"_bbp_total_reply_count":0,"_bbp_voice_count":0,"_bbp_anonymous_reply_count":0,"_bbp_topic_count_hidden":0,"_bbp_reply_count_hidden":0,"_bbp_forum_subforum_count":0,"site-sidebar-layout":"default","site-content-layout":"","ast-site-content-layout":"","site-content-style":"default","site-sidebar-style":"default","ast-global-header-display":"","ast-banner-title-visibility":"","ast-main-header-display":"","ast-hfb-above-header-display":"","ast-hfb-below-header-display":"","ast-hfb-mobile-header-display":"","site-post-title":"","ast-breadcrumbs-content":"","ast-featured-img":"","footer-sml-layout":"","theme-transparent-header-meta":"","adv-header-id-meta":"","stick-header-meta":"","header-above-stick-meta":"","header-main-stick-meta":"","header-below-stick-meta":"","astra-migrate-meta-layouts":"default","ast-page-background-enabled":"default","ast-page-background-meta":{"desktop":{"background-color":"var(--ast-global-color-4)","background-image":"","background-repeat":"repeat","background-position":"center center","background-size":"auto","background-attachment":"scroll","background-type":"","background-media":"","overlay-type":"","overlay-color":"","overlay-opacity":"","overlay-gradient":""},"tablet":{"background-color":"","background-image":"","background-repeat":"repeat","background-position":"center center","background-size":"auto","background-attachment":"scroll","background-type":"","background-media":"","overlay-type":"","overlay-color":"","overlay-opacity":"","overlay-gradient":""},"mobile":{"background-color":"","background-image":"","background-repeat":"repeat","background-position":"center center","background-size":"auto","background-attachment":"scroll","background-type":"","background-media":"","overlay-type":"","overlay-color":"","overlay-opacity":"","overlay-gradient":""}},"ast-content-background-meta":{"desktop":{"background-color":"var(--ast-global-color-5)","background-image":"","background-repeat":"repeat","background-position":"center center","background-size":"auto","background-attachment":"scroll","background-type":"","background-media":"","overlay-type":"","overlay-color":"","overlay-opacity":"","overlay-gradient":""},"tablet":{"background-color":"var(--ast-global-color-5)","background-image":"","background-repeat":"repeat","background-position":"center center","background-size":"auto","background-attachment":"scroll","background-type":"","background-media":"","overlay-type":"","overlay-color":"","overlay-opacity":"","overlay-gradient":""},"mobile":{"background-color":"var(--ast-global-color-5)","background-image":"","background-repeat":"repeat","background-position":"center center","background-size":"auto","background-attachment":"scroll","background-type":"","background-media":"","overlay-type":"","overlay-color":"","overlay-opacity":"","overlay-gradient":""}},"footnotes":""},"categories":[65,175,29],"tags":[],"class_list":["post-18931","post","type-post","status-publish","format-standard","has-post-thumbnail","hentry","category-crp","category-formacio","category-portada"],"post_mailing_queue_ids":[],"_links":{"self":[{"href":"https:\/\/serveiseducatius.xtec.cat\/alturgell\/wp-json\/wp\/v2\/posts\/18931","targetHints":{"allow":["GET"]}}],"collection":[{"href":"https:\/\/serveiseducatius.xtec.cat\/alturgell\/wp-json\/wp\/v2\/posts"}],"about":[{"href":"https:\/\/serveiseducatius.xtec.cat\/alturgell\/wp-json\/wp\/v2\/types\/post"}],"author":[{"embeddable":true,"href":"https:\/\/serveiseducatius.xtec.cat\/alturgell\/wp-json\/wp\/v2\/users\/1"}],"replies":[{"embeddable":true,"href":"https:\/\/serveiseducatius.xtec.cat\/alturgell\/wp-json\/wp\/v2\/comments?post=18931"}],"version-history":[{"count":1,"href":"https:\/\/serveiseducatius.xtec.cat\/alturgell\/wp-json\/wp\/v2\/posts\/18931\/revisions"}],"predecessor-version":[{"id":18932,"href":"https:\/\/serveiseducatius.xtec.cat\/alturgell\/wp-json\/wp\/v2\/posts\/18931\/revisions\/18932"}],"wp:featuredmedia":[{"embeddable":true,"href":"https:\/\/serveiseducatius.xtec.cat\/alturgell\/wp-json\/wp\/v2\/media\/18933"}],"wp:attachment":[{"href":"https:\/\/serveiseducatius.xtec.cat\/alturgell\/wp-json\/wp\/v2\/media?parent=18931"}],"wp:term":[{"taxonomy":"category","embeddable":true,"href":"https:\/\/serveiseducatius.xtec.cat\/alturgell\/wp-json\/wp\/v2\/categories?post=18931"},{"taxonomy":"post_tag","embeddable":true,"href":"https:\/\/serveiseducatius.xtec.cat\/alturgell\/wp-json\/wp\/v2\/tags?post=18931"}],"curies":[{"name":"wp","href":"https:\/\/api.w.org\/{rel}","templated":true}]}}