{"id":18888,"date":"2025-06-19T09:17:47","date_gmt":"2025-06-19T07:17:47","guid":{"rendered":"https:\/\/serveiseducatius.xtec.cat\/alturgell\/?p=18888"},"modified":"2025-06-19T16:11:41","modified_gmt":"2025-06-19T14:11:41","slug":"la-porta-dentrada-a-laula-sistemica-nou-llibre-en-lambit-educatiu","status":"publish","type":"post","link":"https:\/\/serveiseducatius.xtec.cat\/alturgell\/portada\/la-porta-dentrada-a-laula-sistemica-nou-llibre-en-lambit-educatiu\/","title":{"rendered":"La porta d&#8217;entrada a l&#8217;aula sist\u00e8mica, nou llibre en l&#8217;\u00e0mbit educatiu"},"content":{"rendered":"<p data-start=\"126\" data-end=\"301\">Raquel Padr\u00f3s Su\u00e1rez, de Porqueres, i Laura S\u00e1nchez Batalla, de la Seu d\u2019Urgell s\u00f3n dues mestres i pedagogues sist\u00e8miques que presenten un projecte innovador que vol sacsejar positivament el m\u00f3n educatiu. El seu llibre, titulat <strong>&#8220;La porta d\u2019entrada a l\u2019aula sist\u00e8mica&#8221;<\/strong>, \u00e9s una recopilaci\u00f3 de situacions d\u2019aprenentatge sist\u00e8miques i estrat\u00e8gies creatives pensades per aplicar a l\u2019aula amb una mirada innovadora, reflexiva i profundament humana.<\/p>\n<p data-start=\"701\" data-end=\"1049\">Tot i viure en llocs diferents, la Raquel i la Laura comparteixen una visi\u00f3 apassionada de l\u2019educaci\u00f3 com a eina de transformaci\u00f3 social. Des d\u2019aquest vincle neix una proposta que vol arribar a tots els agents implicats en el sistema educatiu: mestres, professors, equips directius, educadors, fam\u00edlies, formadors i influenciadors del m\u00f3n educatiu.<\/p>\n<p data-start=\"701\" data-end=\"1049\"><span style=\"font-family: inherit; font-size: 1em;\">&#8220;<\/span><em style=\"font-family: inherit; font-size: 1em;\" data-start=\"1054\" data-end=\"1183\">Cada p\u00e0gina \u00e9s una oportunitat per connectar amb idees, emocions i experi\u00e8ncies que inspiren i enriqueixen la vida dels lectors<\/em><span style=\"font-family: inherit; font-size: 1em;\">&#8220;, expliquen les autores.<\/span><\/p>\n<p data-start=\"1210\" data-end=\"1448\">El llibre ofereix una perspectiva sist\u00e8mica sobre l\u2019aprenentatge, afavorint una educaci\u00f3 m\u00e9s emp\u00e0tica, inclusiva i conscient. Amb exemples pr\u00e0ctics i inspiradors, esdev\u00e9 una eina \u00fatil per millorar la pr\u00e0ctica educativa a totes les etapes.<\/p>\n<p data-start=\"1450\" data-end=\"1802\">Disponible en catal\u00e0 i castell\u00e0, el llibre no nom\u00e9s busca informar, sin\u00f3 tamb\u00e9 emocionar, transformar i deixar una empremta duradora en la comunitat educativa. Es tracta d\u2019una crida a l\u2019acci\u00f3 per construir una educaci\u00f3 que posi les persones al centre i valori les relacions i els vincles com a eixos fonamentals del proc\u00e9s d\u2019aprenentatge.<\/p>\n<p data-start=\"1804\" data-end=\"1952\">Si voleu sumar-vos al projecte i adquirir el llibre, podeu contactar directament amb les autores a trav\u00e9s del correu: <strong data-start=\"1922\" data-end=\"1951\"><a class=\"cursor-pointer\" rel=\"noopener\" data-start=\"1924\" data-end=\"1949\">laportadentrada@gmail.com<\/a><\/strong>.<\/p>\n<p data-start=\"1804\" data-end=\"1952\"><strong>La presentaci\u00f3 del seu llibre ser\u00e0 el dia 30 de juny a les 18.30 h a la Biblioteca Sant Agust\u00ed de la Seu d&#8217;Urgell.<\/strong><\/p>\n<p data-start=\"1954\" data-end=\"2102\" data-is-last-node=\"\" data-is-only-node=\"\"><img loading=\"lazy\" decoding=\"async\" class=\"alignnone wp-image-18905 size-full\" src=\"https:\/\/serveiseducatius.xtec.cat\/alturgell\/wp-content\/uploads\/usu770\/2025\/06\/Programa-dimmersio-linguistica-en-angles-e1750342239216.png\" alt=\"\" width=\"1413\" height=\"1663\" srcset=\"https:\/\/serveiseducatius.xtec.cat\/alturgell\/wp-content\/uploads\/usu770\/2025\/06\/Programa-dimmersio-linguistica-en-angles-e1750342239216.png 1413w, https:\/\/serveiseducatius.xtec.cat\/alturgell\/wp-content\/uploads\/usu770\/2025\/06\/Programa-dimmersio-linguistica-en-angles-e1750342239216-255x300.png 255w, https:\/\/serveiseducatius.xtec.cat\/alturgell\/wp-content\/uploads\/usu770\/2025\/06\/Programa-dimmersio-linguistica-en-angles-e1750342239216-870x1024.png 870w, https:\/\/serveiseducatius.xtec.cat\/alturgell\/wp-content\/uploads\/usu770\/2025\/06\/Programa-dimmersio-linguistica-en-angles-e1750342239216-768x904.png 768w, https:\/\/serveiseducatius.xtec.cat\/alturgell\/wp-content\/uploads\/usu770\/2025\/06\/Programa-dimmersio-linguistica-en-angles-e1750342239216-1305x1536.png 1305w\" sizes=\"auto, (max-width: 1413px) 100vw, 1413px\" \/><\/p>\n<p data-start=\"1954\" data-end=\"2102\" data-is-last-node=\"\" data-is-only-node=\"\">La presentaci\u00f3 del llibre ser\u00e0 el pr\u00f2xim 30 de juny a les 18.30h a la biblioteca Sant Agust\u00ed de la Seu d&#8217;Urgell.<\/p>\n<p data-start=\"1954\" data-end=\"2102\" data-is-last-node=\"\" data-is-only-node=\"\">\n","protected":false},"excerpt":{"rendered":"<p>Raquel Padr\u00f3s Su\u00e1rez, de Porqueres, i Laura S\u00e1nchez Batalla, de la Seu d\u2019Urgell s\u00f3n dues mestres i pedagogues sist\u00e8miques que presenten un projecte innovador que vol sacsejar positivament el m\u00f3n educatiu. El seu llibre, titulat &#8220;La porta d\u2019entrada a l\u2019aula sist\u00e8mica&#8221;, \u00e9s una recopilaci\u00f3 de situacions d\u2019aprenentatge sist\u00e8miques i estrat\u00e8gies creatives pensades per aplicar a [&hellip;]<\/p>\n","protected":false},"author":1,"featured_media":18905,"comment_status":"open","ping_status":"open","sticky":false,"template":"","format":"standard","meta":{"_bbp_topic_count":0,"_bbp_reply_count":0,"_bbp_total_topic_count":0,"_bbp_total_reply_count":0,"_bbp_voice_count":0,"_bbp_anonymous_reply_count":0,"_bbp_topic_count_hidden":0,"_bbp_reply_count_hidden":0,"_bbp_forum_subforum_count":0,"site-sidebar-layout":"default","site-content-layout":"","ast-site-content-layout":"","site-content-style":"default","site-sidebar-style":"default","ast-global-header-display":"","ast-banner-title-visibility":"","ast-main-header-display":"","ast-hfb-above-header-display":"","ast-hfb-below-header-display":"","ast-hfb-mobile-header-display":"","site-post-title":"","ast-breadcrumbs-content":"","ast-featured-img":"","footer-sml-layout":"","theme-transparent-header-meta":"","adv-header-id-meta":"","stick-header-meta":"","header-above-stick-meta":"","header-main-stick-meta":"","header-below-stick-meta":"","astra-migrate-meta-layouts":"default","ast-page-background-enabled":"default","ast-page-background-meta":{"desktop":{"background-color":"var(--ast-global-color-4)","background-image":"","background-repeat":"repeat","background-position":"center center","background-size":"auto","background-attachment":"scroll","background-type":"","background-media":"","overlay-type":"","overlay-color":"","overlay-opacity":"","overlay-gradient":""},"tablet":{"background-color":"","background-image":"","background-repeat":"repeat","background-position":"center center","background-size":"auto","background-attachment":"scroll","background-type":"","background-media":"","overlay-type":"","overlay-color":"","overlay-opacity":"","overlay-gradient":""},"mobile":{"background-color":"","background-image":"","background-repeat":"repeat","background-position":"center center","background-size":"auto","background-attachment":"scroll","background-type":"","background-media":"","overlay-type":"","overlay-color":"","overlay-opacity":"","overlay-gradient":""}},"ast-content-background-meta":{"desktop":{"background-color":"var(--ast-global-color-5)","background-image":"","background-repeat":"repeat","background-position":"center center","background-size":"auto","background-attachment":"scroll","background-type":"","background-media":"","overlay-type":"","overlay-color":"","overlay-opacity":"","overlay-gradient":""},"tablet":{"background-color":"var(--ast-global-color-5)","background-image":"","background-repeat":"repeat","background-position":"center center","background-size":"auto","background-attachment":"scroll","background-type":"","background-media":"","overlay-type":"","overlay-color":"","overlay-opacity":"","overlay-gradient":""},"mobile":{"background-color":"var(--ast-global-color-5)","background-image":"","background-repeat":"repeat","background-position":"center center","background-size":"auto","background-attachment":"scroll","background-type":"","background-media":"","overlay-type":"","overlay-color":"","overlay-opacity":"","overlay-gradient":""}},"footnotes":""},"categories":[65,29],"tags":[],"class_list":["post-18888","post","type-post","status-publish","format-standard","has-post-thumbnail","hentry","category-crp","category-portada"],"post_mailing_queue_ids":[],"_links":{"self":[{"href":"https:\/\/serveiseducatius.xtec.cat\/alturgell\/wp-json\/wp\/v2\/posts\/18888","targetHints":{"allow":["GET"]}}],"collection":[{"href":"https:\/\/serveiseducatius.xtec.cat\/alturgell\/wp-json\/wp\/v2\/posts"}],"about":[{"href":"https:\/\/serveiseducatius.xtec.cat\/alturgell\/wp-json\/wp\/v2\/types\/post"}],"author":[{"embeddable":true,"href":"https:\/\/serveiseducatius.xtec.cat\/alturgell\/wp-json\/wp\/v2\/users\/1"}],"replies":[{"embeddable":true,"href":"https:\/\/serveiseducatius.xtec.cat\/alturgell\/wp-json\/wp\/v2\/comments?post=18888"}],"version-history":[{"count":6,"href":"https:\/\/serveiseducatius.xtec.cat\/alturgell\/wp-json\/wp\/v2\/posts\/18888\/revisions"}],"predecessor-version":[{"id":18906,"href":"https:\/\/serveiseducatius.xtec.cat\/alturgell\/wp-json\/wp\/v2\/posts\/18888\/revisions\/18906"}],"wp:featuredmedia":[{"embeddable":true,"href":"https:\/\/serveiseducatius.xtec.cat\/alturgell\/wp-json\/wp\/v2\/media\/18905"}],"wp:attachment":[{"href":"https:\/\/serveiseducatius.xtec.cat\/alturgell\/wp-json\/wp\/v2\/media?parent=18888"}],"wp:term":[{"taxonomy":"category","embeddable":true,"href":"https:\/\/serveiseducatius.xtec.cat\/alturgell\/wp-json\/wp\/v2\/categories?post=18888"},{"taxonomy":"post_tag","embeddable":true,"href":"https:\/\/serveiseducatius.xtec.cat\/alturgell\/wp-json\/wp\/v2\/tags?post=18888"}],"curies":[{"name":"wp","href":"https:\/\/api.w.org\/{rel}","templated":true}]}}