{"id":18598,"date":"2025-05-16T09:44:57","date_gmt":"2025-05-16T07:44:57","guid":{"rendered":"https:\/\/serveiseducatius.xtec.cat\/alturgell\/?p=18598"},"modified":"2025-05-16T11:12:09","modified_gmt":"2025-05-16T09:12:09","slug":"presentacio-de-la-xarxa-descoles-dels-parcs-del-pirineu-agenda-escolar-del-pirineu-2","status":"publish","type":"post","link":"https:\/\/serveiseducatius.xtec.cat\/alturgell\/portada\/presentacio-de-la-xarxa-descoles-dels-parcs-del-pirineu-agenda-escolar-del-pirineu-2\/","title":{"rendered":"Presentaci\u00f3 de la Xarxa d\u2019Escoles dels Parcs del Pirineu \u2013 Agenda Escolar del Pirineu"},"content":{"rendered":"<p>&nbsp;<\/p>\n<p>&nbsp;<\/p>\n<p>&nbsp;<\/p>\n<p><img loading=\"lazy\" decoding=\"async\" class=\" wp-image-18604 alignleft\" src=\"https:\/\/serveiseducatius.xtec.cat\/alturgell\/wp-content\/uploads\/usu770\/2025\/05\/Captura.jpg\" alt=\"\" width=\"411\" height=\"855\" srcset=\"https:\/\/serveiseducatius.xtec.cat\/alturgell\/wp-content\/uploads\/usu770\/2025\/05\/Captura.jpg 402w, https:\/\/serveiseducatius.xtec.cat\/alturgell\/wp-content\/uploads\/usu770\/2025\/05\/Captura-144x300.jpg 144w\" sizes=\"auto, (max-width: 411px) 100vw, 411px\" \/>Ahir dijous 15 de maig es va portar a terme la presentaci\u00f3 de l&#8217;<strong>Agenda escolar del Pirineu<\/strong>. En la presentaci\u00f3 van\u00a0 la <strong>Sra. Carlota Valls Albiol<\/strong>, directora del Servei Territorial de l&#8217;Alt Pirineu i Aran, <strong>Sandra Meya Escofet<\/strong>, directora del CRP de l&#8217;Alt Pirineu i Aran,<strong> Anna Pardos Torrents<\/strong>, directora CRP de la Cerdanya, <strong>Queralt Tor Guitart<\/strong>, directora del Parc Natural Cad\u00ed Moixer\u00f3, <strong>Gisela Picanyol Vall<\/strong>, t\u00e8cnica ambiental del Parc Natural Cad\u00ed Moixer\u00f3\u00a0i <strong>B\u00e0rbara Romeu Lled\u00f3<\/strong>, regidora de l&#8217;Ajuntament de la Seu d&#8217;Urgell.<\/p>\n<p>L&#8217;agenda escolar del Pirineu \u00e9s un projecte que neix de la col\u00b7laboraci\u00f3 entre el Departament d\u2019Educaci\u00f3 i Formaci\u00f3 Professional dels Serveis Territorials de l\u2019Alt Pirineu i Aran, el Parc Natural de l\u2019Alt Pirineu, Parc Natural del Cad\u00ed- Moixer\u00f3, el Parc Nacional d\u2019Aig\u00fcestortes i Estany de Sant Maurici, el Geoparc i la Reserva Nacional de Ca\u00e7a del Boumor.<\/p>\n<p>L\u2019agenda inclou informaci\u00f3 sobre els espais naturals protegits del Pirineu, aix\u00ed com de les <strong>activitats educatives<\/strong> que ofereixen. Cada setmana els infants, fam\u00edlies i docents podran llegir una<strong> curiositat<\/strong> del medi natural i treballar sobre algun dels <strong>reptes<\/strong> ambientals que proposa l\u2019agenda.<\/p>\n<p>Tamb\u00e9 inclou jocs, consells per anar a la natura i una guia identificativa d\u2019esp\u00e8cies, entre altres elements. L\u2019agenda, que segueix el format d\u2019un quadern de camp, est\u00e0 <strong>adre\u00e7ada a infants i joves de 3 a 16 anys<\/strong>.<\/p>\n<p>Ha estat il\u00b7lustrada per l\u2019ornit\u00f2leg i <strong>il\u00b7lustrador cient\u00edfic<\/strong>, \u00c0lex Mascarell, i impresa en paper ecol\u00f2gic, sense elements pl\u00e0stics. Per donar-la a con\u00e8ixer entre els professionals de la doc\u00e8ncia aquests dies s\u2019estan organitzen diverses presentacions.<\/p>\n<p>L&#8217;agenda, que es repartir\u00e0 als m\u00e9s de <strong>4.000 alumnes\u00a0<\/strong>de les escoles del\u00a0<strong>Pallars<\/strong>, l&#8217;Alta Ribagor\u00e7a, la Val d&#8217;Aran, la Cerdanya, l&#8217;Alt Urgell i el Bergued\u00e0.<\/p>\n<p><img loading=\"lazy\" decoding=\"async\" class=\"alignnone wp-image-18600\" src=\"https:\/\/serveiseducatius.xtec.cat\/alturgell\/wp-content\/uploads\/usu770\/2025\/05\/WhatsApp-Image-2025-05-15-at-18.34.13.jpeg\" alt=\"\" width=\"406\" height=\"542\" srcset=\"https:\/\/serveiseducatius.xtec.cat\/alturgell\/wp-content\/uploads\/usu770\/2025\/05\/WhatsApp-Image-2025-05-15-at-18.34.13.jpeg 1536w, https:\/\/serveiseducatius.xtec.cat\/alturgell\/wp-content\/uploads\/usu770\/2025\/05\/WhatsApp-Image-2025-05-15-at-18.34.13-225x300.jpeg 225w, https:\/\/serveiseducatius.xtec.cat\/alturgell\/wp-content\/uploads\/usu770\/2025\/05\/WhatsApp-Image-2025-05-15-at-18.34.13-768x1024.jpeg 768w, https:\/\/serveiseducatius.xtec.cat\/alturgell\/wp-content\/uploads\/usu770\/2025\/05\/WhatsApp-Image-2025-05-15-at-18.34.13-1152x1536.jpeg 1152w\" sizes=\"auto, (max-width: 406px) 100vw, 406px\" \/>\u00a0<img loading=\"lazy\" decoding=\"async\" class=\"alignnone wp-image-18601\" src=\"https:\/\/serveiseducatius.xtec.cat\/alturgell\/wp-content\/uploads\/usu770\/2025\/05\/WhatsApp-Image-2025-05-15-at-20.50.38.jpeg\" alt=\"\" width=\"406\" height=\"541\" srcset=\"https:\/\/serveiseducatius.xtec.cat\/alturgell\/wp-content\/uploads\/usu770\/2025\/05\/WhatsApp-Image-2025-05-15-at-20.50.38.jpeg 1200w, https:\/\/serveiseducatius.xtec.cat\/alturgell\/wp-content\/uploads\/usu770\/2025\/05\/WhatsApp-Image-2025-05-15-at-20.50.38-225x300.jpeg 225w, https:\/\/serveiseducatius.xtec.cat\/alturgell\/wp-content\/uploads\/usu770\/2025\/05\/WhatsApp-Image-2025-05-15-at-20.50.38-768x1024.jpeg 768w, https:\/\/serveiseducatius.xtec.cat\/alturgell\/wp-content\/uploads\/usu770\/2025\/05\/WhatsApp-Image-2025-05-15-at-20.50.38-1152x1536.jpeg 1152w\" sizes=\"auto, (max-width: 406px) 100vw, 406px\" \/><\/p>\n<p>&nbsp;<\/p>\n<p>&nbsp;<\/p>\n<p><strong>Recull de premsa:<\/strong><\/p>\n<p>R\u00e0dio Seu: https:\/\/www.radioseu.cat\/noticies\/el-govern-i-els-espais-naturals-protegits-del-pirineu-impulsen-una-agenda-escolar-per-fomentar-leducacio-ambiental<\/p>\n<p>Naci\u00f3 Digital: https:\/\/naciodigital.cat\/lleida\/societat\/una-agenda-escolar-uneix-natura-i-educacio-als-parcs-del-pirineu.html<\/p>\n<p>Pallars digital: https:\/\/www.pallarsdigital.cat\/societat\/21496-impulsen-una-agenda-escolar-per-fomentar-educacio-ambiental-pirineu<\/p>\n<p>Pirineus digital: https:\/\/pirineusdigital.cat\/sort-acull-la-presentacio-de-la-xarxa-descoles-dels-parcs-del-pirineu-i-la-primera-agenda-escolar-interparcs\/<\/p>\n<p>Territoris.cat: https:\/\/www.territoris.cat\/articulo\/societat\/neix-l-agenda-escolar-interparcs-per-portar-l-educacio-ambiental-aules-pirineu\/20250514122530101208.html<\/p>\n<p>Govern.cat: https:\/\/govern.cat\/salapremsa\/notes-premsa\/707282\/govern-espais-naturals-protegits-del-pirineu-impulsen-agenda-escolar-fomentar-leducacio-ambiental<\/p>\n<p>&nbsp;<\/p>\n<p>&nbsp;<\/p>\n<p>&nbsp;<\/p>\n<p>&nbsp;<\/p>\n","protected":false},"excerpt":{"rendered":"<p>&nbsp; &nbsp; &nbsp; Ahir dijous 15 de maig es va portar a terme la presentaci\u00f3 de l&#8217;Agenda escolar del Pirineu. En la presentaci\u00f3 van\u00a0 la Sra. Carlota Valls Albiol, directora del Servei Territorial de l&#8217;Alt Pirineu i Aran, Sandra Meya Escofet, directora del CRP de l&#8217;Alt Pirineu i Aran, Anna Pardos Torrents, directora CRP de [&hellip;]<\/p>\n","protected":false},"author":1,"featured_media":18602,"comment_status":"open","ping_status":"closed","sticky":false,"template":"","format":"standard","meta":{"_bbp_topic_count":0,"_bbp_reply_count":0,"_bbp_total_topic_count":0,"_bbp_total_reply_count":0,"_bbp_voice_count":0,"_bbp_anonymous_reply_count":0,"_bbp_topic_count_hidden":0,"_bbp_reply_count_hidden":0,"_bbp_forum_subforum_count":0,"site-sidebar-layout":"default","site-content-layout":"","ast-site-content-layout":"","site-content-style":"default","site-sidebar-style":"default","ast-global-header-display":"","ast-banner-title-visibility":"","ast-main-header-display":"","ast-hfb-above-header-display":"","ast-hfb-below-header-display":"","ast-hfb-mobile-header-display":"","site-post-title":"","ast-breadcrumbs-content":"","ast-featured-img":"","footer-sml-layout":"","theme-transparent-header-meta":"","adv-header-id-meta":"","stick-header-meta":"","header-above-stick-meta":"","header-main-stick-meta":"","header-below-stick-meta":"","astra-migrate-meta-layouts":"default","ast-page-background-enabled":"default","ast-page-background-meta":{"desktop":{"background-color":"var(--ast-global-color-4)","background-image":"","background-repeat":"repeat","background-position":"center center","background-size":"auto","background-attachment":"scroll","background-type":"","background-media":"","overlay-type":"","overlay-color":"","overlay-opacity":"","overlay-gradient":""},"tablet":{"background-color":"","background-image":"","background-repeat":"repeat","background-position":"center center","background-size":"auto","background-attachment":"scroll","background-type":"","background-media":"","overlay-type":"","overlay-color":"","overlay-opacity":"","overlay-gradient":""},"mobile":{"background-color":"","background-image":"","background-repeat":"repeat","background-position":"center center","background-size":"auto","background-attachment":"scroll","background-type":"","background-media":"","overlay-type":"","overlay-color":"","overlay-opacity":"","overlay-gradient":""}},"ast-content-background-meta":{"desktop":{"background-color":"var(--ast-global-color-5)","background-image":"","background-repeat":"repeat","background-position":"center center","background-size":"auto","background-attachment":"scroll","background-type":"","background-media":"","overlay-type":"","overlay-color":"","overlay-opacity":"","overlay-gradient":""},"tablet":{"background-color":"var(--ast-global-color-5)","background-image":"","background-repeat":"repeat","background-position":"center center","background-size":"auto","background-attachment":"scroll","background-type":"","background-media":"","overlay-type":"","overlay-color":"","overlay-opacity":"","overlay-gradient":""},"mobile":{"background-color":"var(--ast-global-color-5)","background-image":"","background-repeat":"repeat","background-position":"center center","background-size":"auto","background-attachment":"scroll","background-type":"","background-media":"","overlay-type":"","overlay-color":"","overlay-opacity":"","overlay-gradient":""}},"footnotes":""},"categories":[65,29],"tags":[],"class_list":["post-18598","post","type-post","status-publish","format-standard","has-post-thumbnail","hentry","category-crp","category-portada"],"post_mailing_queue_ids":[],"_links":{"self":[{"href":"https:\/\/serveiseducatius.xtec.cat\/alturgell\/wp-json\/wp\/v2\/posts\/18598","targetHints":{"allow":["GET"]}}],"collection":[{"href":"https:\/\/serveiseducatius.xtec.cat\/alturgell\/wp-json\/wp\/v2\/posts"}],"about":[{"href":"https:\/\/serveiseducatius.xtec.cat\/alturgell\/wp-json\/wp\/v2\/types\/post"}],"author":[{"embeddable":true,"href":"https:\/\/serveiseducatius.xtec.cat\/alturgell\/wp-json\/wp\/v2\/users\/1"}],"replies":[{"embeddable":true,"href":"https:\/\/serveiseducatius.xtec.cat\/alturgell\/wp-json\/wp\/v2\/comments?post=18598"}],"version-history":[{"count":5,"href":"https:\/\/serveiseducatius.xtec.cat\/alturgell\/wp-json\/wp\/v2\/posts\/18598\/revisions"}],"predecessor-version":[{"id":18616,"href":"https:\/\/serveiseducatius.xtec.cat\/alturgell\/wp-json\/wp\/v2\/posts\/18598\/revisions\/18616"}],"wp:featuredmedia":[{"embeddable":true,"href":"https:\/\/serveiseducatius.xtec.cat\/alturgell\/wp-json\/wp\/v2\/media\/18602"}],"wp:attachment":[{"href":"https:\/\/serveiseducatius.xtec.cat\/alturgell\/wp-json\/wp\/v2\/media?parent=18598"}],"wp:term":[{"taxonomy":"category","embeddable":true,"href":"https:\/\/serveiseducatius.xtec.cat\/alturgell\/wp-json\/wp\/v2\/categories?post=18598"},{"taxonomy":"post_tag","embeddable":true,"href":"https:\/\/serveiseducatius.xtec.cat\/alturgell\/wp-json\/wp\/v2\/tags?post=18598"}],"curies":[{"name":"wp","href":"https:\/\/api.w.org\/{rel}","templated":true}]}}