{"id":18582,"date":"2025-05-15T09:57:13","date_gmt":"2025-05-15T07:57:13","guid":{"rendered":"https:\/\/serveiseducatius.xtec.cat\/alturgell\/?p=18582"},"modified":"2025-05-15T09:57:47","modified_gmt":"2025-05-15T07:57:47","slug":"17-de-maig-dia-internacional-contra-lhomofobia-la-lesbofobia-la-transfobia-la-bifobia-i-la-interfobia","status":"publish","type":"post","link":"https:\/\/serveiseducatius.xtec.cat\/alturgell\/portada\/17-de-maig-dia-internacional-contra-lhomofobia-la-lesbofobia-la-transfobia-la-bifobia-i-la-interfobia\/","title":{"rendered":"17 de maig, Dia Internacional contra l\u2019Homof\u00f2bia, la Lesbof\u00f2bia, la Transf\u00f2bia, la Bif\u00f2bia i la Interf\u00f2bia"},"content":{"rendered":"<p><img loading=\"lazy\" decoding=\"async\" class=\"wp-image-18583 aligncenter\" src=\"https:\/\/serveiseducatius.xtec.cat\/alturgell\/wp-content\/uploads\/usu770\/2025\/05\/lgtbi-fobia.jpg\" alt=\"\" width=\"456\" height=\"257\" srcset=\"https:\/\/serveiseducatius.xtec.cat\/alturgell\/wp-content\/uploads\/usu770\/2025\/05\/lgtbi-fobia.jpg 686w, https:\/\/serveiseducatius.xtec.cat\/alturgell\/wp-content\/uploads\/usu770\/2025\/05\/lgtbi-fobia-300x169.jpg 300w\" sizes=\"auto, (max-width: 456px) 100vw, 456px\" \/><\/p>\n<p>&nbsp;<\/p>\n<p>El <a href=\"https:\/\/igualtat.gencat.cat\/ca\/ambits-dactuacio\/lgbti\/dies-internacionals-lgbti\/\" target=\"_blank\" rel=\"noopener\"><strong>17 de maig<\/strong><\/a>\u00a0es commemora la lluita contra l\u2019LGBTI-f\u00f2bia i ens sumem al lema proposat per enguany\u00a0<a title=\"El poder de les comunitats\" href=\"https:\/\/may17.org\/2025\/idahobit2025-theme\/\" target=\"_blank\" rel=\"noopener\"><strong>El poder de les comunitats<\/strong><\/a>.<\/p>\n<p>Posem en valor la feina feta des de les associacions, les entitats, per moltes persones, feina que dona for\u00e7a i resili\u00e8ncia al moviment de defensa dels drets de les persones LGBTI+ (lesbianes, gais, bisexuals, transg\u00e8neres, intersexuals\u2026) perqu\u00e8 la identitat de tots i totes sigui viscuda en confian\u00e7a amb l\u2019entorn.<\/p>\n<p>Des de l\u2019\u00e0mbit educatiu, treballem per l\u2019educaci\u00f3 afectivosexual de l\u2019alumnat, fomentant l\u2019esperit cr\u00edtic envers els estereotips de g\u00e8nere limitadors, promocionant el benestar de la persona i unes relacions lliures de conductes abusives.<\/p>\n<p><strong>Recursos del Departament:<\/strong><\/p>\n<p><a href=\"https:\/\/educacio.gencat.cat\/ca\/departament\/publicacions\/campanyes\/\" target=\"_blank\" rel=\"noopener\"><strong>Campanyes de comunicaci\u00f3<\/strong><\/a>. Consulteu la campanya\u00a0<strong><a href=\"https:\/\/educacio.gencat.cat\/ca\/departament\/publicacions\/campanyes\/busca-senyals-atura-assetjament\/\" target=\"_blank\" rel=\"noopener\">Busca els senyals. Atura l\u2019assetjament<\/a><\/strong>\u00a0aix\u00ed com la\u00a0<strong><a href=\"https:\/\/www.youtube.com\/watch?v=XD9cyBorRkw&amp;t=80s\" target=\"_blank\" rel=\"noopener\">Campanya USAV- LGTBI-f\u00f2bia<\/a><\/strong>, dins de\u00a0<strong><a href=\"https:\/\/educacio.gencat.cat\/ca\/departament\/publicacions\/campanyes\/escoltem-ajudem-protegim\/\" target=\"_blank\" rel=\"noopener\">T\u2019escoltem, t\u2019ajudem, et protegim<\/a><\/strong>!<\/p>\n<p><a href=\"https:\/\/xtec.gencat.cat\/ca\/alumnat\/violencies\/usav\/\" target=\"_blank\" rel=\"noopener\"><strong>Unitat de Suport a l&#8217;alumnat\u00a0en situaci\u00f3 de viol\u00e8ncia<\/strong><\/a>\u00a0(USAV). Proporciona atenci\u00f3, acompanyament i assessorament\u00a0a infants i adolescents que\u00a0viuen situacions\u00a0de viol\u00e8ncia, acompanyament a\u00a0les direccions de\u00a0centres i als i les docents per a l\u2019activaci\u00f3 del protocol. Aquest treball es duu de forma coordinada\u00a0amb els serveis territorials,\u00a0serveis\u00a0educatius, centres\u00a0i el\u00a0canal\u00a0<a href=\"https:\/\/usav.educacio.gencat.cat\/\">UsApps<\/a>\u00a0per comunicar les situacions de viol\u00e8ncia.<\/p>\n<p>Per a la comunicaci\u00f3 de casos:\u00a0900923098 i\u00a0<a href=\"mailto:usav.educacio@gencat.cat\" target=\"_blank\" rel=\"noopener\">usav.educacio@gencat.cat<\/a><\/p>\n<p><a href=\"https:\/\/educacio.gencat.cat\/ca\/departament\/publicacions\/materials-linies-estrategiques\/\" target=\"_blank\" rel=\"noopener\"><strong>Materials de difusi\u00f3 de Coeducaci\u00f3 i perspectiva de g\u00e8nere<\/strong><\/a>. Materials de difusi\u00f3 per als\u00a0centres educatius. Consulteu el material \u00a0<a href=\"https:\/\/educacio.gencat.cat\/ca\/departament\/publicacions\/materials-linies-estrategiques\/coeducacio\/dia-internacional-contra-lgbti-fobia\/\" target=\"_blank\" rel=\"noopener\"><strong>Eduquem contra l\u2019LGBTI-f\u00f2bia<\/strong><\/a><\/p>\n<p><a href=\"https:\/\/xtec.gencat.cat\/ca\/alumnat\/benestar\/coeducacio-i-perspectiva-de-genere\/\" target=\"_blank\" rel=\"noopener\"><strong>Coeducaci\u00f3, perspectiva de g\u00e8nere<\/strong><\/a>.\u00a0Els diferents \u00e0mbits de treball de la coeducaci\u00f3 al Departament<\/p>\n<p><a href=\"http:\/\/xtec.gencat.cat\/ca\/centres\/projeducatiu\/convivencia\/prog-form-prev-violencia-masclista\/\" target=\"_blank\" rel=\"noopener\"><strong>Materials de prevenci\u00f3 de la viol\u00e8ncia masclista<\/strong><\/a>.\u00a0Per a prim\u00e0ria i secund\u00e0ria, per a alumnat i fam\u00edlies<\/p>\n<p><a href=\"https:\/\/xtec.gencat.cat\/ca\/formacio\/formaciogeneralprofessorat\/coeducacio-i-violencies-masclistes\/\" target=\"_blank\" rel=\"noopener\"><strong>Coeducaci\u00f3 i viol\u00e8ncies masclistes<\/strong><\/a>. Oferta formativa per al professorat i personal dels centres educatius<\/p>\n<p><a href=\"https:\/\/milleniumbeg.cultura.gencat.cat\/search~S70*cat\/?searchtype=h&amp;searcharg=raco+violeta*&amp;searchscope=30&amp;sortdropdown=r&amp;SORT=D&amp;extended=0&amp;SUBMIT=Cerca&amp;searchlimits=&amp;searchorigarg=hraco+violeta*\" target=\"_blank\" rel=\"noopener\"><strong>Rac\u00f3 violeta<\/strong><\/a>. Fons de coeducaci\u00f3 i perspectiva de g\u00e8nere de la Biblioteca<\/p>\n<p><a href=\"https:\/\/documents.espai.educacio.gencat.cat\/eines\/llengua\/Tractament_Ling.pdf\" target=\"_blank\" rel=\"noopener\"><strong>Tractament ling\u00fc\u00edstic del g\u00e8nere en el Departament d\u2019Educaci\u00f3<\/strong><\/a><\/p>\n<p><strong>Altres recursos:<\/strong><\/p>\n<p><strong><a href=\"https:\/\/igualtat.gencat.cat\/web\/.content\/Ambits\/LGBTI\/publicacions\/Guia-LGTBIQ-DGAIA-per-a-web.pdf\" target=\"_blank\" rel=\"noopener\">Com podem incorporar la perspectiva LGBTI+ als serveis i recursos de la Direcci\u00f3 General d\u2019Atenci\u00f3 a la Inf\u00e0ncia i l\u2019Adolesc\u00e8ncia<\/a><\/strong>.\u00a0Guia teoricopr\u00e0ctica de la Generalitat de Catalunya.<\/p>\n<p><strong><a href=\"https:\/\/igualtat.gencat.cat\/ca\/ambits-dactuacio\/lgbti\/publicacions-lgbti\/\" target=\"_blank\" rel=\"noopener\">Publicacions LGBTI<\/a><\/strong>. Cat\u00e0leg de publicacions en l\u00ednia del Departament d\u2019Igualtat i Feminisme.<\/p>\n<p><strong><a href=\"https:\/\/dones.gencat.cat\/web\/.content\/03_ambits\/docs\/cdoc_guialectura_LGBTI.pdf\" target=\"_blank\" rel=\"noopener\">Guia de lectura<\/a><\/strong>. De l\u2019Institut Catal\u00e0 de les Dones, \u00e9s un recull de monografies de tem\u00e0tica LGBTI+.<\/p>\n<p><a href=\"https:\/\/igualtat.gencat.cat\/ca\/ambits-dactuacio\/lgbti\/xarxa-sai\/\" target=\"_blank\" rel=\"noopener\"><strong>Xarxa SAI<\/strong><\/a>.\u00a0Xarxa de Servei d\u2019Atenci\u00f3 Integral LGBTI de Catalunya.<\/p>\n","protected":false},"excerpt":{"rendered":"<p>&nbsp; El 17 de maig\u00a0es commemora la lluita contra l\u2019LGBTI-f\u00f2bia i ens sumem al lema proposat per enguany\u00a0El poder de les comunitats. Posem en valor la feina feta des de les associacions, les entitats, per moltes persones, feina que dona for\u00e7a i resili\u00e8ncia al moviment de defensa dels drets de les persones LGBTI+ (lesbianes, gais, [&hellip;]<\/p>\n","protected":false},"author":1,"featured_media":18583,"comment_status":"open","ping_status":"closed","sticky":false,"template":"","format":"standard","meta":{"_bbp_topic_count":0,"_bbp_reply_count":0,"_bbp_total_topic_count":0,"_bbp_total_reply_count":0,"_bbp_voice_count":0,"_bbp_anonymous_reply_count":0,"_bbp_topic_count_hidden":0,"_bbp_reply_count_hidden":0,"_bbp_forum_subforum_count":0,"site-sidebar-layout":"default","site-content-layout":"","ast-site-content-layout":"","site-content-style":"default","site-sidebar-style":"default","ast-global-header-display":"","ast-banner-title-visibility":"","ast-main-header-display":"","ast-hfb-above-header-display":"","ast-hfb-below-header-display":"","ast-hfb-mobile-header-display":"","site-post-title":"","ast-breadcrumbs-content":"","ast-featured-img":"","footer-sml-layout":"","theme-transparent-header-meta":"","adv-header-id-meta":"","stick-header-meta":"","header-above-stick-meta":"","header-main-stick-meta":"","header-below-stick-meta":"","astra-migrate-meta-layouts":"default","ast-page-background-enabled":"default","ast-page-background-meta":{"desktop":{"background-color":"var(--ast-global-color-4)","background-image":"","background-repeat":"repeat","background-position":"center center","background-size":"auto","background-attachment":"scroll","background-type":"","background-media":"","overlay-type":"","overlay-color":"","overlay-opacity":"","overlay-gradient":""},"tablet":{"background-color":"","background-image":"","background-repeat":"repeat","background-position":"center center","background-size":"auto","background-attachment":"scroll","background-type":"","background-media":"","overlay-type":"","overlay-color":"","overlay-opacity":"","overlay-gradient":""},"mobile":{"background-color":"","background-image":"","background-repeat":"repeat","background-position":"center center","background-size":"auto","background-attachment":"scroll","background-type":"","background-media":"","overlay-type":"","overlay-color":"","overlay-opacity":"","overlay-gradient":""}},"ast-content-background-meta":{"desktop":{"background-color":"var(--ast-global-color-5)","background-image":"","background-repeat":"repeat","background-position":"center center","background-size":"auto","background-attachment":"scroll","background-type":"","background-media":"","overlay-type":"","overlay-color":"","overlay-opacity":"","overlay-gradient":""},"tablet":{"background-color":"var(--ast-global-color-5)","background-image":"","background-repeat":"repeat","background-position":"center center","background-size":"auto","background-attachment":"scroll","background-type":"","background-media":"","overlay-type":"","overlay-color":"","overlay-opacity":"","overlay-gradient":""},"mobile":{"background-color":"var(--ast-global-color-5)","background-image":"","background-repeat":"repeat","background-position":"center center","background-size":"auto","background-attachment":"scroll","background-type":"","background-media":"","overlay-type":"","overlay-color":"","overlay-opacity":"","overlay-gradient":""}},"footnotes":""},"categories":[65,29,76],"tags":[],"class_list":["post-18582","post","type-post","status-publish","format-standard","has-post-thumbnail","hentry","category-crp","category-portada","category-recursos"],"post_mailing_queue_ids":[],"_links":{"self":[{"href":"https:\/\/serveiseducatius.xtec.cat\/alturgell\/wp-json\/wp\/v2\/posts\/18582","targetHints":{"allow":["GET"]}}],"collection":[{"href":"https:\/\/serveiseducatius.xtec.cat\/alturgell\/wp-json\/wp\/v2\/posts"}],"about":[{"href":"https:\/\/serveiseducatius.xtec.cat\/alturgell\/wp-json\/wp\/v2\/types\/post"}],"author":[{"embeddable":true,"href":"https:\/\/serveiseducatius.xtec.cat\/alturgell\/wp-json\/wp\/v2\/users\/1"}],"replies":[{"embeddable":true,"href":"https:\/\/serveiseducatius.xtec.cat\/alturgell\/wp-json\/wp\/v2\/comments?post=18582"}],"version-history":[{"count":1,"href":"https:\/\/serveiseducatius.xtec.cat\/alturgell\/wp-json\/wp\/v2\/posts\/18582\/revisions"}],"predecessor-version":[{"id":18584,"href":"https:\/\/serveiseducatius.xtec.cat\/alturgell\/wp-json\/wp\/v2\/posts\/18582\/revisions\/18584"}],"wp:featuredmedia":[{"embeddable":true,"href":"https:\/\/serveiseducatius.xtec.cat\/alturgell\/wp-json\/wp\/v2\/media\/18583"}],"wp:attachment":[{"href":"https:\/\/serveiseducatius.xtec.cat\/alturgell\/wp-json\/wp\/v2\/media?parent=18582"}],"wp:term":[{"taxonomy":"category","embeddable":true,"href":"https:\/\/serveiseducatius.xtec.cat\/alturgell\/wp-json\/wp\/v2\/categories?post=18582"},{"taxonomy":"post_tag","embeddable":true,"href":"https:\/\/serveiseducatius.xtec.cat\/alturgell\/wp-json\/wp\/v2\/tags?post=18582"}],"curies":[{"name":"wp","href":"https:\/\/api.w.org\/{rel}","templated":true}]}}