{"id":18534,"date":"2025-05-09T10:25:16","date_gmt":"2025-05-09T08:25:16","guid":{"rendered":"https:\/\/serveiseducatius.xtec.cat\/alturgell\/?p=18534"},"modified":"2025-05-09T10:25:16","modified_gmt":"2025-05-09T08:25:16","slug":"trobada-educacio-intergeneracional-i-profigurativa","status":"publish","type":"post","link":"https:\/\/serveiseducatius.xtec.cat\/alturgell\/general\/trobada-educacio-intergeneracional-i-profigurativa\/","title":{"rendered":"Trobada educaci\u00f3 intergeneracional i profigurativa."},"content":{"rendered":"<p class=\"\" data-start=\"61\" data-end=\"138\"><strong data-start=\"61\" data-end=\"138\">La Seu d\u2019Urgell acull la segona Trobada Intergeneracional i Profigurativa<\/strong><\/p>\n<p class=\"\" data-start=\"140\" data-end=\"359\">Aquest dimecres 8 de maig, la Seu d\u2019Urgell ha estat l\u2019escenari de la segona Trobada Intergeneracional i Profigurativa, una jornada dedicada a fomentar el di\u00e0leg, la col\u00b7laboraci\u00f3 i l\u2019aprenentatge mutu entre generacions.<\/p>\n<p class=\"\" data-start=\"361\" data-end=\"764\">L\u2019acte ha comen\u00e7at amb una presentaci\u00f3 institucional que ha donat pas a la confer\u00e8ncia central, a c\u00e0rrec del doctor Manel Dom\u00ednguez, professor em\u00e8rit de la Universitat Abat Oliba. Sota el t\u00edtol <em data-start=\"555\" data-end=\"606\">&#8220;La nova longevitat en la revoluci\u00f3 dels s\u00e8niors&#8221;<\/em>, la seva pon\u00e8ncia ha reflexionat sobre el paper actiu de les persones grans en la societat actual i els reptes que planteja l\u2019augment de l\u2019esperan\u00e7a de vida.<\/p>\n<p class=\"\" data-start=\"766\" data-end=\"1023\">Tot seguit, s\u2019han celebrat dues taules rodones amb la participaci\u00f3 d\u2019alumnat de diferents etapes educatives i persones grans, que han compartit experi\u00e8ncies, punts de vista i reflexions entorn del di\u00e0leg intergeneracional.<\/p>\n<p class=\"\" data-start=\"1025\" data-end=\"1298\">La jornada ha seguit amb la presentaci\u00f3 de la <em data-start=\"1073\" data-end=\"1147\">&#8220;Guia de bones pr\u00e0ctiques en educaci\u00f3 intergeneracional i profigurativa&#8221;<\/em>, elaborada per l\u2019equip ICE-CEPREI, una eina pensada per impulsar projectes educatius que promoguin la interacci\u00f3 i el reconeixement entre generacions.<\/p>\n<p>Finalment, hi ha hagut una actuaci\u00f3 dels alumnes de l\u2019Escola de M\u00fasica Municipal de la Seu, que han posat punt final a la trobada.<\/p>\n<table style=\"border-collapse: collapse; width: 100%;\">\n<tbody>\n<tr>\n<td style=\"width: 50%;\"><img loading=\"lazy\" decoding=\"async\" class=\"alignnone size-full wp-image-18536\" src=\"https:\/\/serveiseducatius.xtec.cat\/alturgell\/wp-content\/uploads\/usu770\/2025\/05\/WhatsApp-Image-2025-05-09-at-10.03.20-AM-1.jpeg\" alt=\"\" width=\"2000\" height=\"1500\" srcset=\"https:\/\/serveiseducatius.xtec.cat\/alturgell\/wp-content\/uploads\/usu770\/2025\/05\/WhatsApp-Image-2025-05-09-at-10.03.20-AM-1.jpeg 2000w, https:\/\/serveiseducatius.xtec.cat\/alturgell\/wp-content\/uploads\/usu770\/2025\/05\/WhatsApp-Image-2025-05-09-at-10.03.20-AM-1-300x225.jpeg 300w, https:\/\/serveiseducatius.xtec.cat\/alturgell\/wp-content\/uploads\/usu770\/2025\/05\/WhatsApp-Image-2025-05-09-at-10.03.20-AM-1-1024x768.jpeg 1024w, https:\/\/serveiseducatius.xtec.cat\/alturgell\/wp-content\/uploads\/usu770\/2025\/05\/WhatsApp-Image-2025-05-09-at-10.03.20-AM-1-768x576.jpeg 768w, https:\/\/serveiseducatius.xtec.cat\/alturgell\/wp-content\/uploads\/usu770\/2025\/05\/WhatsApp-Image-2025-05-09-at-10.03.20-AM-1-1536x1152.jpeg 1536w, https:\/\/serveiseducatius.xtec.cat\/alturgell\/wp-content\/uploads\/usu770\/2025\/05\/WhatsApp-Image-2025-05-09-at-10.03.20-AM-1-200x150.jpeg 200w\" sizes=\"auto, (max-width: 2000px) 100vw, 2000px\" \/><\/td>\n<td style=\"width: 50%;\"><img loading=\"lazy\" decoding=\"async\" class=\"alignnone  wp-image-18537\" src=\"https:\/\/serveiseducatius.xtec.cat\/alturgell\/wp-content\/uploads\/usu770\/2025\/05\/WhatsApp-Image-2025-05-09-at-10.03.19-AM.jpeg\" alt=\"\" width=\"611\" height=\"815\" srcset=\"https:\/\/serveiseducatius.xtec.cat\/alturgell\/wp-content\/uploads\/usu770\/2025\/05\/WhatsApp-Image-2025-05-09-at-10.03.19-AM.jpeg 1500w, https:\/\/serveiseducatius.xtec.cat\/alturgell\/wp-content\/uploads\/usu770\/2025\/05\/WhatsApp-Image-2025-05-09-at-10.03.19-AM-225x300.jpeg 225w, https:\/\/serveiseducatius.xtec.cat\/alturgell\/wp-content\/uploads\/usu770\/2025\/05\/WhatsApp-Image-2025-05-09-at-10.03.19-AM-768x1024.jpeg 768w, https:\/\/serveiseducatius.xtec.cat\/alturgell\/wp-content\/uploads\/usu770\/2025\/05\/WhatsApp-Image-2025-05-09-at-10.03.19-AM-1152x1536.jpeg 1152w\" sizes=\"auto, (max-width: 611px) 100vw, 611px\" \/><\/td>\n<\/tr>\n<tr>\n<td style=\"width: 50%;\"><img loading=\"lazy\" decoding=\"async\" class=\"alignnone size-full wp-image-18538\" src=\"https:\/\/serveiseducatius.xtec.cat\/alturgell\/wp-content\/uploads\/usu770\/2025\/05\/WhatsApp-Image-2025-05-09-at-10.03.18-AM.jpeg\" alt=\"\" width=\"2000\" height=\"1500\" srcset=\"https:\/\/serveiseducatius.xtec.cat\/alturgell\/wp-content\/uploads\/usu770\/2025\/05\/WhatsApp-Image-2025-05-09-at-10.03.18-AM.jpeg 2000w, https:\/\/serveiseducatius.xtec.cat\/alturgell\/wp-content\/uploads\/usu770\/2025\/05\/WhatsApp-Image-2025-05-09-at-10.03.18-AM-300x225.jpeg 300w, https:\/\/serveiseducatius.xtec.cat\/alturgell\/wp-content\/uploads\/usu770\/2025\/05\/WhatsApp-Image-2025-05-09-at-10.03.18-AM-1024x768.jpeg 1024w, https:\/\/serveiseducatius.xtec.cat\/alturgell\/wp-content\/uploads\/usu770\/2025\/05\/WhatsApp-Image-2025-05-09-at-10.03.18-AM-768x576.jpeg 768w, https:\/\/serveiseducatius.xtec.cat\/alturgell\/wp-content\/uploads\/usu770\/2025\/05\/WhatsApp-Image-2025-05-09-at-10.03.18-AM-1536x1152.jpeg 1536w, https:\/\/serveiseducatius.xtec.cat\/alturgell\/wp-content\/uploads\/usu770\/2025\/05\/WhatsApp-Image-2025-05-09-at-10.03.18-AM-200x150.jpeg 200w\" sizes=\"auto, (max-width: 2000px) 100vw, 2000px\" \/><\/td>\n<td style=\"width: 50%;\"><img loading=\"lazy\" decoding=\"async\" class=\"alignnone size-full wp-image-18540\" src=\"https:\/\/serveiseducatius.xtec.cat\/alturgell\/wp-content\/uploads\/usu770\/2025\/05\/WhatsApp-Image-2025-05-09-at-10.03.14-AM.jpeg\" alt=\"\" width=\"2000\" height=\"1500\" srcset=\"https:\/\/serveiseducatius.xtec.cat\/alturgell\/wp-content\/uploads\/usu770\/2025\/05\/WhatsApp-Image-2025-05-09-at-10.03.14-AM.jpeg 2000w, https:\/\/serveiseducatius.xtec.cat\/alturgell\/wp-content\/uploads\/usu770\/2025\/05\/WhatsApp-Image-2025-05-09-at-10.03.14-AM-300x225.jpeg 300w, https:\/\/serveiseducatius.xtec.cat\/alturgell\/wp-content\/uploads\/usu770\/2025\/05\/WhatsApp-Image-2025-05-09-at-10.03.14-AM-1024x768.jpeg 1024w, https:\/\/serveiseducatius.xtec.cat\/alturgell\/wp-content\/uploads\/usu770\/2025\/05\/WhatsApp-Image-2025-05-09-at-10.03.14-AM-768x576.jpeg 768w, https:\/\/serveiseducatius.xtec.cat\/alturgell\/wp-content\/uploads\/usu770\/2025\/05\/WhatsApp-Image-2025-05-09-at-10.03.14-AM-1536x1152.jpeg 1536w, https:\/\/serveiseducatius.xtec.cat\/alturgell\/wp-content\/uploads\/usu770\/2025\/05\/WhatsApp-Image-2025-05-09-at-10.03.14-AM-200x150.jpeg 200w\" sizes=\"auto, (max-width: 2000px) 100vw, 2000px\" \/><\/td>\n<\/tr>\n<tr>\n<td style=\"width: 50%;\"><img loading=\"lazy\" decoding=\"async\" class=\"alignnone size-full wp-image-18541\" src=\"https:\/\/serveiseducatius.xtec.cat\/alturgell\/wp-content\/uploads\/usu770\/2025\/05\/WhatsApp-Image-2025-05-09-at-10.03.12-AM.jpeg\" alt=\"\" width=\"1500\" height=\"2000\" srcset=\"https:\/\/serveiseducatius.xtec.cat\/alturgell\/wp-content\/uploads\/usu770\/2025\/05\/WhatsApp-Image-2025-05-09-at-10.03.12-AM.jpeg 1500w, https:\/\/serveiseducatius.xtec.cat\/alturgell\/wp-content\/uploads\/usu770\/2025\/05\/WhatsApp-Image-2025-05-09-at-10.03.12-AM-225x300.jpeg 225w, https:\/\/serveiseducatius.xtec.cat\/alturgell\/wp-content\/uploads\/usu770\/2025\/05\/WhatsApp-Image-2025-05-09-at-10.03.12-AM-768x1024.jpeg 768w, https:\/\/serveiseducatius.xtec.cat\/alturgell\/wp-content\/uploads\/usu770\/2025\/05\/WhatsApp-Image-2025-05-09-at-10.03.12-AM-1152x1536.jpeg 1152w\" sizes=\"auto, (max-width: 1500px) 100vw, 1500px\" \/><\/td>\n<td style=\"width: 50%;\"><img loading=\"lazy\" decoding=\"async\" class=\"alignnone size-full wp-image-18542\" src=\"https:\/\/serveiseducatius.xtec.cat\/alturgell\/wp-content\/uploads\/usu770\/2025\/05\/WhatsApp-Image-2025-05-09-at-10.03.07-AM-e1746778614692.jpeg\" alt=\"\" width=\"1663\" height=\"1500\" srcset=\"https:\/\/serveiseducatius.xtec.cat\/alturgell\/wp-content\/uploads\/usu770\/2025\/05\/WhatsApp-Image-2025-05-09-at-10.03.07-AM-e1746778614692.jpeg 1663w, https:\/\/serveiseducatius.xtec.cat\/alturgell\/wp-content\/uploads\/usu770\/2025\/05\/WhatsApp-Image-2025-05-09-at-10.03.07-AM-e1746778614692-300x271.jpeg 300w, https:\/\/serveiseducatius.xtec.cat\/alturgell\/wp-content\/uploads\/usu770\/2025\/05\/WhatsApp-Image-2025-05-09-at-10.03.07-AM-e1746778614692-1024x924.jpeg 1024w, https:\/\/serveiseducatius.xtec.cat\/alturgell\/wp-content\/uploads\/usu770\/2025\/05\/WhatsApp-Image-2025-05-09-at-10.03.07-AM-e1746778614692-768x693.jpeg 768w, https:\/\/serveiseducatius.xtec.cat\/alturgell\/wp-content\/uploads\/usu770\/2025\/05\/WhatsApp-Image-2025-05-09-at-10.03.07-AM-e1746778614692-1536x1385.jpeg 1536w\" sizes=\"auto, (max-width: 1663px) 100vw, 1663px\" \/><\/td>\n<\/tr>\n<tr>\n<td style=\"width: 50%;\"><\/td>\n<td style=\"width: 50%;\"><\/td>\n<\/tr>\n<\/tbody>\n<\/table>\n<p><strong> \u00a0 \u00a0 RECULL DE PREMSA:<\/strong><\/p>\n<p>Pirineus televisi\u00f3: <a href=\"https:\/\/pirineustv.cat\/jornada-deducacio-intergeneracional-i-profigurativa-a-la-seu-durgell\">Jornada d&#8217;educaci\u00f3 intergeneracional i profigurativa a la Seu d&#8217;Urgell.<\/a><\/p>\n<p>Pirineus digital: <a href=\"https:\/\/pirineusdigital.cat\/jornada-sobre-lensenyament-i-laprenentatge-entre-joves-i-gent-gran-a-la-seu-durgell\/\">Jornada sobre l&#8217;ensenyament i l&#8217;aprenentatge entre joves i gent gran a la Seu d&#8217;Urgell.\u00a0<\/a><\/p>\n<p>R\u00e0dio Seu:<a href=\"https:\/\/x.com\/RadioSeu\/status\/1920433714493903296\"> Segona Jornada d&#8217;Educaci\u00f3 Intergeneracional i Profigurativa<\/a><\/p>\n<h1 class=\"post-title\"><\/h1>\n<p>&nbsp;<\/p>\n","protected":false},"excerpt":{"rendered":"<p>La Seu d\u2019Urgell acull la segona Trobada Intergeneracional i Profigurativa Aquest dimecres 8 de maig, la Seu d\u2019Urgell ha estat l\u2019escenari de la segona Trobada Intergeneracional i Profigurativa, una jornada dedicada a fomentar el di\u00e0leg, la col\u00b7laboraci\u00f3 i l\u2019aprenentatge mutu entre generacions. L\u2019acte ha comen\u00e7at amb una presentaci\u00f3 institucional que ha donat pas a la [&hellip;]<\/p>\n","protected":false},"author":1,"featured_media":18545,"comment_status":"open","ping_status":"closed","sticky":false,"template":"","format":"standard","meta":{"_bbp_topic_count":0,"_bbp_reply_count":0,"_bbp_total_topic_count":0,"_bbp_total_reply_count":0,"_bbp_voice_count":0,"_bbp_anonymous_reply_count":0,"_bbp_topic_count_hidden":0,"_bbp_reply_count_hidden":0,"_bbp_forum_subforum_count":0,"site-sidebar-layout":"default","site-content-layout":"","ast-site-content-layout":"","site-content-style":"default","site-sidebar-style":"default","ast-global-header-display":"","ast-banner-title-visibility":"","ast-main-header-display":"","ast-hfb-above-header-display":"","ast-hfb-below-header-display":"","ast-hfb-mobile-header-display":"","site-post-title":"","ast-breadcrumbs-content":"","ast-featured-img":"","footer-sml-layout":"","theme-transparent-header-meta":"","adv-header-id-meta":"","stick-header-meta":"","header-above-stick-meta":"","header-main-stick-meta":"","header-below-stick-meta":"","astra-migrate-meta-layouts":"default","ast-page-background-enabled":"default","ast-page-background-meta":{"desktop":{"background-color":"var(--ast-global-color-4)","background-image":"","background-repeat":"repeat","background-position":"center center","background-size":"auto","background-attachment":"scroll","background-type":"","background-media":"","overlay-type":"","overlay-color":"","overlay-opacity":"","overlay-gradient":""},"tablet":{"background-color":"","background-image":"","background-repeat":"repeat","background-position":"center center","background-size":"auto","background-attachment":"scroll","background-type":"","background-media":"","overlay-type":"","overlay-color":"","overlay-opacity":"","overlay-gradient":""},"mobile":{"background-color":"","background-image":"","background-repeat":"repeat","background-position":"center center","background-size":"auto","background-attachment":"scroll","background-type":"","background-media":"","overlay-type":"","overlay-color":"","overlay-opacity":"","overlay-gradient":""}},"ast-content-background-meta":{"desktop":{"background-color":"var(--ast-global-color-5)","background-image":"","background-repeat":"repeat","background-position":"center center","background-size":"auto","background-attachment":"scroll","background-type":"","background-media":"","overlay-type":"","overlay-color":"","overlay-opacity":"","overlay-gradient":""},"tablet":{"background-color":"var(--ast-global-color-5)","background-image":"","background-repeat":"repeat","background-position":"center center","background-size":"auto","background-attachment":"scroll","background-type":"","background-media":"","overlay-type":"","overlay-color":"","overlay-opacity":"","overlay-gradient":""},"mobile":{"background-color":"var(--ast-global-color-5)","background-image":"","background-repeat":"repeat","background-position":"center center","background-size":"auto","background-attachment":"scroll","background-type":"","background-media":"","overlay-type":"","overlay-color":"","overlay-opacity":"","overlay-gradient":""}},"footnotes":""},"categories":[65,1,29],"tags":[],"class_list":["post-18534","post","type-post","status-publish","format-standard","has-post-thumbnail","hentry","category-crp","category-general","category-portada"],"post_mailing_queue_ids":[],"_links":{"self":[{"href":"https:\/\/serveiseducatius.xtec.cat\/alturgell\/wp-json\/wp\/v2\/posts\/18534","targetHints":{"allow":["GET"]}}],"collection":[{"href":"https:\/\/serveiseducatius.xtec.cat\/alturgell\/wp-json\/wp\/v2\/posts"}],"about":[{"href":"https:\/\/serveiseducatius.xtec.cat\/alturgell\/wp-json\/wp\/v2\/types\/post"}],"author":[{"embeddable":true,"href":"https:\/\/serveiseducatius.xtec.cat\/alturgell\/wp-json\/wp\/v2\/users\/1"}],"replies":[{"embeddable":true,"href":"https:\/\/serveiseducatius.xtec.cat\/alturgell\/wp-json\/wp\/v2\/comments?post=18534"}],"version-history":[{"count":4,"href":"https:\/\/serveiseducatius.xtec.cat\/alturgell\/wp-json\/wp\/v2\/posts\/18534\/revisions"}],"predecessor-version":[{"id":18546,"href":"https:\/\/serveiseducatius.xtec.cat\/alturgell\/wp-json\/wp\/v2\/posts\/18534\/revisions\/18546"}],"wp:featuredmedia":[{"embeddable":true,"href":"https:\/\/serveiseducatius.xtec.cat\/alturgell\/wp-json\/wp\/v2\/media\/18545"}],"wp:attachment":[{"href":"https:\/\/serveiseducatius.xtec.cat\/alturgell\/wp-json\/wp\/v2\/media?parent=18534"}],"wp:term":[{"taxonomy":"category","embeddable":true,"href":"https:\/\/serveiseducatius.xtec.cat\/alturgell\/wp-json\/wp\/v2\/categories?post=18534"},{"taxonomy":"post_tag","embeddable":true,"href":"https:\/\/serveiseducatius.xtec.cat\/alturgell\/wp-json\/wp\/v2\/tags?post=18534"}],"curies":[{"name":"wp","href":"https:\/\/api.w.org\/{rel}","templated":true}]}}