{"id":18443,"date":"2025-05-05T12:38:13","date_gmt":"2025-05-05T10:38:13","guid":{"rendered":"https:\/\/serveiseducatius.xtec.cat\/alturgell\/?p=18443"},"modified":"2025-05-15T08:53:38","modified_gmt":"2025-05-15T06:53:38","slug":"xii-jocs-florals-2025-lliurament-de-premis-fase-territorial-alt-pirineu-i-aran","status":"publish","type":"post","link":"https:\/\/serveiseducatius.xtec.cat\/alturgell\/general\/xii-jocs-florals-2025-lliurament-de-premis-fase-territorial-alt-pirineu-i-aran\/","title":{"rendered":"XII Jocs Florals 2025. Lliurament de premis fase territorial Alt Pirineu i Aran"},"content":{"rendered":"<div><img loading=\"lazy\" decoding=\"async\" class=\"alignnone wp-image-18489\" src=\"https:\/\/serveiseducatius.xtec.cat\/alturgell\/wp-content\/uploads\/usu770\/2025\/05\/fase-territorial-de-lAlt-Pirineu-i-Aran.png\" alt=\"\" width=\"859\" height=\"1074\" srcset=\"https:\/\/serveiseducatius.xtec.cat\/alturgell\/wp-content\/uploads\/usu770\/2025\/05\/fase-territorial-de-lAlt-Pirineu-i-Aran.png 1080w, https:\/\/serveiseducatius.xtec.cat\/alturgell\/wp-content\/uploads\/usu770\/2025\/05\/fase-territorial-de-lAlt-Pirineu-i-Aran-240x300.png 240w, https:\/\/serveiseducatius.xtec.cat\/alturgell\/wp-content\/uploads\/usu770\/2025\/05\/fase-territorial-de-lAlt-Pirineu-i-Aran-819x1024.png 819w, https:\/\/serveiseducatius.xtec.cat\/alturgell\/wp-content\/uploads\/usu770\/2025\/05\/fase-territorial-de-lAlt-Pirineu-i-Aran-768x960.png 768w\" sizes=\"auto, (max-width: 859px) 100vw, 859px\" \/><\/div>\n<div><\/div>\n<div><\/div>\n<div><\/div>\n<div><\/div>\n<div><\/div>\n<div><\/div>\n<div><\/div>\n<div><\/div>\n<p class=\"\" data-start=\"152\" data-end=\"595\">La dotzena edici\u00f3 dels <strong data-start=\"175\" data-end=\"213\">Jocs Florals Escolars de Catalunya<\/strong> torna a convidar l\u2019alumnat d\u2019educaci\u00f3 prim\u00e0ria i secund\u00e0ria obligat\u00f2ria a donar ales a la seva creativitat a trav\u00e9s de la prosa, la poesia i, en el cas de l&#8217;alumnat de prim\u00e0ria, tamb\u00e9 l\u2019\u00e0lbum il\u00b7lustrat. Aquesta iniciativa t\u00e9 per objectiu <strong data-start=\"444\" data-end=\"476\">fomentar l\u2019expressi\u00f3 escrita<\/strong> a les aules, aprofitant una tradici\u00f3 cultural molt arrelada al territori i present a molts centres educatius del pa\u00eds.<\/p>\n<p class=\"\" data-start=\"597\" data-end=\"823\">En la categoria de <strong data-start=\"616\" data-end=\"648\">conte audiovisual il\u00b7lustrat<\/strong>, destaca la col\u00b7laboraci\u00f3 amb <strong data-start=\"679\" data-end=\"712\">Televisi\u00f3 de Catalunya (3CAT)<\/strong>, que produir\u00e0 el conte guanyador i, si \u00e9s possible, tamb\u00e9 algun dels finalistes, seguint el criteri del jurat.<\/p>\n<p class=\"\" data-start=\"825\" data-end=\"1190\">Tots els alumnes participants, aix\u00ed com els centres educatius implicats, <strong data-start=\"898\" data-end=\"944\">rebran un diploma i una dotaci\u00f3 de llibres<\/strong>. En el cas dels treballs individuals, els llibres es lliuraran a l\u2019autor o autora. En els treballs col\u00b7lectius, la biblioteca del centre ser\u00e0 la destinat\u00e0ria dels exemplars. A m\u00e9s, els treballs premiats es podran consultar al web de la <strong data-start=\"1181\" data-end=\"1189\">XTEC<\/strong>.<\/p>\n<p class=\"\" data-start=\"1192\" data-end=\"1372\">El pr\u00f2xim <strong data-start=\"1202\" data-end=\"1235\">dimarts 20 de maig a les 10 h<\/strong>, la <strong data-start=\"1240\" data-end=\"1280\">Sala Sant Dom\u00e8nec de la Seu d&#8217;Urgell<\/strong> acollir\u00e0 l\u2019acte de lliurament de premis de la <strong data-start=\"1327\" data-end=\"1371\">fase territorial de l&#8217;Alt Pirineu i Aran<\/strong>.<\/p>\n<p class=\"\" data-start=\"1374\" data-end=\"1587\">Finalment, el <strong data-start=\"1388\" data-end=\"1419\">dissabte 14 de juny de 2025<\/strong> tindr\u00e0 lloc el <strong data-start=\"1435\" data-end=\"1453\">certamen final<\/strong>, on es far\u00e0 p\u00fablic el veredicte del jurat i es lliuraran els guardons als guanyadors dels <strong data-start=\"1544\" data-end=\"1586\">XII Jocs Florals Escolars de Catalunya<\/strong>. Aquest acte final comptar\u00e0 amb la pres\u00e8ncia del canal SX3 de Televisi\u00f3 de Catalunya.<\/p>\n<p>&nbsp;<\/p>\n<p>&nbsp;<\/p>\n<p>&nbsp;<\/p>\n","protected":false},"excerpt":{"rendered":"<p>La dotzena edici\u00f3 dels Jocs Florals Escolars de Catalunya torna a convidar l\u2019alumnat d\u2019educaci\u00f3 prim\u00e0ria i secund\u00e0ria obligat\u00f2ria a donar ales a la seva creativitat a trav\u00e9s de la prosa, la poesia i, en el cas de l&#8217;alumnat de prim\u00e0ria, tamb\u00e9 l\u2019\u00e0lbum il\u00b7lustrat. Aquesta iniciativa t\u00e9 per objectiu fomentar l\u2019expressi\u00f3 escrita a les aules, aprofitant [&hellip;]<\/p>\n","protected":false},"author":1,"featured_media":17990,"comment_status":"open","ping_status":"closed","sticky":false,"template":"","format":"standard","meta":{"_bbp_topic_count":0,"_bbp_reply_count":0,"_bbp_total_topic_count":0,"_bbp_total_reply_count":0,"_bbp_voice_count":0,"_bbp_anonymous_reply_count":0,"_bbp_topic_count_hidden":0,"_bbp_reply_count_hidden":0,"_bbp_forum_subforum_count":0,"site-sidebar-layout":"default","site-content-layout":"","ast-site-content-layout":"","site-content-style":"default","site-sidebar-style":"default","ast-global-header-display":"","ast-banner-title-visibility":"","ast-main-header-display":"","ast-hfb-above-header-display":"","ast-hfb-below-header-display":"","ast-hfb-mobile-header-display":"","site-post-title":"","ast-breadcrumbs-content":"","ast-featured-img":"","footer-sml-layout":"","theme-transparent-header-meta":"","adv-header-id-meta":"","stick-header-meta":"","header-above-stick-meta":"","header-main-stick-meta":"","header-below-stick-meta":"","astra-migrate-meta-layouts":"default","ast-page-background-enabled":"default","ast-page-background-meta":{"desktop":{"background-color":"var(--ast-global-color-4)","background-image":"","background-repeat":"repeat","background-position":"center center","background-size":"auto","background-attachment":"scroll","background-type":"","background-media":"","overlay-type":"","overlay-color":"","overlay-opacity":"","overlay-gradient":""},"tablet":{"background-color":"","background-image":"","background-repeat":"repeat","background-position":"center center","background-size":"auto","background-attachment":"scroll","background-type":"","background-media":"","overlay-type":"","overlay-color":"","overlay-opacity":"","overlay-gradient":""},"mobile":{"background-color":"","background-image":"","background-repeat":"repeat","background-position":"center center","background-size":"auto","background-attachment":"scroll","background-type":"","background-media":"","overlay-type":"","overlay-color":"","overlay-opacity":"","overlay-gradient":""}},"ast-content-background-meta":{"desktop":{"background-color":"var(--ast-global-color-5)","background-image":"","background-repeat":"repeat","background-position":"center center","background-size":"auto","background-attachment":"scroll","background-type":"","background-media":"","overlay-type":"","overlay-color":"","overlay-opacity":"","overlay-gradient":""},"tablet":{"background-color":"var(--ast-global-color-5)","background-image":"","background-repeat":"repeat","background-position":"center center","background-size":"auto","background-attachment":"scroll","background-type":"","background-media":"","overlay-type":"","overlay-color":"","overlay-opacity":"","overlay-gradient":""},"mobile":{"background-color":"var(--ast-global-color-5)","background-image":"","background-repeat":"repeat","background-position":"center center","background-size":"auto","background-attachment":"scroll","background-type":"","background-media":"","overlay-type":"","overlay-color":"","overlay-opacity":"","overlay-gradient":""}},"footnotes":""},"categories":[65,1,29],"tags":[],"class_list":["post-18443","post","type-post","status-publish","format-standard","has-post-thumbnail","hentry","category-crp","category-general","category-portada"],"post_mailing_queue_ids":[],"_links":{"self":[{"href":"https:\/\/serveiseducatius.xtec.cat\/alturgell\/wp-json\/wp\/v2\/posts\/18443","targetHints":{"allow":["GET"]}}],"collection":[{"href":"https:\/\/serveiseducatius.xtec.cat\/alturgell\/wp-json\/wp\/v2\/posts"}],"about":[{"href":"https:\/\/serveiseducatius.xtec.cat\/alturgell\/wp-json\/wp\/v2\/types\/post"}],"author":[{"embeddable":true,"href":"https:\/\/serveiseducatius.xtec.cat\/alturgell\/wp-json\/wp\/v2\/users\/1"}],"replies":[{"embeddable":true,"href":"https:\/\/serveiseducatius.xtec.cat\/alturgell\/wp-json\/wp\/v2\/comments?post=18443"}],"version-history":[{"count":6,"href":"https:\/\/serveiseducatius.xtec.cat\/alturgell\/wp-json\/wp\/v2\/posts\/18443\/revisions"}],"predecessor-version":[{"id":18581,"href":"https:\/\/serveiseducatius.xtec.cat\/alturgell\/wp-json\/wp\/v2\/posts\/18443\/revisions\/18581"}],"wp:featuredmedia":[{"embeddable":true,"href":"https:\/\/serveiseducatius.xtec.cat\/alturgell\/wp-json\/wp\/v2\/media\/17990"}],"wp:attachment":[{"href":"https:\/\/serveiseducatius.xtec.cat\/alturgell\/wp-json\/wp\/v2\/media?parent=18443"}],"wp:term":[{"taxonomy":"category","embeddable":true,"href":"https:\/\/serveiseducatius.xtec.cat\/alturgell\/wp-json\/wp\/v2\/categories?post=18443"},{"taxonomy":"post_tag","embeddable":true,"href":"https:\/\/serveiseducatius.xtec.cat\/alturgell\/wp-json\/wp\/v2\/tags?post=18443"}],"curies":[{"name":"wp","href":"https:\/\/api.w.org\/{rel}","templated":true}]}}