{"id":18061,"date":"2025-03-10T10:30:34","date_gmt":"2025-03-10T09:30:34","guid":{"rendered":"https:\/\/serveiseducatius.xtec.cat\/alturgell\/?p=18061"},"modified":"2025-03-10T10:30:34","modified_gmt":"2025-03-10T09:30:34","slug":"jornada-camins-de-futur","status":"publish","type":"post","link":"https:\/\/serveiseducatius.xtec.cat\/alturgell\/general\/jornada-camins-de-futur\/","title":{"rendered":"Jornada Camins de Futur"},"content":{"rendered":"<p>&nbsp;<\/p>\n<p>El dia 13 de mar\u00e7 hi ha una jornada anomenada &#8220;Camins de Futur&#8221;, una jornada d&#8217;orientaci\u00f3 per a la formaci\u00f3 i la inserci\u00f3 sociolaboral de persones amb discapacitat.<\/p>\n<p>Ser\u00e0 un espai per compartir recursos i estrat\u00e8gies per millorar la formaci\u00f3 i inserci\u00f3 sociolaboral de persones amb discapacitat. Inclour\u00e0 taules rodones i la presentaci\u00f3 d\u2019una guia per acompanyar adolescents i joves en la seva transici\u00f3 a la vida adulta. L\u2019objectiu \u00e9s promoure itineraris formatius i laborals m\u00e9s inclusius.<\/p>\n<p>Tindr\u00e0 lloc a:<\/p>\n<p>Hotel Exe Campus<\/p>\n<p>Vila Universit\u00e0ria, Campus de la UAB<\/p>\n<p>08193\u00a0Cerdanyola del Vall\u00e8s, Bellaterra<\/p>\n<p>Si us interessa assistir-hi, us hi podeu inscriure en <a href=\"https:\/\/form.typeform.com\/to\/lDp0o1Zc?typeform-source=xtec.gencat.cat\">aquest enlla\u00e7.<\/a><\/p>\n<p>&nbsp;<\/p>\n<p><img loading=\"lazy\" decoding=\"async\" class=\"alignnone wp-image-18065\" src=\"https:\/\/serveiseducatius.xtec.cat\/alturgell\/wp-content\/uploads\/usu770\/2025\/03\/Afegeix-una-mica-de-text-al-cos-1-e1741598864819.png\" alt=\"\" width=\"615\" height=\"860\" srcset=\"https:\/\/serveiseducatius.xtec.cat\/alturgell\/wp-content\/uploads\/usu770\/2025\/03\/Afegeix-una-mica-de-text-al-cos-1-e1741598864819.png 803w, https:\/\/serveiseducatius.xtec.cat\/alturgell\/wp-content\/uploads\/usu770\/2025\/03\/Afegeix-una-mica-de-text-al-cos-1-e1741598864819-215x300.png 215w, https:\/\/serveiseducatius.xtec.cat\/alturgell\/wp-content\/uploads\/usu770\/2025\/03\/Afegeix-una-mica-de-text-al-cos-1-e1741598864819-732x1024.png 732w, https:\/\/serveiseducatius.xtec.cat\/alturgell\/wp-content\/uploads\/usu770\/2025\/03\/Afegeix-una-mica-de-text-al-cos-1-e1741598864819-768x1074.png 768w\" sizes=\"auto, (max-width: 615px) 100vw, 615px\" \/><\/p>\n","protected":false},"excerpt":{"rendered":"<p>&nbsp; El dia 13 de mar\u00e7 hi ha una jornada anomenada &#8220;Camins de Futur&#8221;, una jornada d&#8217;orientaci\u00f3 per a la formaci\u00f3 i la inserci\u00f3 sociolaboral de persones amb discapacitat. Ser\u00e0 un espai per compartir recursos i estrat\u00e8gies per millorar la formaci\u00f3 i inserci\u00f3 sociolaboral de persones amb discapacitat. Inclour\u00e0 taules rodones i la presentaci\u00f3 d\u2019una [&hellip;]<\/p>\n","protected":false},"author":1,"featured_media":18063,"comment_status":"open","ping_status":"closed","sticky":false,"template":"","format":"standard","meta":{"_bbp_topic_count":0,"_bbp_reply_count":0,"_bbp_total_topic_count":0,"_bbp_total_reply_count":0,"_bbp_voice_count":0,"_bbp_anonymous_reply_count":0,"_bbp_topic_count_hidden":0,"_bbp_reply_count_hidden":0,"_bbp_forum_subforum_count":0,"site-sidebar-layout":"default","site-content-layout":"","ast-site-content-layout":"","site-content-style":"default","site-sidebar-style":"default","ast-global-header-display":"","ast-banner-title-visibility":"","ast-main-header-display":"","ast-hfb-above-header-display":"","ast-hfb-below-header-display":"","ast-hfb-mobile-header-display":"","site-post-title":"","ast-breadcrumbs-content":"","ast-featured-img":"","footer-sml-layout":"","theme-transparent-header-meta":"","adv-header-id-meta":"","stick-header-meta":"","header-above-stick-meta":"","header-main-stick-meta":"","header-below-stick-meta":"","astra-migrate-meta-layouts":"default","ast-page-background-enabled":"default","ast-page-background-meta":{"desktop":{"background-color":"var(--ast-global-color-4)","background-image":"","background-repeat":"repeat","background-position":"center center","background-size":"auto","background-attachment":"scroll","background-type":"","background-media":"","overlay-type":"","overlay-color":"","overlay-opacity":"","overlay-gradient":""},"tablet":{"background-color":"","background-image":"","background-repeat":"repeat","background-position":"center center","background-size":"auto","background-attachment":"scroll","background-type":"","background-media":"","overlay-type":"","overlay-color":"","overlay-opacity":"","overlay-gradient":""},"mobile":{"background-color":"","background-image":"","background-repeat":"repeat","background-position":"center center","background-size":"auto","background-attachment":"scroll","background-type":"","background-media":"","overlay-type":"","overlay-color":"","overlay-opacity":"","overlay-gradient":""}},"ast-content-background-meta":{"desktop":{"background-color":"var(--ast-global-color-5)","background-image":"","background-repeat":"repeat","background-position":"center center","background-size":"auto","background-attachment":"scroll","background-type":"","background-media":"","overlay-type":"","overlay-color":"","overlay-opacity":"","overlay-gradient":""},"tablet":{"background-color":"var(--ast-global-color-5)","background-image":"","background-repeat":"repeat","background-position":"center center","background-size":"auto","background-attachment":"scroll","background-type":"","background-media":"","overlay-type":"","overlay-color":"","overlay-opacity":"","overlay-gradient":""},"mobile":{"background-color":"var(--ast-global-color-5)","background-image":"","background-repeat":"repeat","background-position":"center center","background-size":"auto","background-attachment":"scroll","background-type":"","background-media":"","overlay-type":"","overlay-color":"","overlay-opacity":"","overlay-gradient":""}},"footnotes":""},"categories":[1],"tags":[],"class_list":["post-18061","post","type-post","status-publish","format-standard","has-post-thumbnail","hentry","category-general"],"post_mailing_queue_ids":[],"_links":{"self":[{"href":"https:\/\/serveiseducatius.xtec.cat\/alturgell\/wp-json\/wp\/v2\/posts\/18061","targetHints":{"allow":["GET"]}}],"collection":[{"href":"https:\/\/serveiseducatius.xtec.cat\/alturgell\/wp-json\/wp\/v2\/posts"}],"about":[{"href":"https:\/\/serveiseducatius.xtec.cat\/alturgell\/wp-json\/wp\/v2\/types\/post"}],"author":[{"embeddable":true,"href":"https:\/\/serveiseducatius.xtec.cat\/alturgell\/wp-json\/wp\/v2\/users\/1"}],"replies":[{"embeddable":true,"href":"https:\/\/serveiseducatius.xtec.cat\/alturgell\/wp-json\/wp\/v2\/comments?post=18061"}],"version-history":[{"count":4,"href":"https:\/\/serveiseducatius.xtec.cat\/alturgell\/wp-json\/wp\/v2\/posts\/18061\/revisions"}],"predecessor-version":[{"id":18069,"href":"https:\/\/serveiseducatius.xtec.cat\/alturgell\/wp-json\/wp\/v2\/posts\/18061\/revisions\/18069"}],"wp:featuredmedia":[{"embeddable":true,"href":"https:\/\/serveiseducatius.xtec.cat\/alturgell\/wp-json\/wp\/v2\/media\/18063"}],"wp:attachment":[{"href":"https:\/\/serveiseducatius.xtec.cat\/alturgell\/wp-json\/wp\/v2\/media?parent=18061"}],"wp:term":[{"taxonomy":"category","embeddable":true,"href":"https:\/\/serveiseducatius.xtec.cat\/alturgell\/wp-json\/wp\/v2\/categories?post=18061"},{"taxonomy":"post_tag","embeddable":true,"href":"https:\/\/serveiseducatius.xtec.cat\/alturgell\/wp-json\/wp\/v2\/tags?post=18061"}],"curies":[{"name":"wp","href":"https:\/\/api.w.org\/{rel}","templated":true}]}}