{"id":17750,"date":"2025-02-04T17:08:32","date_gmt":"2025-02-04T16:08:32","guid":{"rendered":"https:\/\/serveiseducatius.xtec.cat\/alturgell\/?p=17750"},"modified":"2025-02-04T17:17:53","modified_gmt":"2025-02-04T16:17:53","slug":"exposicio-temporal-on-son-85-anys-dexhumacions-de-fosses-comunes-de-la-guerra-civil-a-catalunya-secundaria-i-batxillerat","status":"publish","type":"post","link":"https:\/\/serveiseducatius.xtec.cat\/alturgell\/portada\/exposicio-temporal-on-son-85-anys-dexhumacions-de-fosses-comunes-de-la-guerra-civil-a-catalunya-secundaria-i-batxillerat\/","title":{"rendered":"Exposici\u00f3 temporal \u2018On s\u00f3n? 85 anys d\u2019exhumacions de fosses comunes de la Guerra Civil a Catalunya\u2019 (secund\u00e0ria i batxillerat)\u00a0"},"content":{"rendered":"<p>&nbsp;<\/p>\n<p>L\u2019Espai Ermengol-Museu de la Ciutat de la Seu d\u2019Urgell va inaugurar el <strong>divendres 24 de gener <\/strong>la nova exposici\u00f3 temporal <strong><em>\u2018On s\u00f3n?<\/em><\/strong><strong><em> 85 anys d\u2019exhumacions de fosses comunes de la Guerra Civil a Catalunya\u2019.\u00a0<\/em><\/strong><\/p>\n<p>Es podr\u00e0 visitar fins al 22 de mar\u00e7.<\/p>\n<p>En l&#8217;\u00e0mbit educatiu, l&#8217;exposici\u00f3 est\u00e0 destinada a l&#8217;alumnat de secund\u00e0ria i batxillerat i \u00e9s gratuita.<\/p>\n<p>Per fer la visita amb l&#8217;alumnat nom\u00e9s cal que us poseu en contacte amb l&#8217;Espai Ermengol: info@espaiermengol.cat<\/p>\n<p><strong><em>\u2018On s\u00f3n?\u2019<\/em><\/strong><strong>, fosses comunes, desapareguts i fam\u00edlies<\/strong><\/p>\n<p class=\" \"><strong><em>\u2018On s\u00f3n?\u2019<\/em><\/strong>\u00a0Aquesta \u00e9s la pregunta que es fan milers de persones respecte dels seus familiars morts durant la Guerra Civil espanyola. Assassinats a la rereguarda, afusellats per la dictadura franquista o, principalment, morts al front o en un hospital.<\/p>\n<p class=\" \">De la majoria, mai no se n\u2019ha conegut el lloc d\u2019enterrament.<\/p>\n<p class=\" \">Aquesta mostra est\u00e0 pensada per donar a con\u00e8ixer a la ciutadania qu\u00e8 est\u00e0 fent la Generalitat de Catalunya respecte a les fosses comunes i qu\u00e8 ha fet amb anterioritat. S\u2019hi destaquen tamb\u00e9 les exhumacions que va iniciar la Generalitat republicana durant la mateixa Guerra Civil. Aix\u00ed mateix, informa dels resultats d\u2019aquestes actuacions i posa tres exemples de fam\u00edlies que cerquen o han cercat i localitzat el seu familiar desaparegut durant la guerra.<\/p>\n<p class=\" \">Alhora, \u00e9s un homenatge i un reconeixement a les persones que tenen familiars no localitzats. A l\u2019exposici\u00f3 es pot veure com es fa la recerca d\u2019un desaparegut, com s\u2019exhuma una fossa comuna i qu\u00e8 succeeix amb les restes que s\u2019identifiquen i amb aquelles que no poden ser identificades. Consta de sis \u00e0mbits que tenen com a eix central les fosses comunes, els desapareguts i les fam\u00edlies.<\/p>\n<p class=\" \">Aquesta exposici\u00f3 ha estat creada per la Direcci\u00f3 General de Mem\u00f2ria Democr\u00e0tica del Departament de Just\u00edcia i Qualitat Democr\u00e0tica de la Generalitat de Catalunya i ha estat comissariada per la historiadora i professora\u00a0<strong>Queralt Sol\u00e9 Barjau<\/strong>.<\/p>\n<p><img loading=\"lazy\" decoding=\"async\" class=\"wp-image-17751 aligncenter\" src=\"https:\/\/serveiseducatius.xtec.cat\/alturgell\/wp-content\/uploads\/usu770\/2025\/02\/ON-SON-IG-post.jpg\" alt=\"\" width=\"596\" height=\"745\" srcset=\"https:\/\/serveiseducatius.xtec.cat\/alturgell\/wp-content\/uploads\/usu770\/2025\/02\/ON-SON-IG-post.jpg 960w, https:\/\/serveiseducatius.xtec.cat\/alturgell\/wp-content\/uploads\/usu770\/2025\/02\/ON-SON-IG-post-240x300.jpg 240w, https:\/\/serveiseducatius.xtec.cat\/alturgell\/wp-content\/uploads\/usu770\/2025\/02\/ON-SON-IG-post-819x1024.jpg 819w, https:\/\/serveiseducatius.xtec.cat\/alturgell\/wp-content\/uploads\/usu770\/2025\/02\/ON-SON-IG-post-768x960.jpg 768w\" sizes=\"auto, (max-width: 596px) 100vw, 596px\" \/><\/p>\n","protected":false},"excerpt":{"rendered":"<p>&nbsp; L\u2019Espai Ermengol-Museu de la Ciutat de la Seu d\u2019Urgell va inaugurar el divendres 24 de gener la nova exposici\u00f3 temporal \u2018On s\u00f3n? 85 anys d\u2019exhumacions de fosses comunes de la Guerra Civil a Catalunya\u2019.\u00a0 Es podr\u00e0 visitar fins al 22 de mar\u00e7. En l&#8217;\u00e0mbit educatiu, l&#8217;exposici\u00f3 est\u00e0 destinada a l&#8217;alumnat de secund\u00e0ria i batxillerat [&hellip;]<\/p>\n","protected":false},"author":1,"featured_media":17751,"comment_status":"open","ping_status":"closed","sticky":false,"template":"","format":"standard","meta":{"_bbp_topic_count":0,"_bbp_reply_count":0,"_bbp_total_topic_count":0,"_bbp_total_reply_count":0,"_bbp_voice_count":0,"_bbp_anonymous_reply_count":0,"_bbp_topic_count_hidden":0,"_bbp_reply_count_hidden":0,"_bbp_forum_subforum_count":0,"site-sidebar-layout":"default","site-content-layout":"","ast-site-content-layout":"","site-content-style":"default","site-sidebar-style":"default","ast-global-header-display":"","ast-banner-title-visibility":"","ast-main-header-display":"","ast-hfb-above-header-display":"","ast-hfb-below-header-display":"","ast-hfb-mobile-header-display":"","site-post-title":"","ast-breadcrumbs-content":"","ast-featured-img":"","footer-sml-layout":"","theme-transparent-header-meta":"","adv-header-id-meta":"","stick-header-meta":"","header-above-stick-meta":"","header-main-stick-meta":"","header-below-stick-meta":"","astra-migrate-meta-layouts":"default","ast-page-background-enabled":"default","ast-page-background-meta":{"desktop":{"background-color":"var(--ast-global-color-4)","background-image":"","background-repeat":"repeat","background-position":"center center","background-size":"auto","background-attachment":"scroll","background-type":"","background-media":"","overlay-type":"","overlay-color":"","overlay-opacity":"","overlay-gradient":""},"tablet":{"background-color":"","background-image":"","background-repeat":"repeat","background-position":"center center","background-size":"auto","background-attachment":"scroll","background-type":"","background-media":"","overlay-type":"","overlay-color":"","overlay-opacity":"","overlay-gradient":""},"mobile":{"background-color":"","background-image":"","background-repeat":"repeat","background-position":"center center","background-size":"auto","background-attachment":"scroll","background-type":"","background-media":"","overlay-type":"","overlay-color":"","overlay-opacity":"","overlay-gradient":""}},"ast-content-background-meta":{"desktop":{"background-color":"var(--ast-global-color-5)","background-image":"","background-repeat":"repeat","background-position":"center center","background-size":"auto","background-attachment":"scroll","background-type":"","background-media":"","overlay-type":"","overlay-color":"","overlay-opacity":"","overlay-gradient":""},"tablet":{"background-color":"var(--ast-global-color-5)","background-image":"","background-repeat":"repeat","background-position":"center center","background-size":"auto","background-attachment":"scroll","background-type":"","background-media":"","overlay-type":"","overlay-color":"","overlay-opacity":"","overlay-gradient":""},"mobile":{"background-color":"var(--ast-global-color-5)","background-image":"","background-repeat":"repeat","background-position":"center center","background-size":"auto","background-attachment":"scroll","background-type":"","background-media":"","overlay-type":"","overlay-color":"","overlay-opacity":"","overlay-gradient":""}},"footnotes":""},"categories":[65,29,76],"tags":[],"class_list":["post-17750","post","type-post","status-publish","format-standard","has-post-thumbnail","hentry","category-crp","category-portada","category-recursos"],"post_mailing_queue_ids":[],"_links":{"self":[{"href":"https:\/\/serveiseducatius.xtec.cat\/alturgell\/wp-json\/wp\/v2\/posts\/17750","targetHints":{"allow":["GET"]}}],"collection":[{"href":"https:\/\/serveiseducatius.xtec.cat\/alturgell\/wp-json\/wp\/v2\/posts"}],"about":[{"href":"https:\/\/serveiseducatius.xtec.cat\/alturgell\/wp-json\/wp\/v2\/types\/post"}],"author":[{"embeddable":true,"href":"https:\/\/serveiseducatius.xtec.cat\/alturgell\/wp-json\/wp\/v2\/users\/1"}],"replies":[{"embeddable":true,"href":"https:\/\/serveiseducatius.xtec.cat\/alturgell\/wp-json\/wp\/v2\/comments?post=17750"}],"version-history":[{"count":1,"href":"https:\/\/serveiseducatius.xtec.cat\/alturgell\/wp-json\/wp\/v2\/posts\/17750\/revisions"}],"predecessor-version":[{"id":17752,"href":"https:\/\/serveiseducatius.xtec.cat\/alturgell\/wp-json\/wp\/v2\/posts\/17750\/revisions\/17752"}],"wp:featuredmedia":[{"embeddable":true,"href":"https:\/\/serveiseducatius.xtec.cat\/alturgell\/wp-json\/wp\/v2\/media\/17751"}],"wp:attachment":[{"href":"https:\/\/serveiseducatius.xtec.cat\/alturgell\/wp-json\/wp\/v2\/media?parent=17750"}],"wp:term":[{"taxonomy":"category","embeddable":true,"href":"https:\/\/serveiseducatius.xtec.cat\/alturgell\/wp-json\/wp\/v2\/categories?post=17750"},{"taxonomy":"post_tag","embeddable":true,"href":"https:\/\/serveiseducatius.xtec.cat\/alturgell\/wp-json\/wp\/v2\/tags?post=17750"}],"curies":[{"name":"wp","href":"https:\/\/api.w.org\/{rel}","templated":true}]}}