{"id":17709,"date":"2025-02-10T12:55:53","date_gmt":"2025-02-10T11:55:53","guid":{"rendered":"https:\/\/serveiseducatius.xtec.cat\/alturgell\/?p=17709"},"modified":"2025-02-27T11:37:07","modified_gmt":"2025-02-27T10:37:07","slug":"orbis-pictus-el-mon-en-imatges-jornada-sobre-album-illustrat","status":"publish","type":"post","link":"https:\/\/serveiseducatius.xtec.cat\/alturgell\/general\/orbis-pictus-el-mon-en-imatges-jornada-sobre-album-illustrat\/","title":{"rendered":"Orbis Pictus: El M\u00f3n en imatges. Jornada sobre \u00e0lbum il\u00b7lustrat"},"content":{"rendered":"<p><img loading=\"lazy\" decoding=\"async\" class=\"wp-image-17839 alignleft\" src=\"https:\/\/serveiseducatius.xtec.cat\/alturgell\/wp-content\/uploads\/usu770\/2025\/02\/Disseny-sense-titol-2025-02-10T123802.786-e1739187523576.png\" alt=\"\" width=\"555\" height=\"759\" srcset=\"https:\/\/serveiseducatius.xtec.cat\/alturgell\/wp-content\/uploads\/usu770\/2025\/02\/Disseny-sense-titol-2025-02-10T123802.786-e1739187523576.png 816w, https:\/\/serveiseducatius.xtec.cat\/alturgell\/wp-content\/uploads\/usu770\/2025\/02\/Disseny-sense-titol-2025-02-10T123802.786-e1739187523576-219x300.png 219w, https:\/\/serveiseducatius.xtec.cat\/alturgell\/wp-content\/uploads\/usu770\/2025\/02\/Disseny-sense-titol-2025-02-10T123802.786-e1739187523576-749x1024.png 749w, https:\/\/serveiseducatius.xtec.cat\/alturgell\/wp-content\/uploads\/usu770\/2025\/02\/Disseny-sense-titol-2025-02-10T123802.786-e1739187523576-768x1050.png 768w\" sizes=\"auto, (max-width: 555px) 100vw, 555px\" \/><\/p>\n<p>&nbsp;<\/p>\n<p>El pr\u00f2xim dissabte 15 de mar\u00e7 es realitzar\u00e0 una jornada de car\u00e0cter divulgatiu dirigida a docents, fam\u00edlies, mediadors culturals i de lectura, editors, escriptors i il\u00b7lustradors sobre l&#8217;\u00e0lbum il\u00b7lustrat. Ser\u00e0 una jornada de format presencial de les 9.30\u202fh a les 18.20\u202fh.<\/p>\n<p><span style=\"font-weight: 400; color: #000000;\">L\u2019\u00e0lbum il\u00b7lustrat \u00e9s un dels primers llibres que posem a l\u2019abast dels infants. Ara b\u00e9, qu\u00e8 s\u2019amaga sota l\u2019aparent simplicitat d\u2019un \u00e0lbum il\u00b7lustrat per arribar a esdevenir un objecte cultural de primer ordre?<\/span><\/p>\n<p><span style=\"font-weight: 400; color: #000000;\">El programa que es proposa t\u00e9 com a objectiu valorar aquest tipus de llibres i explicar qu\u00e8 \u00e9s un \u00e0lbum il\u00b7lustrat. Per aquest motiu, comptarem amb especialistes en literatura infantil i juvenil, parlarem amb autors, il\u00b7lustradors i editors. Participarem en tallers on il\u00b7lustradors i artistes rellevants ens explicaran com s\u2019inspiren a l\u2019hora d\u2019encarar un llibre d\u2019aquestes caracter\u00edstiques i\u00a0 ens presentaran diferents t\u00e8cniques d\u2019il\u00b7lustraci\u00f3.<\/span><\/p>\n<p><span style=\"font-weight: 400; color: #000000;\">Es tracta d\u2019una jornada de car\u00e0cter divulgatiu, dirigida especialment a pares i mares, personal docent, mediadors de lectura i culturals, autors, il\u00b7lustradors i editors.<\/span><\/p>\n<p><strong>Pels docents es certifica la jornada. Inscripcions en aquest <a href=\"https:\/\/aplicacions.gestioeducativa.gencat.cat\/ords\/pls\/soloas\/pk_for_mod_ins.p_for_detall_activitat?p_header=Llista%20d%27activitats^pk_for_mod_ins.p_for_cons_activitats?p_crp=601%26p_any=2024-2025%26p_totes=N%26p_inici=11%26p_excloure_crp_rec=T&amp;p_codi=6010591601&amp;p_curs=2024-2025&amp;p_excloure_crp_rec=T\">enlla\u00e7<\/a>.\u00a0<\/strong><\/p>\n<p>Els objectius de la jornada s\u00f3n els seg\u00fcents:<\/p>\n<ul>\n<li><span style=\"font-weight: 400;\">Presentar una breu passejada per la hist\u00f2ria de l\u2019\u00e0lbum il\u00b7lustrat des dels seus or\u00edgens fins a l\u2019actualitat.<\/span><\/li>\n<li><span style=\"font-weight: 400;\">Posar de manifest les caracter\u00edstiques que configuren l\u2019\u00e0lbum il\u00b7lustrat i aprendre a valorar-lo com a objecte cultural i de promoci\u00f3 lectora.<\/span><\/li>\n<li><span style=\"font-weight: 400;\">Con\u00e8ixer els agents que contribueixen en la creaci\u00f3 d\u2019un \u00e0lbum.<\/span><\/li>\n<li><span style=\"font-weight: 400;\">Mostrar diferents t\u00e8cniques d\u2019il\u00b7lustraci\u00f3.<\/span><\/li>\n<li><span style=\"font-weight: 400;\">Descobrir les qualitats comunicatives de la il\u00b7lustraci\u00f3 en l\u2019\u00e0lbum.<\/span><\/li>\n<li><span style=\"font-weight: 400;\">Incentivar la creativitat a trav\u00e9s de la il\u00b7lustraci\u00f3.<\/span><\/li>\n<li><span style=\"font-weight: 400;\">Promocionar agents del territori vinculats a l\u2019\u00e0lbum il\u00b7lustrat i a les arts gr\u00e0fiques.<\/span><\/li>\n<li><span style=\"font-weight: 400;\">Oferir una selecci\u00f3 acurada d\u2019\u00e0lbums il\u00b7lustrats a trav\u00e9s d\u2019un punt de venda d\u2019una llibreria durant el desenvolupament de la Jornada.<\/span><\/li>\n<li><\/li>\n<\/ul>\n<p><strong>Programa de la jornada:<\/strong><\/p>\n<p>9.00 h &#8211; 9.30 h: Recollida credencials<\/p>\n<p>9.30 h &#8211; 9.40 h: <span style=\"font-weight: 400;\">Presentaci\u00f3 de la Jornada\u00a0<\/span><\/p>\n<p>9.40\u202fh &#8211; 11.00 h: <span style=\"font-weight: 400;\">Orbis Sensualium Pictus. Hist\u00f2ria de l\u2019\u00e0lbum. Amb Teresa Duran.<\/span><\/p>\n<p>11.00 h &#8211; 11.30 h:\u00a0<span style=\"font-weight: 400;\">Esmorzar.<\/span><span style=\"font-weight: 400;\"> Parada de llibres llibreria \u201cEl Refugi\u201d.<\/span><\/p>\n<p>11.30 h &#8211; 12.50 h: <span style=\"font-weight: 400;\">Com llegir l\u2019\u00e0lbum. Caracter\u00edstiques. Amb Arianna Squilloni.<\/span><\/p>\n<p>12.50 h &#8211; 13.10 h: <span style=\"font-weight: 400;\">Presentaci\u00f3 d\u2019editorials convidades del territori: Sal\u00f2ria i Meraki<\/span><\/p>\n<p>15.00 h &#8211; 16.00 h:\u00a0<span style=\"font-weight: 400;\">Donar forma a l&#8217;\u00e0lbum. Taula rodona amb Ramon Besora (editor i autor), Albert Asensio (il\u00b7lustrador i autor) i Arianna Squilloni (editora d&#8217;A Buen Paso i autora). Condu\u00efda per Nati Calvo, bibliotec\u00e0ria i especialista en Literatura Infantil i Juvenil.<\/span><\/p>\n<p>16.00 h &#8211; 18.00 h:<\/p>\n<p><span style=\"font-weight: 400;\">Tallers sobre el proc\u00e9s creatiu de l\u2019\u00e0lbum il\u00b7lustrat. S&#8217;haur\u00e0 d&#8217;escollir entre una de les opcions:\u00a0\u00a0<\/span><\/p>\n<ol>\n<li><span style=\"font-weight: 400;\">a) Albert Asensio.\u00a0<\/span><\/li>\n<li><span style=\"font-weight: 400;\">b) IMAPLA.\u00a0<\/span><\/li>\n<li><span style=\"font-weight: 400;\">c) Noem\u00ed Villamuza.\u00a0<\/span><\/li>\n<li><span style=\"font-weight: 400;\">d) Espai de creaci\u00f3 La Tartera. (<\/span><span style=\"font-weight: 400;\">Taller de linogravat)<\/span><\/li>\n<\/ol>\n<p>18.00 h: Cloenda de la jornada.<\/p>\n<p>Els especialistes que participaran en la jornada s\u00f3n els seg\u00fcents:<\/p>\n<ul>\n<li><em style=\"font-family: inherit; font-size: 1em;\">Albert Asensio Navarro<\/em><span style=\"font-family: inherit; font-size: 1em;\">. <\/span><span style=\"font-weight: 400;\">Estudia disseny gr\u00e0fic a l\u2019EADT. M\u00e9s tard, realitza un postgrau d\u2019il\u00b7lustraci\u00f3 a l\u2019Eina Barcelona (2006-2007) i dos cursos de dibuix i pintura a Central Saint Martins College of Art and Design, Londres el 2009. <\/span><span style=\"font-weight: 400;\">El 2007 comen\u00e7a a treballar com a il\u00b7lustrador per editorials com Anaya, Joventut, Random House Mondadori, Teide, Cru\u00eflla o Planeta i diaris com La Vanguardia.\u00a0<\/span><span style=\"font-family: inherit; font-size: 1em;\"><span style=\"font-weight: 400;\">Fins ara ha rebut un Laus de Bronze pel cartell de Fira T\u00e0rrega 2010 (disseny gr\u00e0fic de l&#8217;estudi Miquel Puig), un premi amb el llibre Kim de Rudyard Kipling, Editorial Joventut del Banco del Libro de Venezuela, tres Premis Junceda per millor coberta de llibre, millor publicitat i millor il\u00b7lustraci\u00f3 cient\u00edfica respectivament, i Premi Llibreter 2017 a \u00e0lbum il\u00b7lustrat amb <\/span><i><span style=\"font-weight: 400;\">El banc blau<\/span><\/i><span style=\"font-weight: 400;\"> editat per Babulinka books.<\/span><\/span><\/li>\n<\/ul>\n<p><img loading=\"lazy\" decoding=\"async\" class=\"\" src=\"https:\/\/akiarabooks.com\/wp-content\/uploads\/2018\/04\/albert-asensio-akiara-books.jpg\" alt=\"Albert Asensio - AKIARA books\" width=\"223\" height=\"223\" \/><\/p>\n<ul>\n<li><em>Teresa Duran i Armengol<\/em>. <span style=\"font-weight: 400;\">Escriptora, traductora i il\u00b7lustradora. Diplomada en Disseny Gr\u00e0fic, Llicenciada en Filosofia i Ci\u00e8ncies de l\u2019Educaci\u00f3 i doctora en Pedagogia, ha estat professora de Did\u00e0ctica de l&#8217;Educaci\u00f3 Visual i Pl\u00e0stica a la Universitat de Barcelona. <\/span><span style=\"font-weight: 400;\">La seva tesi doctoral, publicada posteriorment sota el t\u00edtol <\/span><i><span style=\"font-weight: 400;\">\u00c0lbums i altres lectures: an\u00e0lisi dels llibres per a infants<\/span><\/i><span style=\"font-weight: 400;\"> va obtenir el premi extraordinari del claustre de la Facultat de Pedagogia.\u00a0<\/span><span style=\"font-weight: 400;\">Autora d\u2019obres de literatura infantil, ha estat tradu\u00efda a diferents idiomes i ha rebut premis tan destacats com el Premi Josep M. Folch i Torres (1982), el Premi de literatura juvenil de la Generalitat de Catalunya (1983), el Ciutat d&#8217;Olot (1989) o el Cr\u00edtica Serra d&#8217;Or (1997).\u00a0<\/span><span style=\"font-weight: 400;\">Tamb\u00e9 ha treballat com a traductora i ha col\u00b7laborat en diferents revistes infantils com\u00a0<\/span><i><span style=\"font-weight: 400;\">Cavall Fort<\/span><\/i><span style=\"font-weight: 400;\">\u00a0i\u00a0<\/span><i><span style=\"font-weight: 400;\">Tretzevents<\/span><\/i><span style=\"font-weight: 400;\">. Va dirigir la revista\u00a0<\/span><i><span style=\"font-weight: 400;\">Faristol, <\/span><\/i><span style=\"font-weight: 400;\">del Consell Catal\u00e0 del Llibre Infantil i Juvenil, on actualment exerceix de cr\u00edtica liter\u00e0ria. <\/span><span style=\"font-weight: 400;\">En l\u2019\u00e0mbit de la recerca ha col\u00b7laborat\u00a0 amb revistes com <\/span><i><span style=\"font-weight: 400;\">Guix, Perspectiva escolar, In-fancia, Cuadernos de Pedagog\u00eda<\/span><\/i><span style=\"font-weight: 400;\">, entre d\u2019altres. <\/span><span style=\"font-weight: 400;\">L\u2019any 2007 se li va atorgar la Creu de Sant Jordi \u201cper la seva destacada aportaci\u00f3 al llibre infantil i juvenil, tant en l\u2019\u00e0mbit de la creaci\u00f3 com en el de la investigaci\u00f3, la cr\u00edtica liter\u00e0ria i diverses formes de doc\u00e8ncia i difusi\u00f3\u201d.<\/span><\/li>\n<\/ul>\n<p><span style=\"font-weight: 400;\"><img loading=\"lazy\" decoding=\"async\" class=\"alignnone wp-image-17841\" src=\"https:\/\/serveiseducatius.xtec.cat\/alturgell\/wp-content\/uploads\/usu770\/2025\/02\/Disseny-sense-titol-2025-02-10T124124.422-e1739187717444.png\" alt=\"\" width=\"295\" height=\"179\" srcset=\"https:\/\/serveiseducatius.xtec.cat\/alturgell\/wp-content\/uploads\/usu770\/2025\/02\/Disseny-sense-titol-2025-02-10T124124.422-e1739187717444.png 846w, https:\/\/serveiseducatius.xtec.cat\/alturgell\/wp-content\/uploads\/usu770\/2025\/02\/Disseny-sense-titol-2025-02-10T124124.422-e1739187717444-300x182.png 300w, https:\/\/serveiseducatius.xtec.cat\/alturgell\/wp-content\/uploads\/usu770\/2025\/02\/Disseny-sense-titol-2025-02-10T124124.422-e1739187717444-768x466.png 768w\" sizes=\"auto, (max-width: 295px) 100vw, 295px\" \/><\/span><\/p>\n<ul>\n<li><em>Ramon Besora Oliva. <\/em>Despr\u00e9s de 22 anys dedicat al m\u00f3n de l&#8217;ensenyament, va vincular-se al m\u00f3n editorial. \u00c9s autor tant d&#8217;obres infantils (contes i poemaris) com de jocs per motivar l&#8217;aprenentatge i publicacions sobre did\u00e0ctica i creativitat infantil. Ha estat president del Consell Catal\u00e0 del Llibre per a Infants i joves i membre del jurat del Premi de Literatura de la Generalitzat de Catalunya, el\u00a0 Premi Nacional de Literatura del Ministerio de Cultura i el Premio Lazarillo.\u00a0Ha rebut premis tan prestigiosos com el Premi Baldiri i Reixac, l&#8217;Octogone d&#8217;Honneur, del Centre International d&#8217;\u00c9tudes en Litt\u00e9rature de Jeunesse de Par\u00eds, el Premi Nit de l&#8217;Edici\u00f3 1993 al llibre m\u00e9s original, el Premi Critici in Erba Prize de la Fira de Bologna el 1992 i el Premi Internacional d&#8217;Innovaci\u00f3.\u00a0Va ser fundador i president de l\u2019Associaci\u00f3 Miquel Mart\u00ed i Pol i actualment n&#8217;\u00e9s patr\u00f3.<\/li>\n<\/ul>\n<p><img loading=\"lazy\" decoding=\"async\" class=\"\" src=\"https:\/\/miquelmartiipol.cat\/wp-content\/uploads\/2018\/11\/Ramon-Besora-2-1024x683.jpg\" width=\"296\" height=\"197\" \/><\/p>\n<ul>\n<li><em>Imapla<\/em>.<span style=\"font-weight: 400;\">IMAPLA \u00e9s el nom art\u00edstic d\u2019Imma Pla. Graduada en Disseny Gr\u00e0fic ha treballat en diferents mitjans publicitaris i diaris. En el m\u00f3n de la il\u00b7lustraci\u00f3 de llibres, crea els seus propis t\u00edtols i il\u00b7lustra per altres autors.\u00a0<\/span><span style=\"font-weight: 400;\">Ha rebut premis rellevants, entre els quals el Premi Apel\u00b7les Mestres (1992), Menci\u00f3 d\u2019Honor al Premi Gr\u00e0fic de la Feria del Llibre de Bolonya (1992), Premi Nacional d\u2019Il\u00b7lustraci\u00f3 del Ministeri de Cultura al millor llibre de Literatura Infantil Il\u00b7lustrat (1994), el Premi Internacional d\u2019Il\u00b7lustraci\u00f3 de la Fundaci\u00f3 SM (2007) i el Premi del Llibre Il\u00b7lustrat Infantil i Juvenil del Consejo Nacional para la Cultura y las Artes de M\u00e8xic (2013).\u00a0<\/span><\/li>\n<\/ul>\n<p><img loading=\"lazy\" decoding=\"async\" class=\"\" src=\"https:\/\/astrapublishinghouse.com\/wp-content\/uploads\/2023\/12\/2244402.jpg\" alt=\"Imapla - Astra Publishing House\" width=\"243\" height=\"243\" \/><\/p>\n<ul>\n<li><span style=\"font-weight: 400;\"><em>Noem\u00ed Villamuza<\/em>. Graduada en Belles Arts amb l\u2019especialitat\u00a0 de Disseny Gr\u00e0fic, va comen\u00e7ar\u00a0 a treballar en el m\u00f3n de la il\u00b7lustraci\u00f3 de llibres de text i actualment est\u00e0 especialitzada en la il\u00b7lustraci\u00f3 de llibres infantils. Compagina la tasca d\u2019il\u00b7lustradora amb la de docent a centres com l\u2019Escola Superior de Disseny BAU, l\u2019Escola Massana i l\u2019Escola de la Dona.\u00a0<\/span><span style=\"font-weight: 400;\">La seva obra ha merescut diferents reconeixements, com ara, el Premi Nacional d\u2019Il\u00b7lustraci\u00f3 (2002), el Premi Nacional d\u2019Edici\u00f3 (2005), el Premi Junceda al Millor Llibre Il\u00b7lustrat per a Adults (2007).\u00a0<\/span><\/li>\n<\/ul>\n<p><img loading=\"lazy\" decoding=\"async\" class=\"\" src=\"https:\/\/www.ferialibrovalladolid.es\/wp-content\/uploads\/2017\/04\/NoemiVillamuza19600.jpg\" alt=\"Taller de Ilustraci\u00f3n de Noem\u00ed Villamuza \u2013 Feria del Libro de Valladolid\" width=\"284\" height=\"189\" \/><\/p>\n<ul>\n<li><em>Arianna Squilloni. <\/em><span style=\"font-weight: 400;\">Nascuda a It\u00e0lia, va estudiar filologia llatina i grega i teoria del pensament. Posteriorment, es va especialitzar en edici\u00f3 i gesti\u00f3 editorial. En arribar a Barcelona, va treballar com a correctora d&#8217;itali\u00e0, fins que va comen\u00e7ar a treballar a l&#8217;Editorial Thule, on va impulsar\u00a0 la\u00a0 col\u00b7lecci\u00f3 Trampantojo. L&#8217;any 2008 funda <\/span><span style=\"font-weight: 400;\">A Buen Paso<\/span><span style=\"font-weight: 400;\">, editorial que publica llibres infantils on la il\u00b7lustraci\u00f3 t\u00e9 especial protagonisme.\u00a0<\/span><span style=\"font-weight: 400;\">Ella mateixa \u00e9s autora de textos d&#8217;\u00e0lbums, novel\u00b7les i assajos.<\/span><\/li>\n<\/ul>\n<p><img loading=\"lazy\" decoding=\"async\" class=\"\" src=\"https:\/\/akiarabooks.com\/wp-content\/uploads\/2020\/04\/AriannaSquilloni-500x500.jpg\" alt=\"Arianna Squilloni - AKIARA books\" width=\"225\" height=\"225\" \/><\/p>\n<ul>\n<li><span style=\"font-weight: 400;\"><em>Espai de Creaci\u00f3 Tartera:<\/em> Associaci\u00f3 ubicada a La Seu d\u2019Urgell. La seva activitat se centra en la producci\u00f3, la recerca en l\u2019\u00e0mbit art\u00edstic i la dinamitzaci\u00f3 cultural del territori proporcionant eines, recursos i infraestructura per donar suport als artistes.\u00a0<\/span><span style=\"font-weight: 400;\">Organitzen exposicions i ofereixen tallers i activitats.<\/span><\/li>\n<\/ul>\n<p><img loading=\"lazy\" decoding=\"async\" class=\"\" src=\"https:\/\/www.goteo.org\/img\/700x0\/dscf0962-2.jpg\" alt=\"Una Tartera sencera\" width=\"292\" height=\"195\" \/><\/p>\n<p>Editorials convidades a la jornada:<\/p>\n<ul>\n<li><em>Editorial Sal\u00f2ria:<\/em> <span style=\"font-weight: 400;\">Editorial ubicada a La Seu d\u2019Urgell que fomenta i universalitza els valors del Pirineu. Desenvolupa diferents col\u00b7leccions adre\u00e7ades al p\u00fablic infantil.<\/span><\/li>\n<\/ul>\n<p><img loading=\"lazy\" decoding=\"async\" class=\"\" src=\"https:\/\/www.gremieditors.cat\/wp-content\/uploads\/2021\/04\/YFWZVlh0_400x400.jpeg\" alt=\"Edicions Sal\u00f2ria - Gremi d'Editors de Catalunya\" width=\"276\" height=\"276\" \/><\/p>\n<ul>\n<li><em>Editorial Meraki<\/em>: <span style=\"font-weight: 400;\">Segell creat per Edicions Sal\u00f2ria. Publica en catal\u00e0, apostant per oferir nous autors i promocionant el talent local. T\u00e9 com a objectius ffomentar el plaer per la lectura i la formaci\u00f3 de lectors cr\u00edtics. Al seu cat\u00e0leg trobarem, entre d\u2019altres, \u00e0lbums il\u00b7lustrats molt acurats.<\/span><\/li>\n<\/ul>\n<p><img loading=\"lazy\" decoding=\"async\" class=\"\" src=\"https:\/\/editorialmeraki.com\/wp-content\/uploads\/2021\/03\/MERAKI_LOGO.png\" alt=\"Snoopy: Cowabunga! - Editorial Meraki\" width=\"268\" height=\"128\" \/><\/p>\n<p>&nbsp;<\/p>\n<p>&nbsp;<\/p>\n<p>&nbsp;<\/p>\n<p>&nbsp;<\/p>\n","protected":false},"excerpt":{"rendered":"<p>&nbsp; El pr\u00f2xim dissabte 15 de mar\u00e7 es realitzar\u00e0 una jornada de car\u00e0cter divulgatiu dirigida a docents, fam\u00edlies, mediadors culturals i de lectura, editors, escriptors i il\u00b7lustradors sobre l&#8217;\u00e0lbum il\u00b7lustrat. Ser\u00e0 una jornada de format presencial de les 9.30\u202fh a les 18.20\u202fh. L\u2019\u00e0lbum il\u00b7lustrat \u00e9s un dels primers llibres que posem a l\u2019abast dels infants. [&hellip;]<\/p>\n","protected":false},"author":1,"featured_media":17839,"comment_status":"open","ping_status":"closed","sticky":false,"template":"","format":"standard","meta":{"_bbp_topic_count":0,"_bbp_reply_count":0,"_bbp_total_topic_count":0,"_bbp_total_reply_count":0,"_bbp_voice_count":0,"_bbp_anonymous_reply_count":0,"_bbp_topic_count_hidden":0,"_bbp_reply_count_hidden":0,"_bbp_forum_subforum_count":0,"site-sidebar-layout":"default","site-content-layout":"","ast-site-content-layout":"","site-content-style":"default","site-sidebar-style":"default","ast-global-header-display":"","ast-banner-title-visibility":"","ast-main-header-display":"","ast-hfb-above-header-display":"","ast-hfb-below-header-display":"","ast-hfb-mobile-header-display":"","site-post-title":"","ast-breadcrumbs-content":"","ast-featured-img":"","footer-sml-layout":"","theme-transparent-header-meta":"","adv-header-id-meta":"","stick-header-meta":"","header-above-stick-meta":"","header-main-stick-meta":"","header-below-stick-meta":"","astra-migrate-meta-layouts":"default","ast-page-background-enabled":"default","ast-page-background-meta":{"desktop":{"background-color":"var(--ast-global-color-4)","background-image":"","background-repeat":"repeat","background-position":"center center","background-size":"auto","background-attachment":"scroll","background-type":"","background-media":"","overlay-type":"","overlay-color":"","overlay-opacity":"","overlay-gradient":""},"tablet":{"background-color":"","background-image":"","background-repeat":"repeat","background-position":"center center","background-size":"auto","background-attachment":"scroll","background-type":"","background-media":"","overlay-type":"","overlay-color":"","overlay-opacity":"","overlay-gradient":""},"mobile":{"background-color":"","background-image":"","background-repeat":"repeat","background-position":"center center","background-size":"auto","background-attachment":"scroll","background-type":"","background-media":"","overlay-type":"","overlay-color":"","overlay-opacity":"","overlay-gradient":""}},"ast-content-background-meta":{"desktop":{"background-color":"var(--ast-global-color-5)","background-image":"","background-repeat":"repeat","background-position":"center center","background-size":"auto","background-attachment":"scroll","background-type":"","background-media":"","overlay-type":"","overlay-color":"","overlay-opacity":"","overlay-gradient":""},"tablet":{"background-color":"var(--ast-global-color-5)","background-image":"","background-repeat":"repeat","background-position":"center center","background-size":"auto","background-attachment":"scroll","background-type":"","background-media":"","overlay-type":"","overlay-color":"","overlay-opacity":"","overlay-gradient":""},"mobile":{"background-color":"var(--ast-global-color-5)","background-image":"","background-repeat":"repeat","background-position":"center center","background-size":"auto","background-attachment":"scroll","background-type":"","background-media":"","overlay-type":"","overlay-color":"","overlay-opacity":"","overlay-gradient":""}},"footnotes":""},"categories":[65,175,1,29],"tags":[],"class_list":["post-17709","post","type-post","status-publish","format-standard","has-post-thumbnail","hentry","category-crp","category-formacio","category-general","category-portada"],"post_mailing_queue_ids":[],"_links":{"self":[{"href":"https:\/\/serveiseducatius.xtec.cat\/alturgell\/wp-json\/wp\/v2\/posts\/17709","targetHints":{"allow":["GET"]}}],"collection":[{"href":"https:\/\/serveiseducatius.xtec.cat\/alturgell\/wp-json\/wp\/v2\/posts"}],"about":[{"href":"https:\/\/serveiseducatius.xtec.cat\/alturgell\/wp-json\/wp\/v2\/types\/post"}],"author":[{"embeddable":true,"href":"https:\/\/serveiseducatius.xtec.cat\/alturgell\/wp-json\/wp\/v2\/users\/1"}],"replies":[{"embeddable":true,"href":"https:\/\/serveiseducatius.xtec.cat\/alturgell\/wp-json\/wp\/v2\/comments?post=17709"}],"version-history":[{"count":6,"href":"https:\/\/serveiseducatius.xtec.cat\/alturgell\/wp-json\/wp\/v2\/posts\/17709\/revisions"}],"predecessor-version":[{"id":18023,"href":"https:\/\/serveiseducatius.xtec.cat\/alturgell\/wp-json\/wp\/v2\/posts\/17709\/revisions\/18023"}],"wp:featuredmedia":[{"embeddable":true,"href":"https:\/\/serveiseducatius.xtec.cat\/alturgell\/wp-json\/wp\/v2\/media\/17839"}],"wp:attachment":[{"href":"https:\/\/serveiseducatius.xtec.cat\/alturgell\/wp-json\/wp\/v2\/media?parent=17709"}],"wp:term":[{"taxonomy":"category","embeddable":true,"href":"https:\/\/serveiseducatius.xtec.cat\/alturgell\/wp-json\/wp\/v2\/categories?post=17709"},{"taxonomy":"post_tag","embeddable":true,"href":"https:\/\/serveiseducatius.xtec.cat\/alturgell\/wp-json\/wp\/v2\/tags?post=17709"}],"curies":[{"name":"wp","href":"https:\/\/api.w.org\/{rel}","templated":true}]}}