{"id":17231,"date":"2024-11-05T13:08:33","date_gmt":"2024-11-05T12:08:33","guid":{"rendered":"https:\/\/serveiseducatius.xtec.cat\/alturgell\/?p=17231"},"modified":"2024-11-05T13:08:37","modified_gmt":"2024-11-05T12:08:37","slug":"jornada-connectem-amb-les-plaques","status":"publish","type":"post","link":"https:\/\/serveiseducatius.xtec.cat\/alturgell\/portada\/jornada-connectem-amb-les-plaques\/","title":{"rendered":"Jornada Connectem amb les Plaques"},"content":{"rendered":"<p><img loading=\"lazy\" decoding=\"async\" class=\"alignnone size-full wp-image-17232 aligncenter\" src=\"https:\/\/serveiseducatius.xtec.cat\/alturgell\/wp-content\/uploads\/usu770\/2024\/11\/agenda-connectem-amb-plaques-1.png_1637373458.png\" alt=\"\" width=\"410\" height=\"275\" srcset=\"https:\/\/serveiseducatius.xtec.cat\/alturgell\/wp-content\/uploads\/usu770\/2024\/11\/agenda-connectem-amb-plaques-1.png_1637373458.png 410w, https:\/\/serveiseducatius.xtec.cat\/alturgell\/wp-content\/uploads\/usu770\/2024\/11\/agenda-connectem-amb-plaques-1.png_1637373458-300x201.png 300w\" sizes=\"auto, (max-width: 410px) 100vw, 410px\" \/><\/p>\n<p>&nbsp;<\/p>\n<p>La J<strong>ornada Connectem amb les Plaques<\/strong> estar\u00e0 dedicada al coneixement i programaci\u00f3 de les plaques programables, una eina fonamental en l\u2019ensenyament de la rob\u00f2tica i la programaci\u00f3. La jornada \u00e9s dirigida a docents, professionals de l\u2019educaci\u00f3 i totes aquelles persones interessades en la integraci\u00f3 de la dotaci\u00f3 de rob\u00f2tica a les aules de prim\u00e0ria i secund\u00e0ria.<\/p>\n<p>La jornada es portar\u00e0 a terme el <b>dissabte 23 de novembre<\/b>\u00a0de 9 a 14 h a la <b>UPF Barcelona School of Management<\/b>.<\/p>\n<p>Les<strong> inscripcions<\/strong> estan actives fins el 8 de novembre en aquest <strong><a href=\"https:\/\/docs.google.com\/forms\/d\/e\/1FAIpQLSeRalDnVWJxsvEdx6R53tpr7dZ6Ew-D_hfs93vTbsN5YvVH1A\/viewform\">enlla\u00e7\u00a0<\/a><\/strong><\/p>\n<p>Podeu consultar m\u00e9s informaci\u00f3 i el programa <a href=\"https:\/\/projectes.xtec.cat\/pensament-computacional\/formacio-robotica\/jornades\/jornada-connectem-amb-les-plaques\/\"><strong>aqu\u00ed.<\/strong>\u00a0<\/a><\/p>\n","protected":false},"excerpt":{"rendered":"<p>&nbsp; La Jornada Connectem amb les Plaques estar\u00e0 dedicada al coneixement i programaci\u00f3 de les plaques programables, una eina fonamental en l\u2019ensenyament de la rob\u00f2tica i la programaci\u00f3. La jornada \u00e9s dirigida a docents, professionals de l\u2019educaci\u00f3 i totes aquelles persones interessades en la integraci\u00f3 de la dotaci\u00f3 de rob\u00f2tica a les aules de prim\u00e0ria [&hellip;]<\/p>\n","protected":false},"author":1,"featured_media":17232,"comment_status":"open","ping_status":"closed","sticky":false,"template":"","format":"standard","meta":{"_bbp_topic_count":0,"_bbp_reply_count":0,"_bbp_total_topic_count":0,"_bbp_total_reply_count":0,"_bbp_voice_count":0,"_bbp_anonymous_reply_count":0,"_bbp_topic_count_hidden":0,"_bbp_reply_count_hidden":0,"_bbp_forum_subforum_count":0,"site-sidebar-layout":"default","site-content-layout":"","ast-site-content-layout":"","site-content-style":"default","site-sidebar-style":"default","ast-global-header-display":"","ast-banner-title-visibility":"","ast-main-header-display":"","ast-hfb-above-header-display":"","ast-hfb-below-header-display":"","ast-hfb-mobile-header-display":"","site-post-title":"","ast-breadcrumbs-content":"","ast-featured-img":"","footer-sml-layout":"","theme-transparent-header-meta":"","adv-header-id-meta":"","stick-header-meta":"","header-above-stick-meta":"","header-main-stick-meta":"","header-below-stick-meta":"","astra-migrate-meta-layouts":"default","ast-page-background-enabled":"default","ast-page-background-meta":{"desktop":{"background-color":"var(--ast-global-color-4)","background-image":"","background-repeat":"repeat","background-position":"center center","background-size":"auto","background-attachment":"scroll","background-type":"","background-media":"","overlay-type":"","overlay-color":"","overlay-opacity":"","overlay-gradient":""},"tablet":{"background-color":"","background-image":"","background-repeat":"repeat","background-position":"center center","background-size":"auto","background-attachment":"scroll","background-type":"","background-media":"","overlay-type":"","overlay-color":"","overlay-opacity":"","overlay-gradient":""},"mobile":{"background-color":"","background-image":"","background-repeat":"repeat","background-position":"center center","background-size":"auto","background-attachment":"scroll","background-type":"","background-media":"","overlay-type":"","overlay-color":"","overlay-opacity":"","overlay-gradient":""}},"ast-content-background-meta":{"desktop":{"background-color":"var(--ast-global-color-5)","background-image":"","background-repeat":"repeat","background-position":"center center","background-size":"auto","background-attachment":"scroll","background-type":"","background-media":"","overlay-type":"","overlay-color":"","overlay-opacity":"","overlay-gradient":""},"tablet":{"background-color":"var(--ast-global-color-5)","background-image":"","background-repeat":"repeat","background-position":"center center","background-size":"auto","background-attachment":"scroll","background-type":"","background-media":"","overlay-type":"","overlay-color":"","overlay-opacity":"","overlay-gradient":""},"mobile":{"background-color":"var(--ast-global-color-5)","background-image":"","background-repeat":"repeat","background-position":"center center","background-size":"auto","background-attachment":"scroll","background-type":"","background-media":"","overlay-type":"","overlay-color":"","overlay-opacity":"","overlay-gradient":""}},"footnotes":""},"categories":[175,29],"tags":[],"class_list":["post-17231","post","type-post","status-publish","format-standard","has-post-thumbnail","hentry","category-formacio","category-portada"],"post_mailing_queue_ids":[],"_links":{"self":[{"href":"https:\/\/serveiseducatius.xtec.cat\/alturgell\/wp-json\/wp\/v2\/posts\/17231","targetHints":{"allow":["GET"]}}],"collection":[{"href":"https:\/\/serveiseducatius.xtec.cat\/alturgell\/wp-json\/wp\/v2\/posts"}],"about":[{"href":"https:\/\/serveiseducatius.xtec.cat\/alturgell\/wp-json\/wp\/v2\/types\/post"}],"author":[{"embeddable":true,"href":"https:\/\/serveiseducatius.xtec.cat\/alturgell\/wp-json\/wp\/v2\/users\/1"}],"replies":[{"embeddable":true,"href":"https:\/\/serveiseducatius.xtec.cat\/alturgell\/wp-json\/wp\/v2\/comments?post=17231"}],"version-history":[{"count":1,"href":"https:\/\/serveiseducatius.xtec.cat\/alturgell\/wp-json\/wp\/v2\/posts\/17231\/revisions"}],"predecessor-version":[{"id":17233,"href":"https:\/\/serveiseducatius.xtec.cat\/alturgell\/wp-json\/wp\/v2\/posts\/17231\/revisions\/17233"}],"wp:featuredmedia":[{"embeddable":true,"href":"https:\/\/serveiseducatius.xtec.cat\/alturgell\/wp-json\/wp\/v2\/media\/17232"}],"wp:attachment":[{"href":"https:\/\/serveiseducatius.xtec.cat\/alturgell\/wp-json\/wp\/v2\/media?parent=17231"}],"wp:term":[{"taxonomy":"category","embeddable":true,"href":"https:\/\/serveiseducatius.xtec.cat\/alturgell\/wp-json\/wp\/v2\/categories?post=17231"},{"taxonomy":"post_tag","embeddable":true,"href":"https:\/\/serveiseducatius.xtec.cat\/alturgell\/wp-json\/wp\/v2\/tags?post=17231"}],"curies":[{"name":"wp","href":"https:\/\/api.w.org\/{rel}","templated":true}]}}