{"id":17018,"date":"2024-10-01T12:15:03","date_gmt":"2024-10-01T10:15:03","guid":{"rendered":"https:\/\/serveiseducatius.xtec.cat\/alturgell\/?p=17018"},"modified":"2024-10-01T12:15:03","modified_gmt":"2024-10-01T10:15:03","slug":"les-revistes-del-mes-setembre2024","status":"publish","type":"post","link":"https:\/\/serveiseducatius.xtec.cat\/alturgell\/portada\/les-revistes-del-mes-setembre2024\/","title":{"rendered":"Les Revistes del Mes. Setembre2024"},"content":{"rendered":"<p>Ja podeu consultar les revistes rebudes el <strong>mes de setembre<\/strong> a la Biblioteca del Departament d\u2019Educaci\u00f3 i Formaci\u00f3 Professional. S\u00f3n totes accessibles en l\u00ednia, algunes gratu\u00eftes i d&#8217;altres que requereixen <u><a id=\"m_-6103433433563151462m_-1049567754758604383OWAc7040d85-fa81-0f2e-f532-f68d3490e4cc\" title=\"https:\/\/espai.educacio.gencat.cat\/Recursos\/Biblioteca\/Biblioteca-virtual\/Revistes-electroniques\/Pagines\/default.aspx\" href=\"https:\/\/espai.educacio.gencat.cat\/Recursos\/Biblioteca\/Biblioteca-virtual\/Revistes-electroniques\/Pagines\/default.aspx\" target=\"_blank\" rel=\"noopener\" data-saferedirecturl=\"https:\/\/www.google.com\/url?q=https:\/\/espai.educacio.gencat.cat\/Recursos\/Biblioteca\/Biblioteca-virtual\/Revistes-electroniques\/Pagines\/default.aspx&amp;source=gmail&amp;ust=1727859271481000&amp;usg=AOvVaw1NwXnRVRwfyeAJijSz963P\">claus d&#8217;acc\u00e9s<\/a><\/u>.<\/p>\n<div><\/div>\n<table id=\"m_-6103433433563151462m_-1049567754758604383x_table_0\" style=\"width: 78.6965%; height: 738px;\">\n<tbody>\n<tr style=\"height: 66px;\">\n<td style=\"width: 16.1532%; height: 66px;\"><img loading=\"lazy\" decoding=\"async\" class=\"wp-image-17019 aligncenter\" src=\"https:\/\/serveiseducatius.xtec.cat\/alturgell\/wp-content\/uploads\/usu770\/2024\/10\/unnamed.png\" alt=\"\" width=\"271\" height=\"55\" srcset=\"https:\/\/serveiseducatius.xtec.cat\/alturgell\/wp-content\/uploads\/usu770\/2024\/10\/unnamed.png 337w, https:\/\/serveiseducatius.xtec.cat\/alturgell\/wp-content\/uploads\/usu770\/2024\/10\/unnamed-300x61.png 300w\" sizes=\"auto, (max-width: 271px) 100vw, 271px\" \/><\/td>\n<td style=\"width: 61.9014%; height: 66px;\">\n<h6><u><a id=\"m_-6103433433563151462m_-1049567754758604383OWA83301604-610d-b78c-985c-d5e30e16c187\" href=\"https:\/\/dialnet.unirioja.es\/ejemplar\/669588\" target=\"_blank\" rel=\"noopener\" data-saferedirecturl=\"https:\/\/www.google.com\/url?q=https:\/\/dialnet.unirioja.es\/ejemplar\/669588&amp;source=gmail&amp;ust=1727859271481000&amp;usg=AOvVaw3P7b763zbbUwFNT1LawODw\">Generaci\u00f3n Dragon\u00a0Ball: fantas\u00eda\u00a0y kung-fu por la normalizaci\u00f3n\u00a0ling\u00fc\u00edstica<\/a><\/u><br \/>\n<span style=\"color: #000000;\">Archiletras, 24, jul.-set. 2024<\/span><\/h6>\n<\/td>\n<\/tr>\n<tr style=\"height: 84px;\">\n<td style=\"width: 16.1532%; height: 84px;\">\n<h6><img loading=\"lazy\" decoding=\"async\" class=\"wp-image-17023 aligncenter\" src=\"https:\/\/serveiseducatius.xtec.cat\/alturgell\/wp-content\/uploads\/usu770\/2024\/10\/unnameda.jpg\" alt=\"\" width=\"110\" height=\"52\" srcset=\"https:\/\/serveiseducatius.xtec.cat\/alturgell\/wp-content\/uploads\/usu770\/2024\/10\/unnameda.jpg 587w, https:\/\/serveiseducatius.xtec.cat\/alturgell\/wp-content\/uploads\/usu770\/2024\/10\/unnameda-300x142.jpg 300w\" sizes=\"auto, (max-width: 110px) 100vw, 110px\" \/><\/h6>\n<\/td>\n<td style=\"width: 61.9014%; height: 84px;\">\n<h6><u><a id=\"m_-6103433433563151462m_-1049567754758604383OWA39577dae-8062-870f-1c82-9ae0aff5a479\" href=\"https:\/\/www.revistaclij.com\/product\/clij-321-septiembre-octubre-2024-edicion-papel\/\" target=\"_blank\" rel=\"noopener\" data-saferedirecturl=\"https:\/\/www.google.com\/url?q=https:\/\/www.revistaclij.com\/product\/clij-321-septiembre-octubre-2024-edicion-papel\/&amp;source=gmail&amp;ust=1727859271481000&amp;usg=AOvVaw0Zz3n4kU9zq3Z7N4Gz0ep-\">Especial panorama del a\u00f1o: Catalu\u00f1a, Comunidad\u00a0Valenciana, Pa\u00eds Vasco, Galicia y Asturias<\/a><\/u><\/h6>\n<h6><span style=\"color: #000000;\">CLIJ, 321, set.-oct. 2024<\/span><\/h6>\n<\/td>\n<\/tr>\n<tr style=\"height: 73px;\">\n<td style=\"width: 16.1532%; height: 73px;\">\n<div><img loading=\"lazy\" decoding=\"async\" class=\"wp-image-17024 aligncenter\" src=\"https:\/\/serveiseducatius.xtec.cat\/alturgell\/wp-content\/uploads\/usu770\/2024\/10\/unnamed.jpg\" alt=\"\" width=\"119\" height=\"50\" \/><\/div>\n<\/td>\n<td style=\"width: 61.9014%; height: 73px;\">\n<h6><u><a id=\"m_-6103433433563151462m_-1049567754758604383OWA7a173bc0-3b0a-438f-1510-61acc994f529\" href=\"https:\/\/dialnet.unirioja.es\/ejemplar\/673038\" target=\"_blank\" rel=\"noopener\" data-saferedirecturl=\"https:\/\/www.google.com\/url?q=https:\/\/dialnet.unirioja.es\/ejemplar\/673038&amp;source=gmail&amp;ust=1727859271481000&amp;usg=AOvVaw248roUh6VR0y4vdmbQyLnq\">Orientaci\u00f3n\u00a0Educativa y Professional<\/a><\/u><\/h6>\n<h6>Cuadernos\u00a0de pedagog\u00eda, 556, set. 2024<\/h6>\n<\/td>\n<\/tr>\n<tr style=\"height: 73px;\">\n<td style=\"width: 16.1532%; height: 73px;\">\n<div><img loading=\"lazy\" decoding=\"async\" class=\"alignnone  wp-image-17020\" src=\"https:\/\/serveiseducatius.xtec.cat\/alturgell\/wp-content\/uploads\/usu770\/2024\/10\/hh.png\" alt=\"\" width=\"227\" height=\"32\" srcset=\"https:\/\/serveiseducatius.xtec.cat\/alturgell\/wp-content\/uploads\/usu770\/2024\/10\/hh.png 426w, https:\/\/serveiseducatius.xtec.cat\/alturgell\/wp-content\/uploads\/usu770\/2024\/10\/hh-300x42.png 300w\" sizes=\"auto, (max-width: 227px) 100vw, 227px\" \/><\/div>\n<\/td>\n<td style=\"width: 61.9014%; height: 73px;\">\n<h6><u><a id=\"m_-6103433433563151462m_-1049567754758604383OWA1cd03f45-d8fb-026e-7295-483cba1fcaaa\" href=\"https:\/\/tienda.educaciontrespuntocero.com\/revista-numero-55\/\" target=\"_blank\" rel=\"noopener\" data-saferedirecturl=\"https:\/\/www.google.com\/url?q=https:\/\/tienda.educaciontrespuntocero.com\/revista-numero-55\/&amp;source=gmail&amp;ust=1727859271482000&amp;usg=AOvVaw3UTb23sFfsZp-g7uVyikbm\">Los ordenadores con IA llegan\u00a0a las aules<\/a><\/u><\/h6>\n<h6><span style=\"color: #000000;\">Educaci\u00f3n\u00a03.0, set.-oct. 2024<\/span><\/h6>\n<\/td>\n<\/tr>\n<tr style=\"height: 15px;\">\n<td style=\"width: 16.1532%; height: 15px;\">\n<div>\n<div><img loading=\"lazy\" decoding=\"async\" class=\"wp-image-17025 aligncenter\" src=\"https:\/\/serveiseducatius.xtec.cat\/alturgell\/wp-content\/uploads\/usu770\/2024\/10\/unnamed5.png\" alt=\"\" width=\"79\" height=\"79\" srcset=\"https:\/\/serveiseducatius.xtec.cat\/alturgell\/wp-content\/uploads\/usu770\/2024\/10\/unnamed5.png 400w, https:\/\/serveiseducatius.xtec.cat\/alturgell\/wp-content\/uploads\/usu770\/2024\/10\/unnamed5-300x300.png 300w, https:\/\/serveiseducatius.xtec.cat\/alturgell\/wp-content\/uploads\/usu770\/2024\/10\/unnamed5-150x150.png 150w\" sizes=\"auto, (max-width: 79px) 100vw, 79px\" \/><\/div>\n<div><\/div>\n<\/div>\n<\/td>\n<td style=\"width: 61.9014%; height: 15px;\">\n<h6><u><a id=\"m_-6103433433563151462m_-1049567754758604383OWAecf494bb-782e-d481-47f6-5d8651e90177\" href=\"https:\/\/revistas.um.es\/educatio\" target=\"_blank\" rel=\"noopener\" data-saferedirecturl=\"https:\/\/www.google.com\/url?q=https:\/\/revistas.um.es\/educatio&amp;source=gmail&amp;ust=1727859271482000&amp;usg=AOvVaw2o0FXTb82hcTQLbmse8HzU\">Sobre el sentido\u00a0de la formaci\u00f3n pr\u00e1ctica\u00a0en educaci\u00f3n\u00a0infantil<\/a><\/u><\/h6>\n<h6><span style=\"color: #000000;\">Educatio siglo\u00a0XXI, 42(2), 2024<\/span><\/h6>\n<\/td>\n<\/tr>\n<tr style=\"height: 100px;\">\n<td style=\"width: 16.1532%; height: 100px;\">\n<div>\u00a0<img loading=\"lazy\" decoding=\"async\" class=\"alignnone  wp-image-17022\" src=\"https:\/\/serveiseducatius.xtec.cat\/alturgell\/wp-content\/uploads\/usu770\/2024\/10\/unnamed6.png\" alt=\"\" width=\"197\" height=\"45\" \/><\/div>\n<\/td>\n<td style=\"width: 61.9014%; height: 100px;\">\n<h6>\u00a0<u><a id=\"m_-6103433433563151462m_-1049567754758604383OWA7d84ca16-4b5d-b9cc-bb94-baa1f346c6c2\" href=\"https:\/\/www.rosasensat.org\/revista\/infancia-260\/\" target=\"_blank\" rel=\"noopener\" data-saferedirecturl=\"https:\/\/www.google.com\/url?q=https:\/\/www.rosasensat.org\/revista\/infancia-260\/&amp;source=gmail&amp;ust=1727859271482000&amp;usg=AOvVaw3G5isBYCFJTTOO4dbiTia2\">La formaci\u00f3 liter\u00e0ria a educaci\u00f3 infantil, un repte per a la compet\u00e8ncia lectora<\/a><\/u><\/h6>\n<h6><span style=\"color: #000000;\">In-f\u00e0n-ci-a, 260, set.-oct. 2024<\/span><\/h6>\n<h6><\/h6>\n<\/td>\n<\/tr>\n<tr style=\"height: 110px;\">\n<td style=\"width: 16.1532%; height: 110px;\">\n<p><img loading=\"lazy\" decoding=\"async\" class=\"wp-image-17028 aligncenter\" src=\"https:\/\/serveiseducatius.xtec.cat\/alturgell\/wp-content\/uploads\/usu770\/2024\/10\/unnamed7.png\" alt=\"\" width=\"116\" height=\"53\" srcset=\"https:\/\/serveiseducatius.xtec.cat\/alturgell\/wp-content\/uploads\/usu770\/2024\/10\/unnamed7.png 381w, https:\/\/serveiseducatius.xtec.cat\/alturgell\/wp-content\/uploads\/usu770\/2024\/10\/unnamed7-300x138.png 300w\" sizes=\"auto, (max-width: 116px) 100vw, 116px\" \/><\/td>\n<td style=\"width: 61.9014%; height: 110px;\">\n<h6><u><a id=\"m_-6103433433563151462m_-1049567754758604383OWA95c5b401-7a1d-b748-3919-8f19c304f6e2\" href=\"https:\/\/revistas.uma.es\/index.php\/revistaISL\/issue\/view\/1273\" target=\"_blank\" rel=\"noopener\" data-saferedirecturl=\"https:\/\/www.google.com\/url?q=https:\/\/revistas.uma.es\/index.php\/revistaISL\/issue\/view\/1273&amp;source=gmail&amp;ust=1727859271482000&amp;usg=AOvVaw0MEUaJ7LZ2EoxWJ_LmEBAq\">Relaci\u00f3n\u00a0entre el nivel\u00a0de lectoescritura\u00a0y autoconcepto\u00a0en el alumnado\u00a0de Educaci\u00f3n Primaria: implicaciones pedag\u00f3gicas\u00a0en los procesos\u00a0de ense\u00f1anza-aprendizaje<\/a><\/u><\/h6>\n<h6><span style=\"color: #000000;\">Investigaciones\u00a0Sobre Lectura, 19, 2024<\/span><\/h6>\n<\/td>\n<\/tr>\n<tr style=\"height: 96px;\">\n<td style=\"width: 16.1532%; height: 96px;\">\n<div><img loading=\"lazy\" decoding=\"async\" class=\" wp-image-17029 aligncenter\" src=\"https:\/\/serveiseducatius.xtec.cat\/alturgell\/wp-content\/uploads\/usu770\/2024\/10\/unnamed8.jpg\" alt=\"\" width=\"139\" height=\"58\" srcset=\"https:\/\/serveiseducatius.xtec.cat\/alturgell\/wp-content\/uploads\/usu770\/2024\/10\/unnamed8.jpg 331w, https:\/\/serveiseducatius.xtec.cat\/alturgell\/wp-content\/uploads\/usu770\/2024\/10\/unnamed8-300x126.jpg 300w\" sizes=\"auto, (max-width: 139px) 100vw, 139px\" \/><\/div>\n<\/td>\n<td style=\"width: 61.9014%; height: 96px;\">\n<h6><u><a id=\"m_-6103433433563151462m_-1049567754758604383OWA096f1d11-9bc6-9b8d-7047-d53ea42c7cbd\" href=\"https:\/\/metode.cat\/revista\/humanitats-digitals\" target=\"_blank\" rel=\"noopener\" data-saferedirecturl=\"https:\/\/www.google.com\/url?q=https:\/\/metode.cat\/revista\/humanitats-digitals&amp;source=gmail&amp;ust=1727859271482000&amp;usg=AOvVaw3c5TLodHm59VSYwTTMRJWp\">Humanitats digitals<\/a><\/u><\/h6>\n<h6><span style=\"color: #000000;\">M\u00e8tode, 122, 2024<\/span><\/h6>\n<\/td>\n<\/tr>\n<tr style=\"height: 73px;\">\n<td style=\"width: 16.1532%; height: 73px;\">\n<div><img loading=\"lazy\" decoding=\"async\" class=\"alignnone  wp-image-17027\" src=\"https:\/\/serveiseducatius.xtec.cat\/alturgell\/wp-content\/uploads\/usu770\/2024\/10\/9.png\" alt=\"\" width=\"152\" height=\"30\" srcset=\"https:\/\/serveiseducatius.xtec.cat\/alturgell\/wp-content\/uploads\/usu770\/2024\/10\/9.png 478w, https:\/\/serveiseducatius.xtec.cat\/alturgell\/wp-content\/uploads\/usu770\/2024\/10\/9-300x59.png 300w\" sizes=\"auto, (max-width: 152px) 100vw, 152px\" \/><\/div>\n<\/td>\n<td style=\"width: 61.9014%; height: 73px;\">\n<h6><u><a id=\"m_-6103433433563151462m_-1049567754758604383OWA32b9a290-f142-117d-9f0b-7f35c620a2dd\" href=\"https:\/\/www.rosasensat.org\/revista\/perspectiva-424\/\" target=\"_blank\" rel=\"noopener\" data-saferedirecturl=\"https:\/\/www.google.com\/url?q=https:\/\/www.rosasensat.org\/revista\/perspectiva-424\/&amp;source=gmail&amp;ust=1727859271482000&amp;usg=AOvVaw3XwbP1X_d3cAN9f1m2lO21\">Segregaci\u00f3 escolar<\/a><\/u><\/h6>\n<h6><span style=\"color: #000000;\">Perspectiva, 424, set.-des. 2024<\/span><\/h6>\n<\/td>\n<\/tr>\n<tr style=\"height: 48px;\">\n<td style=\"width: 16.1532%; height: 48px;\">\n<div>\n<img loading=\"lazy\" decoding=\"async\" class=\"size-full wp-image-17026 aligncenter\" src=\"https:\/\/serveiseducatius.xtec.cat\/alturgell\/wp-content\/uploads\/usu770\/2024\/10\/unnamed10.png\" alt=\"\" width=\"119\" height=\"88\" \/><\/div>\n<\/td>\n<td style=\"width: 61.9014%; height: 48px;\">\n<h6><u><a id=\"m_-6103433433563151462m_-1049567754758604383OWA3f1071d7-a7a4-0d69-824f-08c87eb7a404\" href=\"https:\/\/dialnet.unirioja.es\/ejemplar\/671945\" target=\"_blank\" rel=\"noopener\" data-saferedirecturl=\"https:\/\/www.google.com\/url?q=https:\/\/dialnet.unirioja.es\/ejemplar\/671945&amp;source=gmail&amp;ust=1727859271482000&amp;usg=AOvVaw2OMPGRioJwybZB9iSrPv6k\">Educaci\u00f3n\u00a0Ambiental para maestros<\/a><\/u><\/h6>\n<h6><span style=\"color: #000000;\">Revista Educaci\u00f3n\u00a0Ambiental y Sostenibilidad, 6(1), 2024<\/span><\/h6>\n<\/td>\n<\/tr>\n<\/tbody>\n<\/table>\n<div><\/div>\n","protected":false},"excerpt":{"rendered":"<p>Ja podeu consultar les revistes rebudes el mes de setembre a la Biblioteca del Departament d\u2019Educaci\u00f3 i Formaci\u00f3 Professional. S\u00f3n totes accessibles en l\u00ednia, algunes gratu\u00eftes i d&#8217;altres que requereixen claus d&#8217;acc\u00e9s. Generaci\u00f3n Dragon\u00a0Ball: fantas\u00eda\u00a0y kung-fu por la normalizaci\u00f3n\u00a0ling\u00fc\u00edstica Archiletras, 24, jul.-set. 2024 Especial panorama del a\u00f1o: Catalu\u00f1a, Comunidad\u00a0Valenciana, Pa\u00eds Vasco, Galicia y Asturias CLIJ, [&hellip;]<\/p>\n","protected":false},"author":1,"featured_media":15949,"comment_status":"open","ping_status":"closed","sticky":false,"template":"","format":"standard","meta":{"_bbp_topic_count":0,"_bbp_reply_count":0,"_bbp_total_topic_count":0,"_bbp_total_reply_count":0,"_bbp_voice_count":0,"_bbp_anonymous_reply_count":0,"_bbp_topic_count_hidden":0,"_bbp_reply_count_hidden":0,"_bbp_forum_subforum_count":0,"site-sidebar-layout":"default","site-content-layout":"","ast-site-content-layout":"","site-content-style":"default","site-sidebar-style":"default","ast-global-header-display":"","ast-banner-title-visibility":"","ast-main-header-display":"","ast-hfb-above-header-display":"","ast-hfb-below-header-display":"","ast-hfb-mobile-header-display":"","site-post-title":"","ast-breadcrumbs-content":"","ast-featured-img":"","footer-sml-layout":"","theme-transparent-header-meta":"","adv-header-id-meta":"","stick-header-meta":"","header-above-stick-meta":"","header-main-stick-meta":"","header-below-stick-meta":"","astra-migrate-meta-layouts":"default","ast-page-background-enabled":"default","ast-page-background-meta":{"desktop":{"background-color":"var(--ast-global-color-4)","background-image":"","background-repeat":"repeat","background-position":"center center","background-size":"auto","background-attachment":"scroll","background-type":"","background-media":"","overlay-type":"","overlay-color":"","overlay-opacity":"","overlay-gradient":""},"tablet":{"background-color":"","background-image":"","background-repeat":"repeat","background-position":"center center","background-size":"auto","background-attachment":"scroll","background-type":"","background-media":"","overlay-type":"","overlay-color":"","overlay-opacity":"","overlay-gradient":""},"mobile":{"background-color":"","background-image":"","background-repeat":"repeat","background-position":"center center","background-size":"auto","background-attachment":"scroll","background-type":"","background-media":"","overlay-type":"","overlay-color":"","overlay-opacity":"","overlay-gradient":""}},"ast-content-background-meta":{"desktop":{"background-color":"var(--ast-global-color-5)","background-image":"","background-repeat":"repeat","background-position":"center center","background-size":"auto","background-attachment":"scroll","background-type":"","background-media":"","overlay-type":"","overlay-color":"","overlay-opacity":"","overlay-gradient":""},"tablet":{"background-color":"var(--ast-global-color-5)","background-image":"","background-repeat":"repeat","background-position":"center center","background-size":"auto","background-attachment":"scroll","background-type":"","background-media":"","overlay-type":"","overlay-color":"","overlay-opacity":"","overlay-gradient":""},"mobile":{"background-color":"var(--ast-global-color-5)","background-image":"","background-repeat":"repeat","background-position":"center center","background-size":"auto","background-attachment":"scroll","background-type":"","background-media":"","overlay-type":"","overlay-color":"","overlay-opacity":"","overlay-gradient":""}},"footnotes":""},"categories":[81,29,76],"tags":[],"class_list":["post-17018","post","type-post","status-publish","format-standard","has-post-thumbnail","hentry","category-biblioteca-escolar","category-portada","category-recursos"],"post_mailing_queue_ids":[],"_links":{"self":[{"href":"https:\/\/serveiseducatius.xtec.cat\/alturgell\/wp-json\/wp\/v2\/posts\/17018","targetHints":{"allow":["GET"]}}],"collection":[{"href":"https:\/\/serveiseducatius.xtec.cat\/alturgell\/wp-json\/wp\/v2\/posts"}],"about":[{"href":"https:\/\/serveiseducatius.xtec.cat\/alturgell\/wp-json\/wp\/v2\/types\/post"}],"author":[{"embeddable":true,"href":"https:\/\/serveiseducatius.xtec.cat\/alturgell\/wp-json\/wp\/v2\/users\/1"}],"replies":[{"embeddable":true,"href":"https:\/\/serveiseducatius.xtec.cat\/alturgell\/wp-json\/wp\/v2\/comments?post=17018"}],"version-history":[{"count":5,"href":"https:\/\/serveiseducatius.xtec.cat\/alturgell\/wp-json\/wp\/v2\/posts\/17018\/revisions"}],"predecessor-version":[{"id":17033,"href":"https:\/\/serveiseducatius.xtec.cat\/alturgell\/wp-json\/wp\/v2\/posts\/17018\/revisions\/17033"}],"wp:featuredmedia":[{"embeddable":true,"href":"https:\/\/serveiseducatius.xtec.cat\/alturgell\/wp-json\/wp\/v2\/media\/15949"}],"wp:attachment":[{"href":"https:\/\/serveiseducatius.xtec.cat\/alturgell\/wp-json\/wp\/v2\/media?parent=17018"}],"wp:term":[{"taxonomy":"category","embeddable":true,"href":"https:\/\/serveiseducatius.xtec.cat\/alturgell\/wp-json\/wp\/v2\/categories?post=17018"},{"taxonomy":"post_tag","embeddable":true,"href":"https:\/\/serveiseducatius.xtec.cat\/alturgell\/wp-json\/wp\/v2\/tags?post=17018"}],"curies":[{"name":"wp","href":"https:\/\/api.w.org\/{rel}","templated":true}]}}