{"id":16980,"date":"2024-09-30T10:20:18","date_gmt":"2024-09-30T08:20:18","guid":{"rendered":"https:\/\/serveiseducatius.xtec.cat\/alturgell\/?p=16980"},"modified":"2024-10-04T11:55:37","modified_gmt":"2024-10-04T09:55:37","slug":"robots-en-accio-participa-en-les-missions","status":"publish","type":"post","link":"https:\/\/serveiseducatius.xtec.cat\/alturgell\/portada\/robots-en-accio-participa-en-les-missions\/","title":{"rendered":"Robots en acci\u00f3! participa en les missions"},"content":{"rendered":"<div class=\"wp-block-getwid-section__background-holder\">\n<div class=\"wp-block-getwid-section__foreground\" style=\"text-align: justify;\"><\/div>\n<\/div>\n<div class=\"wp-block-getwid-section__content\">\n<div class=\"wp-block-getwid-section__inner-content\">\n<p style=\"text-align: justify;\"><strong><em>Robots en acci\u00f3!<\/em><\/strong>\u00e9s un nou projecte de l\u2019\u00c0rea de Cultura Digital del Departament d\u2019Educaci\u00f3 i Formaci\u00f3 Professional, que t\u00e9 com a objectiu contribuir a treballar la <strong>compet\u00e8ncia digital de l\u2019alumnat<\/strong> i <strong>el pensament computacional<\/strong>, mitjan\u00e7ant l<strong>\u2019\u00fas dels equipaments de rob\u00f2tica<\/strong>.<\/p>\n<p>Les missions estan adre\u00e7ades a alumnat d\u2019<strong>infantil, tots els cursos de prim\u00e0ria i 1r i 2n d\u2019ESO<\/strong>. Per a Educaci\u00f3 Infantil, es proporcionaran els tapissos i les imatges necess\u00e0ries per crear els jocs.<\/p>\n<p style=\"text-align: justify;\">El projecte es compon de <strong>6 reptes o missions<\/strong> que l\u2019alumnat haur\u00e0 de superar amb l\u2019<strong>ajuda dels robots<\/strong> disponibles al centre educatiu. <strong>Cada mes,<\/strong> es llan\u00e7ar\u00e0 un repte en format de \u201cmissi\u00f3\u201d, que <strong>es publicar\u00e0 en aquest espai<\/strong>.<\/p>\n<p style=\"text-align: justify;\">Coincidint amb l<strong>\u2019<a href=\"https:\/\/quantum2025.org\/es\/\">Any Internacional de la Ci\u00e8ncia i la Tecnologia Qu\u00e0ntiques<\/a><\/strong>, els reptes introduiran conceptes relacionats amb la <strong>f\u00edsica, la mat\u00e8ria i l\u2019energia <\/strong>de manera senzilla, amb animacions que facilitaran la comprensi\u00f3 d\u2019aquests fen\u00f2mens naturals.<\/p>\n<div><img loading=\"lazy\" decoding=\"async\" class=\"\" src=\"https:\/\/serveiseducatius.xtec.cat\/alturgell\/wp-content\/uploads\/usu770\/2019\/04\/flecha.gif\" width=\"18\" height=\"20\" \/><strong><a href=\"https:\/\/projectes.xtec.cat\/pensament-computacional\/reptes-de-robotica\/\"> M\u00e9s informaci\u00f3 i inscripcions<\/a><\/strong><\/div>\n<\/div>\n<div><\/div>\n<div class=\"wp-block-getwid-section__inner-content\">\n<div><\/div>\n<div><\/div>\n<div><\/div>\n<div><img loading=\"lazy\" decoding=\"async\" class=\"alignnone size-full wp-image-16982\" src=\"https:\/\/serveiseducatius.xtec.cat\/alturgell\/wp-content\/uploads\/usu770\/2024\/09\/Captura-de-pantalla-2024-09-30-101635.jpg\" alt=\"\" width=\"491\" height=\"304\" srcset=\"https:\/\/serveiseducatius.xtec.cat\/alturgell\/wp-content\/uploads\/usu770\/2024\/09\/Captura-de-pantalla-2024-09-30-101635.jpg 491w, https:\/\/serveiseducatius.xtec.cat\/alturgell\/wp-content\/uploads\/usu770\/2024\/09\/Captura-de-pantalla-2024-09-30-101635-300x186.jpg 300w\" sizes=\"auto, (max-width: 491px) 100vw, 491px\" \/> <img loading=\"lazy\" decoding=\"async\" class=\"alignnone size-full wp-image-16983\" src=\"https:\/\/serveiseducatius.xtec.cat\/alturgell\/wp-content\/uploads\/usu770\/2024\/09\/Captura-de-pantalla-2024-09-30-101558.jpg\" alt=\"\" width=\"491\" height=\"394\" srcset=\"https:\/\/serveiseducatius.xtec.cat\/alturgell\/wp-content\/uploads\/usu770\/2024\/09\/Captura-de-pantalla-2024-09-30-101558.jpg 491w, https:\/\/serveiseducatius.xtec.cat\/alturgell\/wp-content\/uploads\/usu770\/2024\/09\/Captura-de-pantalla-2024-09-30-101558-300x241.jpg 300w\" sizes=\"auto, (max-width: 491px) 100vw, 491px\" \/><\/div>\n<div><\/div>\n<\/div>\n<\/div>\n","protected":false},"excerpt":{"rendered":"<p>Robots en acci\u00f3!\u00e9s un nou projecte de l\u2019\u00c0rea de Cultura Digital del Departament d\u2019Educaci\u00f3 i Formaci\u00f3 Professional, que t\u00e9 com a objectiu contribuir a treballar la compet\u00e8ncia digital de l\u2019alumnat i el pensament computacional, mitjan\u00e7ant l\u2019\u00fas dels equipaments de rob\u00f2tica. Les missions estan adre\u00e7ades a alumnat d\u2019infantil, tots els cursos de prim\u00e0ria i 1r i [&hellip;]<\/p>\n","protected":false},"author":1,"featured_media":16981,"comment_status":"open","ping_status":"closed","sticky":false,"template":"","format":"standard","meta":{"_bbp_topic_count":0,"_bbp_reply_count":0,"_bbp_total_topic_count":0,"_bbp_total_reply_count":0,"_bbp_voice_count":0,"_bbp_anonymous_reply_count":0,"_bbp_topic_count_hidden":0,"_bbp_reply_count_hidden":0,"_bbp_forum_subforum_count":0,"site-sidebar-layout":"default","site-content-layout":"","ast-site-content-layout":"","site-content-style":"default","site-sidebar-style":"default","ast-global-header-display":"","ast-banner-title-visibility":"","ast-main-header-display":"","ast-hfb-above-header-display":"","ast-hfb-below-header-display":"","ast-hfb-mobile-header-display":"","site-post-title":"","ast-breadcrumbs-content":"","ast-featured-img":"","footer-sml-layout":"","theme-transparent-header-meta":"","adv-header-id-meta":"","stick-header-meta":"","header-above-stick-meta":"","header-main-stick-meta":"","header-below-stick-meta":"","astra-migrate-meta-layouts":"default","ast-page-background-enabled":"default","ast-page-background-meta":{"desktop":{"background-color":"var(--ast-global-color-4)","background-image":"","background-repeat":"repeat","background-position":"center center","background-size":"auto","background-attachment":"scroll","background-type":"","background-media":"","overlay-type":"","overlay-color":"","overlay-opacity":"","overlay-gradient":""},"tablet":{"background-color":"","background-image":"","background-repeat":"repeat","background-position":"center center","background-size":"auto","background-attachment":"scroll","background-type":"","background-media":"","overlay-type":"","overlay-color":"","overlay-opacity":"","overlay-gradient":""},"mobile":{"background-color":"","background-image":"","background-repeat":"repeat","background-position":"center center","background-size":"auto","background-attachment":"scroll","background-type":"","background-media":"","overlay-type":"","overlay-color":"","overlay-opacity":"","overlay-gradient":""}},"ast-content-background-meta":{"desktop":{"background-color":"var(--ast-global-color-5)","background-image":"","background-repeat":"repeat","background-position":"center center","background-size":"auto","background-attachment":"scroll","background-type":"","background-media":"","overlay-type":"","overlay-color":"","overlay-opacity":"","overlay-gradient":""},"tablet":{"background-color":"var(--ast-global-color-5)","background-image":"","background-repeat":"repeat","background-position":"center center","background-size":"auto","background-attachment":"scroll","background-type":"","background-media":"","overlay-type":"","overlay-color":"","overlay-opacity":"","overlay-gradient":""},"mobile":{"background-color":"var(--ast-global-color-5)","background-image":"","background-repeat":"repeat","background-position":"center center","background-size":"auto","background-attachment":"scroll","background-type":"","background-media":"","overlay-type":"","overlay-color":"","overlay-opacity":"","overlay-gradient":""}},"footnotes":""},"categories":[78,29,76],"tags":[],"class_list":["post-16980","post","type-post","status-publish","format-standard","has-post-thumbnail","hentry","category-tac","category-portada","category-recursos"],"post_mailing_queue_ids":[],"_links":{"self":[{"href":"https:\/\/serveiseducatius.xtec.cat\/alturgell\/wp-json\/wp\/v2\/posts\/16980","targetHints":{"allow":["GET"]}}],"collection":[{"href":"https:\/\/serveiseducatius.xtec.cat\/alturgell\/wp-json\/wp\/v2\/posts"}],"about":[{"href":"https:\/\/serveiseducatius.xtec.cat\/alturgell\/wp-json\/wp\/v2\/types\/post"}],"author":[{"embeddable":true,"href":"https:\/\/serveiseducatius.xtec.cat\/alturgell\/wp-json\/wp\/v2\/users\/1"}],"replies":[{"embeddable":true,"href":"https:\/\/serveiseducatius.xtec.cat\/alturgell\/wp-json\/wp\/v2\/comments?post=16980"}],"version-history":[{"count":4,"href":"https:\/\/serveiseducatius.xtec.cat\/alturgell\/wp-json\/wp\/v2\/posts\/16980\/revisions"}],"predecessor-version":[{"id":16991,"href":"https:\/\/serveiseducatius.xtec.cat\/alturgell\/wp-json\/wp\/v2\/posts\/16980\/revisions\/16991"}],"wp:featuredmedia":[{"embeddable":true,"href":"https:\/\/serveiseducatius.xtec.cat\/alturgell\/wp-json\/wp\/v2\/media\/16981"}],"wp:attachment":[{"href":"https:\/\/serveiseducatius.xtec.cat\/alturgell\/wp-json\/wp\/v2\/media?parent=16980"}],"wp:term":[{"taxonomy":"category","embeddable":true,"href":"https:\/\/serveiseducatius.xtec.cat\/alturgell\/wp-json\/wp\/v2\/categories?post=16980"},{"taxonomy":"post_tag","embeddable":true,"href":"https:\/\/serveiseducatius.xtec.cat\/alturgell\/wp-json\/wp\/v2\/tags?post=16980"}],"curies":[{"name":"wp","href":"https:\/\/api.w.org\/{rel}","templated":true}]}}