{"id":16966,"date":"2024-09-27T12:41:49","date_gmt":"2024-09-27T10:41:49","guid":{"rendered":"https:\/\/serveiseducatius.xtec.cat\/alturgell\/?p=16966"},"modified":"2024-10-02T10:24:55","modified_gmt":"2024-10-02T08:24:55","slug":"inauguracio-del-curs-amb-el-daniel-gabarro","status":"publish","type":"post","link":"https:\/\/serveiseducatius.xtec.cat\/alturgell\/portada\/inauguracio-del-curs-amb-el-daniel-gabarro\/","title":{"rendered":"Inauguraci\u00f3 del curs amb el Daniel Gabarr\u00f3"},"content":{"rendered":"<p>La sala <strong>Sant Dom\u00e8nec de la Seu d&#8217;Urgell<\/strong> ha acollit la inauguraci\u00f3 oficial del curs escolar amb una confer\u00e8ncia del <strong>Daniel Gabarr\u00f3<\/strong> adre\u00e7ada a tots els docents dels centres educatius del Pirineu i Aran. <span class=\"x193iq5w xeuugli x13faqbe x1vvkbs x1xmvt09 x1lliihq x1s928wv xhkezso x1gmr53x x1cpjm7i x1fgarty x1943h6x xudqn12 x3x7a5m x6prxxf xvq8zen xo1l8bm xzsf02u x1yc453h\" dir=\"auto\">L&#8217;acte ha comptat amb la pres\u00e8ncia de la inspectora en cap, \u00darsula Ribes; en Ramon Jordana, director territorial d&#8217;Educaci\u00f3 a l&#8217;Alt Pirineu i Aran, i Joan Barrera, alcalde de la capital urgellenca.<\/span><\/p>\n<div class=\"basic_text col-xs-12\">\n<div class=\"pd-15x\" data-crawling=\"principal-lead\">\n<p>Sota el t\u00edtol <strong>&#8220;Autocura: eines per al professorat i per a l\u2019alumnat&#8221; <\/strong>el ponent ha proporcionat eines i criteris per contribuir a la cura professional de les persones que treballen en l&#8217;educaci\u00f3, amb l&#8217;objectiu de millorar el benestar emocional i reduir l\u2019estr\u00e8s, dotar els docents de recursos per ajudar l\u2019alumnat a gestionar les seves emocions i compartir estrat\u00e8gies per crear un ambient de centre positiu que fomenti el creixement personal i emocional de tothom.<\/p>\n<\/div>\n<\/div>\n<div class=\"col-xs-12 col-sm-8 basic_text_peq\">\n<div class=\"pd-15x link-dotted\" data-crawling=\"principal-body\">\n<p>Daniel Gabarr\u00f3 \u00e9s llicenciat en Humanitats, diplomat en Magisteri amb cinc especialitats diferents, psicopedagog i expert en programaci\u00f3 neuroling\u00fc\u00edstica (PNL).<\/p>\n<\/div>\n<\/div>\n<p>Des del Servei educatiu volem agrair la participaci\u00f3 a tothom que ens heu acompanyat, tan presencialment com connectats en l\u00ednia, en aquest acte.<\/p>\n<p>Us compartim algunes<strong><a href=\"https:\/\/drive.google.com\/file\/d\/1--XHB9vJwW-ZtjUfP_xmmEOUxKSNiK5w\/view?usp=sharing\"> imatges de l&#8217;acte<\/a><\/strong> i tamb\u00e9 la<strong><a href=\"https:\/\/pirineustv.cat\/inauguracio-institucional-del-curs-24-25-a-lalt-pirineu-i-aran\"> not\u00edcia a Pirineus TV.<\/a><\/strong><\/p>\n<p><a href=\"https:\/\/drive.google.com\/file\/d\/1--XHB9vJwW-ZtjUfP_xmmEOUxKSNiK5w\/view?usp=sharing\"><img loading=\"lazy\" decoding=\"async\" class=\"alignnone wp-image-16977 size-medium\" src=\"https:\/\/serveiseducatius.xtec.cat\/alturgell\/wp-content\/uploads\/usu770\/2024\/09\/Captura-de-pantalla-2024-09-27-130301-300x300.jpg\" alt=\"\" width=\"300\" height=\"300\" srcset=\"https:\/\/serveiseducatius.xtec.cat\/alturgell\/wp-content\/uploads\/usu770\/2024\/09\/Captura-de-pantalla-2024-09-27-130301-300x300.jpg 300w, https:\/\/serveiseducatius.xtec.cat\/alturgell\/wp-content\/uploads\/usu770\/2024\/09\/Captura-de-pantalla-2024-09-27-130301-150x150.jpg 150w, https:\/\/serveiseducatius.xtec.cat\/alturgell\/wp-content\/uploads\/usu770\/2024\/09\/Captura-de-pantalla-2024-09-27-130301-768x768.jpg 768w, https:\/\/serveiseducatius.xtec.cat\/alturgell\/wp-content\/uploads\/usu770\/2024\/09\/Captura-de-pantalla-2024-09-27-130301.jpg 836w\" sizes=\"auto, (max-width: 300px) 100vw, 300px\" \/><\/a><\/p>\n<p>La xerrada est\u00e0 disponible en el <a href=\"https:\/\/www.youtube.com\/watch?v=bZy70diB0KI\">canal del Servei Territorial de l&#8217;Alt Pirineu i Aran<\/a>.<\/p>\n<p><a href=\"https:\/\/www.youtube.com\/watch?v=bZy70diB0KI\"><img loading=\"lazy\" decoding=\"async\" class=\"alignnone wp-image-16974\" src=\"https:\/\/serveiseducatius.xtec.cat\/alturgell\/wp-content\/uploads\/usu770\/2024\/09\/Captura-de-pantalla-2024-09-27-124940-e1727434205365.jpg\" alt=\"\" width=\"412\" height=\"311\" \/><\/a><\/p>\n","protected":false},"excerpt":{"rendered":"<p>La sala Sant Dom\u00e8nec de la Seu d&#8217;Urgell ha acollit la inauguraci\u00f3 oficial del curs escolar amb una confer\u00e8ncia del Daniel Gabarr\u00f3 adre\u00e7ada a tots els docents dels centres educatius del Pirineu i Aran. L&#8217;acte ha comptat amb la pres\u00e8ncia de la inspectora en cap, \u00darsula Ribes; en Ramon Jordana, director territorial d&#8217;Educaci\u00f3 a l&#8217;Alt [&hellip;]<\/p>\n","protected":false},"author":1,"featured_media":16968,"comment_status":"open","ping_status":"closed","sticky":false,"template":"","format":"standard","meta":{"_bbp_topic_count":0,"_bbp_reply_count":0,"_bbp_total_topic_count":0,"_bbp_total_reply_count":0,"_bbp_voice_count":0,"_bbp_anonymous_reply_count":0,"_bbp_topic_count_hidden":0,"_bbp_reply_count_hidden":0,"_bbp_forum_subforum_count":0,"site-sidebar-layout":"default","site-content-layout":"","ast-site-content-layout":"","site-content-style":"default","site-sidebar-style":"default","ast-global-header-display":"","ast-banner-title-visibility":"","ast-main-header-display":"","ast-hfb-above-header-display":"","ast-hfb-below-header-display":"","ast-hfb-mobile-header-display":"","site-post-title":"","ast-breadcrumbs-content":"","ast-featured-img":"","footer-sml-layout":"","theme-transparent-header-meta":"","adv-header-id-meta":"","stick-header-meta":"","header-above-stick-meta":"","header-main-stick-meta":"","header-below-stick-meta":"","astra-migrate-meta-layouts":"default","ast-page-background-enabled":"default","ast-page-background-meta":{"desktop":{"background-color":"var(--ast-global-color-4)","background-image":"","background-repeat":"repeat","background-position":"center center","background-size":"auto","background-attachment":"scroll","background-type":"","background-media":"","overlay-type":"","overlay-color":"","overlay-opacity":"","overlay-gradient":""},"tablet":{"background-color":"","background-image":"","background-repeat":"repeat","background-position":"center center","background-size":"auto","background-attachment":"scroll","background-type":"","background-media":"","overlay-type":"","overlay-color":"","overlay-opacity":"","overlay-gradient":""},"mobile":{"background-color":"","background-image":"","background-repeat":"repeat","background-position":"center center","background-size":"auto","background-attachment":"scroll","background-type":"","background-media":"","overlay-type":"","overlay-color":"","overlay-opacity":"","overlay-gradient":""}},"ast-content-background-meta":{"desktop":{"background-color":"var(--ast-global-color-5)","background-image":"","background-repeat":"repeat","background-position":"center center","background-size":"auto","background-attachment":"scroll","background-type":"","background-media":"","overlay-type":"","overlay-color":"","overlay-opacity":"","overlay-gradient":""},"tablet":{"background-color":"var(--ast-global-color-5)","background-image":"","background-repeat":"repeat","background-position":"center center","background-size":"auto","background-attachment":"scroll","background-type":"","background-media":"","overlay-type":"","overlay-color":"","overlay-opacity":"","overlay-gradient":""},"mobile":{"background-color":"var(--ast-global-color-5)","background-image":"","background-repeat":"repeat","background-position":"center center","background-size":"auto","background-attachment":"scroll","background-type":"","background-media":"","overlay-type":"","overlay-color":"","overlay-opacity":"","overlay-gradient":""}},"footnotes":""},"categories":[65,175,29],"tags":[],"class_list":["post-16966","post","type-post","status-publish","format-standard","has-post-thumbnail","hentry","category-crp","category-formacio","category-portada"],"post_mailing_queue_ids":[],"_links":{"self":[{"href":"https:\/\/serveiseducatius.xtec.cat\/alturgell\/wp-json\/wp\/v2\/posts\/16966","targetHints":{"allow":["GET"]}}],"collection":[{"href":"https:\/\/serveiseducatius.xtec.cat\/alturgell\/wp-json\/wp\/v2\/posts"}],"about":[{"href":"https:\/\/serveiseducatius.xtec.cat\/alturgell\/wp-json\/wp\/v2\/types\/post"}],"author":[{"embeddable":true,"href":"https:\/\/serveiseducatius.xtec.cat\/alturgell\/wp-json\/wp\/v2\/users\/1"}],"replies":[{"embeddable":true,"href":"https:\/\/serveiseducatius.xtec.cat\/alturgell\/wp-json\/wp\/v2\/comments?post=16966"}],"version-history":[{"count":6,"href":"https:\/\/serveiseducatius.xtec.cat\/alturgell\/wp-json\/wp\/v2\/posts\/16966\/revisions"}],"predecessor-version":[{"id":17038,"href":"https:\/\/serveiseducatius.xtec.cat\/alturgell\/wp-json\/wp\/v2\/posts\/16966\/revisions\/17038"}],"wp:featuredmedia":[{"embeddable":true,"href":"https:\/\/serveiseducatius.xtec.cat\/alturgell\/wp-json\/wp\/v2\/media\/16968"}],"wp:attachment":[{"href":"https:\/\/serveiseducatius.xtec.cat\/alturgell\/wp-json\/wp\/v2\/media?parent=16966"}],"wp:term":[{"taxonomy":"category","embeddable":true,"href":"https:\/\/serveiseducatius.xtec.cat\/alturgell\/wp-json\/wp\/v2\/categories?post=16966"},{"taxonomy":"post_tag","embeddable":true,"href":"https:\/\/serveiseducatius.xtec.cat\/alturgell\/wp-json\/wp\/v2\/tags?post=16966"}],"curies":[{"name":"wp","href":"https:\/\/api.w.org\/{rel}","templated":true}]}}