{"id":16911,"date":"2024-09-16T11:38:06","date_gmt":"2024-09-16T09:38:06","guid":{"rendered":"https:\/\/serveiseducatius.xtec.cat\/alturgell\/?p=16911"},"modified":"2024-09-19T10:12:47","modified_gmt":"2024-09-19T08:12:47","slug":"oferta-vacant-assessor-a-lic-a-lalt-urgell","status":"publish","type":"post","link":"https:\/\/serveiseducatius.xtec.cat\/alturgell\/portada\/oferta-vacant-assessor-a-lic-a-lalt-urgell\/","title":{"rendered":"Oferta vacant Assessor\/a LIC a l&#8217;Alt Urgell"},"content":{"rendered":"<p>Als Serveis Territorials a l&#8217;Alt Pirineu i Aran s&#8217;oferta una <strong>pla\u00e7a de assessor\/a LIC<\/strong> Llengua, interculturalitat i Cohesi\u00f3 Social a <strong>l\u2019Alt Urgell.<\/strong><\/p>\n<ul style=\"list-style-type: square;\">\n<li>Descripci\u00f3 del lloc: Assessor\/a LIC<\/li>\n<li>Identificador del Lloc: APA-2425-LIC-Alt Urgell<\/li>\n<li>Unitat: Serveis Educatius dels Serveis Territorials de l\u2019Alt Pirineu i Aran.<\/li>\n<li>Localitat: La Seu d\u2019Urgell<\/li>\n<li>\u00c0mbit d\u2019intervenci\u00f3: El servei educatiu LIC \u00e9s d\u2019\u00e0mbit territorial i intercomarcal, en funci\u00f3 de les necessitats i programes que es desenvolupen als centres educatius.<\/li>\n<li>Jornada: Completa<\/li>\n<li>Durada: De l\u20191 de setembre de 2024 al 31 d&#8217;agost de 2025<\/li>\n<li>Forma d\u2019ocupaci\u00f3: Comissi\u00f3 de serveis o adscripci\u00f3 provisional<\/li>\n<\/ul>\n<p><strong>TERMINI DE PRESENTACI\u00d3 DE SOL\u00b7LICITUDS: Fins el 19 de setembre<br \/>\n<\/strong><\/p>\n<p><a href=\"https:\/\/educacio.gencat.cat\/web\/.content\/home\/departament\/serveis-territorials\/alt-pirineu-aran\/personal-docent\/provisio-serveis-educatius\/APA-serveis-educatius-LIC-AltUrgell.pdf\"><strong><img loading=\"lazy\" decoding=\"async\" class=\"alignnone wp-image-15515\" src=\"https:\/\/serveiseducatius.xtec.cat\/alturgell\/wp-content\/uploads\/usu770\/2023\/09\/flecha-e1695983798632.gif\" alt=\"\" width=\"16\" height=\"18\" \/>\u00a0 Informaci\u00f3 de la convocat\u00f2ria<\/strong> <\/a><\/p>\n","protected":false},"excerpt":{"rendered":"<p>Als Serveis Territorials a l&#8217;Alt Pirineu i Aran s&#8217;oferta una pla\u00e7a de assessor\/a LIC Llengua, interculturalitat i Cohesi\u00f3 Social a l\u2019Alt Urgell. Descripci\u00f3 del lloc: Assessor\/a LIC Identificador del Lloc: APA-2425-LIC-Alt Urgell Unitat: Serveis Educatius dels Serveis Territorials de l\u2019Alt Pirineu i Aran. Localitat: La Seu d\u2019Urgell \u00c0mbit d\u2019intervenci\u00f3: El servei educatiu LIC \u00e9s d\u2019\u00e0mbit [&hellip;]<\/p>\n","protected":false},"author":1,"featured_media":16912,"comment_status":"open","ping_status":"closed","sticky":false,"template":"","format":"standard","meta":{"_bbp_topic_count":0,"_bbp_reply_count":0,"_bbp_total_topic_count":0,"_bbp_total_reply_count":0,"_bbp_voice_count":0,"_bbp_anonymous_reply_count":0,"_bbp_topic_count_hidden":0,"_bbp_reply_count_hidden":0,"_bbp_forum_subforum_count":0,"site-sidebar-layout":"default","site-content-layout":"","ast-site-content-layout":"","site-content-style":"default","site-sidebar-style":"default","ast-global-header-display":"","ast-banner-title-visibility":"","ast-main-header-display":"","ast-hfb-above-header-display":"","ast-hfb-below-header-display":"","ast-hfb-mobile-header-display":"","site-post-title":"","ast-breadcrumbs-content":"","ast-featured-img":"","footer-sml-layout":"","theme-transparent-header-meta":"","adv-header-id-meta":"","stick-header-meta":"","header-above-stick-meta":"","header-main-stick-meta":"","header-below-stick-meta":"","astra-migrate-meta-layouts":"default","ast-page-background-enabled":"default","ast-page-background-meta":{"desktop":{"background-color":"var(--ast-global-color-4)","background-image":"","background-repeat":"repeat","background-position":"center center","background-size":"auto","background-attachment":"scroll","background-type":"","background-media":"","overlay-type":"","overlay-color":"","overlay-opacity":"","overlay-gradient":""},"tablet":{"background-color":"","background-image":"","background-repeat":"repeat","background-position":"center center","background-size":"auto","background-attachment":"scroll","background-type":"","background-media":"","overlay-type":"","overlay-color":"","overlay-opacity":"","overlay-gradient":""},"mobile":{"background-color":"","background-image":"","background-repeat":"repeat","background-position":"center center","background-size":"auto","background-attachment":"scroll","background-type":"","background-media":"","overlay-type":"","overlay-color":"","overlay-opacity":"","overlay-gradient":""}},"ast-content-background-meta":{"desktop":{"background-color":"var(--ast-global-color-5)","background-image":"","background-repeat":"repeat","background-position":"center center","background-size":"auto","background-attachment":"scroll","background-type":"","background-media":"","overlay-type":"","overlay-color":"","overlay-opacity":"","overlay-gradient":""},"tablet":{"background-color":"var(--ast-global-color-5)","background-image":"","background-repeat":"repeat","background-position":"center center","background-size":"auto","background-attachment":"scroll","background-type":"","background-media":"","overlay-type":"","overlay-color":"","overlay-opacity":"","overlay-gradient":""},"mobile":{"background-color":"var(--ast-global-color-5)","background-image":"","background-repeat":"repeat","background-position":"center center","background-size":"auto","background-attachment":"scroll","background-type":"","background-media":"","overlay-type":"","overlay-color":"","overlay-opacity":"","overlay-gradient":""}},"footnotes":""},"categories":[64,29],"tags":[],"class_list":["post-16911","post","type-post","status-publish","format-standard","has-post-thumbnail","hentry","category-comunitat","category-portada"],"post_mailing_queue_ids":[],"_links":{"self":[{"href":"https:\/\/serveiseducatius.xtec.cat\/alturgell\/wp-json\/wp\/v2\/posts\/16911","targetHints":{"allow":["GET"]}}],"collection":[{"href":"https:\/\/serveiseducatius.xtec.cat\/alturgell\/wp-json\/wp\/v2\/posts"}],"about":[{"href":"https:\/\/serveiseducatius.xtec.cat\/alturgell\/wp-json\/wp\/v2\/types\/post"}],"author":[{"embeddable":true,"href":"https:\/\/serveiseducatius.xtec.cat\/alturgell\/wp-json\/wp\/v2\/users\/1"}],"replies":[{"embeddable":true,"href":"https:\/\/serveiseducatius.xtec.cat\/alturgell\/wp-json\/wp\/v2\/comments?post=16911"}],"version-history":[{"count":2,"href":"https:\/\/serveiseducatius.xtec.cat\/alturgell\/wp-json\/wp\/v2\/posts\/16911\/revisions"}],"predecessor-version":[{"id":16914,"href":"https:\/\/serveiseducatius.xtec.cat\/alturgell\/wp-json\/wp\/v2\/posts\/16911\/revisions\/16914"}],"wp:featuredmedia":[{"embeddable":true,"href":"https:\/\/serveiseducatius.xtec.cat\/alturgell\/wp-json\/wp\/v2\/media\/16912"}],"wp:attachment":[{"href":"https:\/\/serveiseducatius.xtec.cat\/alturgell\/wp-json\/wp\/v2\/media?parent=16911"}],"wp:term":[{"taxonomy":"category","embeddable":true,"href":"https:\/\/serveiseducatius.xtec.cat\/alturgell\/wp-json\/wp\/v2\/categories?post=16911"},{"taxonomy":"post_tag","embeddable":true,"href":"https:\/\/serveiseducatius.xtec.cat\/alturgell\/wp-json\/wp\/v2\/tags?post=16911"}],"curies":[{"name":"wp","href":"https:\/\/api.w.org\/{rel}","templated":true}]}}