{"id":16580,"date":"2024-05-16T16:32:24","date_gmt":"2024-05-16T14:32:24","guid":{"rendered":"https:\/\/serveiseducatius.xtec.cat\/alturgell\/?p=16580"},"modified":"2024-05-16T16:52:48","modified_gmt":"2024-05-16T14:52:48","slug":"xx-certamen-de-lectura-en-veu-alta-final-de-lleida-alt-pirineu-i-aran","status":"publish","type":"post","link":"https:\/\/serveiseducatius.xtec.cat\/alturgell\/portada\/xx-certamen-de-lectura-en-veu-alta-final-de-lleida-alt-pirineu-i-aran\/","title":{"rendered":"XX Certamen de lectura en veu alta. Final de lleida, Alt Pirineu i Aran"},"content":{"rendered":"<p>Avui s&#8217;han celebrat al teatre municipal de<b> Balaguer<\/b>\u00a0 les finals del <strong>XX Certamen de lectura en veu alta<\/strong> escolar de <strong>Lleida, Alt Pirineu i Aran<\/strong>.<\/p>\n<p>En aquesta final han participat els representants dels centres de l&#8217;Alt Urgell que van quedar finalistes en la fase comarcal en les diferents categories: <strong>Ona Lalinde Somalo,<\/strong> de l\u2019Escola Pau Claris (grumets vermells); <strong>Bernat Juli\u00e0 Sauret<\/strong>, de l\u2019Escola Rosa Camp\u00e0 (grumets verds); <strong>Vict\u00f2ria Ciro Ibarra<\/strong>, del Col\u00b7legi La Salle (timoners); <strong>Martina Guerrero Coma<\/strong>, de l\u2019Institut Joan Brudieu (corsaris) i l\u2019equip format per <strong>Zoe Fern\u00e1ndez, Joan G\u00f3mez i Eric Arqued<\/strong>, de l\u2019Institut Joan Brudieu (tropa de corsaris).<\/p>\n<p>Cal destacar que, de la representaci\u00f3 urgellenca, l&#8217;equip format per la tropa de corsaris de l&#8217;<strong>INS Joan Brudieu formada per Zoe Fern\u00e1ndez, Joan G\u00f3mez i Eric Arqued<\/strong> han estat els guanyadors de la seva categoria.<\/p>\n<p><img loading=\"lazy\" decoding=\"async\" class=\"alignnone wp-image-16582\" src=\"https:\/\/serveiseducatius.xtec.cat\/alturgell\/wp-content\/uploads\/usu770\/2024\/05\/Captura-de-pantalla-2024-05-16-160106.png\" alt=\"\" width=\"483\" height=\"288\" srcset=\"https:\/\/serveiseducatius.xtec.cat\/alturgell\/wp-content\/uploads\/usu770\/2024\/05\/Captura-de-pantalla-2024-05-16-160106.png 1033w, https:\/\/serveiseducatius.xtec.cat\/alturgell\/wp-content\/uploads\/usu770\/2024\/05\/Captura-de-pantalla-2024-05-16-160106-300x179.png 300w, https:\/\/serveiseducatius.xtec.cat\/alturgell\/wp-content\/uploads\/usu770\/2024\/05\/Captura-de-pantalla-2024-05-16-160106-1024x612.png 1024w, https:\/\/serveiseducatius.xtec.cat\/alturgell\/wp-content\/uploads\/usu770\/2024\/05\/Captura-de-pantalla-2024-05-16-160106-768x459.png 768w\" sizes=\"auto, (max-width: 483px) 100vw, 483px\" \/><\/p>\n<p>Des del CRP felicitem a tots els participants per la seva excel\u00b7l\u00e8ncia lectora i a tots els centres de la zona per l&#8217;inter\u00e8s amb qu\u00e8 participen al certamen.<\/p>\n<p>Podeu veure el v\u00eddeo de l&#8217;acte en aquesta adre\u00e7a: <a href=\"https:\/\/www.youtube.com\/watch?v=rR7Rc0hJtX4\">https:\/\/www.youtube.com\/watch?v=rR7Rc0hJtX4<\/a><\/p>\n<p><a href=\"https:\/\/www.youtube.com\/watch?v=rR7Rc0hJtX4\"><img loading=\"lazy\" decoding=\"async\" class=\"alignnone wp-image-16581\" src=\"https:\/\/serveiseducatius.xtec.cat\/alturgell\/wp-content\/uploads\/usu770\/2024\/05\/Captura-de-pantalla-2024-05-16-155120.png\" alt=\"\" width=\"510\" height=\"306\" srcset=\"https:\/\/serveiseducatius.xtec.cat\/alturgell\/wp-content\/uploads\/usu770\/2024\/05\/Captura-de-pantalla-2024-05-16-155120.png 1229w, https:\/\/serveiseducatius.xtec.cat\/alturgell\/wp-content\/uploads\/usu770\/2024\/05\/Captura-de-pantalla-2024-05-16-155120-300x180.png 300w, https:\/\/serveiseducatius.xtec.cat\/alturgell\/wp-content\/uploads\/usu770\/2024\/05\/Captura-de-pantalla-2024-05-16-155120-1024x614.png 1024w, https:\/\/serveiseducatius.xtec.cat\/alturgell\/wp-content\/uploads\/usu770\/2024\/05\/Captura-de-pantalla-2024-05-16-155120-768x461.png 768w\" sizes=\"auto, (max-width: 510px) 100vw, 510px\" \/> <\/a><\/p>\n<p>&nbsp;<\/p>\n<p>&nbsp;<\/p>\n<p>&nbsp;<\/p>\n","protected":false},"excerpt":{"rendered":"<p>Avui s&#8217;han celebrat al teatre municipal de Balaguer\u00a0 les finals del XX Certamen de lectura en veu alta escolar de Lleida, Alt Pirineu i Aran. En aquesta final han participat els representants dels centres de l&#8217;Alt Urgell que van quedar finalistes en la fase comarcal en les diferents categories: Ona Lalinde Somalo, de l\u2019Escola Pau [&hellip;]<\/p>\n","protected":false},"author":1,"featured_media":16586,"comment_status":"open","ping_status":"closed","sticky":false,"template":"","format":"standard","meta":{"_bbp_topic_count":0,"_bbp_reply_count":0,"_bbp_total_topic_count":0,"_bbp_total_reply_count":0,"_bbp_voice_count":0,"_bbp_anonymous_reply_count":0,"_bbp_topic_count_hidden":0,"_bbp_reply_count_hidden":0,"_bbp_forum_subforum_count":0,"site-sidebar-layout":"default","site-content-layout":"","ast-site-content-layout":"","site-content-style":"default","site-sidebar-style":"default","ast-global-header-display":"","ast-banner-title-visibility":"","ast-main-header-display":"","ast-hfb-above-header-display":"","ast-hfb-below-header-display":"","ast-hfb-mobile-header-display":"","site-post-title":"","ast-breadcrumbs-content":"","ast-featured-img":"","footer-sml-layout":"","theme-transparent-header-meta":"","adv-header-id-meta":"","stick-header-meta":"","header-above-stick-meta":"","header-main-stick-meta":"","header-below-stick-meta":"","astra-migrate-meta-layouts":"default","ast-page-background-enabled":"default","ast-page-background-meta":{"desktop":{"background-color":"var(--ast-global-color-4)","background-image":"","background-repeat":"repeat","background-position":"center center","background-size":"auto","background-attachment":"scroll","background-type":"","background-media":"","overlay-type":"","overlay-color":"","overlay-opacity":"","overlay-gradient":""},"tablet":{"background-color":"","background-image":"","background-repeat":"repeat","background-position":"center center","background-size":"auto","background-attachment":"scroll","background-type":"","background-media":"","overlay-type":"","overlay-color":"","overlay-opacity":"","overlay-gradient":""},"mobile":{"background-color":"","background-image":"","background-repeat":"repeat","background-position":"center center","background-size":"auto","background-attachment":"scroll","background-type":"","background-media":"","overlay-type":"","overlay-color":"","overlay-opacity":"","overlay-gradient":""}},"ast-content-background-meta":{"desktop":{"background-color":"var(--ast-global-color-5)","background-image":"","background-repeat":"repeat","background-position":"center center","background-size":"auto","background-attachment":"scroll","background-type":"","background-media":"","overlay-type":"","overlay-color":"","overlay-opacity":"","overlay-gradient":""},"tablet":{"background-color":"var(--ast-global-color-5)","background-image":"","background-repeat":"repeat","background-position":"center center","background-size":"auto","background-attachment":"scroll","background-type":"","background-media":"","overlay-type":"","overlay-color":"","overlay-opacity":"","overlay-gradient":""},"mobile":{"background-color":"var(--ast-global-color-5)","background-image":"","background-repeat":"repeat","background-position":"center center","background-size":"auto","background-attachment":"scroll","background-type":"","background-media":"","overlay-type":"","overlay-color":"","overlay-opacity":"","overlay-gradient":""}},"footnotes":""},"categories":[72,29],"tags":[],"class_list":["post-16580","post","type-post","status-publish","format-standard","has-post-thumbnail","hentry","category-lectura-en-veu-alta","category-portada"],"post_mailing_queue_ids":[],"_links":{"self":[{"href":"https:\/\/serveiseducatius.xtec.cat\/alturgell\/wp-json\/wp\/v2\/posts\/16580","targetHints":{"allow":["GET"]}}],"collection":[{"href":"https:\/\/serveiseducatius.xtec.cat\/alturgell\/wp-json\/wp\/v2\/posts"}],"about":[{"href":"https:\/\/serveiseducatius.xtec.cat\/alturgell\/wp-json\/wp\/v2\/types\/post"}],"author":[{"embeddable":true,"href":"https:\/\/serveiseducatius.xtec.cat\/alturgell\/wp-json\/wp\/v2\/users\/1"}],"replies":[{"embeddable":true,"href":"https:\/\/serveiseducatius.xtec.cat\/alturgell\/wp-json\/wp\/v2\/comments?post=16580"}],"version-history":[{"count":3,"href":"https:\/\/serveiseducatius.xtec.cat\/alturgell\/wp-json\/wp\/v2\/posts\/16580\/revisions"}],"predecessor-version":[{"id":16589,"href":"https:\/\/serveiseducatius.xtec.cat\/alturgell\/wp-json\/wp\/v2\/posts\/16580\/revisions\/16589"}],"wp:featuredmedia":[{"embeddable":true,"href":"https:\/\/serveiseducatius.xtec.cat\/alturgell\/wp-json\/wp\/v2\/media\/16586"}],"wp:attachment":[{"href":"https:\/\/serveiseducatius.xtec.cat\/alturgell\/wp-json\/wp\/v2\/media?parent=16580"}],"wp:term":[{"taxonomy":"category","embeddable":true,"href":"https:\/\/serveiseducatius.xtec.cat\/alturgell\/wp-json\/wp\/v2\/categories?post=16580"},{"taxonomy":"post_tag","embeddable":true,"href":"https:\/\/serveiseducatius.xtec.cat\/alturgell\/wp-json\/wp\/v2\/tags?post=16580"}],"curies":[{"name":"wp","href":"https:\/\/api.w.org\/{rel}","templated":true}]}}