{"id":16567,"date":"2024-05-15T13:19:42","date_gmt":"2024-05-15T11:19:42","guid":{"rendered":"https:\/\/serveiseducatius.xtec.cat\/alturgell\/?p=16567"},"modified":"2024-05-29T10:04:48","modified_gmt":"2024-05-29T08:04:48","slug":"premiats-del-concurs-whatsapp-relats-alt-pirineu-i-aran-i-andorra-2024","status":"publish","type":"post","link":"https:\/\/serveiseducatius.xtec.cat\/alturgell\/portada\/premiats-del-concurs-whatsapp-relats-alt-pirineu-i-aran-i-andorra-2024\/","title":{"rendered":"Premiats del Concurs WhatsApp relats,  Alt Pirineu i Aran i Andorra 2024"},"content":{"rendered":"<p style=\"text-align: justify;\">Les institucions i entitats organitzadores del <strong>VIII Concurs WhatsApp Relats<\/strong> per a alumnes de 4t d\u2019ESO i nivells equivalents de l\u2019Alt Pirineu, Aran i Andorra, fan p\u00fablic el veredicte del jurat del certamen, amb els premis corresponents.<br \/>\nAl concurs hi han participat<strong> 810 alumnes de 17 centres educatius de l\u2019Alt Pirineu, Aran i Andorra<\/strong>, cadascun dels quals amb un relat d\u2019un m\u00e0xim de 100 paraules sota l\u2019enunciat \u201cSi us plau, diga\u2019m que s\u00ed\u201d.<\/p>\n<p style=\"text-align: justify;\">Un comit\u00e8 avaluador, integrat per t\u00e8cnics pedag\u00f2gics del Ministeri d\u2019Educaci\u00f3 del Govern d\u2019Andorra, del Centre de Recursos de l&#8217;Alt Urgell i de l\u2019Ajuntament de la Seu d\u2019Urgell, van fer inicialment una selecci\u00f3 de 100 relats, els quals van passar a la consideraci\u00f3 del jurat, que va estar format per Isidre Domenj\u00f3, I\u00f1aki Rubio, Mariona Bessa, \u00cdngrid Colilles, J\u00falia Fern\u00e1ndez, Manel Figuera, David G\u00e1lvez, Montse Milan, Enric Qu\u00edlez i In\u00e9s S\u00e1nchez. El jurat va escollir 10 finalistes i, entre aquests, va triar un primer, un segon i un tercer premi.<\/p>\n<p style=\"text-align: justify;\">Alumnat que ha estat premiat:<\/p>\n<p style=\"text-align: justify;\"><img loading=\"lazy\" decoding=\"async\" class=\"alignnone wp-image-16568\" src=\"https:\/\/serveiseducatius.xtec.cat\/alturgell\/wp-content\/uploads\/usu770\/2024\/05\/Captura-de-pantalla-2024-05-15-124445.png\" alt=\"\" width=\"465\" height=\"294\" srcset=\"https:\/\/serveiseducatius.xtec.cat\/alturgell\/wp-content\/uploads\/usu770\/2024\/05\/Captura-de-pantalla-2024-05-15-124445.png 648w, https:\/\/serveiseducatius.xtec.cat\/alturgell\/wp-content\/uploads\/usu770\/2024\/05\/Captura-de-pantalla-2024-05-15-124445-300x190.png 300w\" sizes=\"auto, (max-width: 465px) 100vw, 465px\" \/><br \/>\nEl lliurament de premis es far\u00e0 els pr\u00f2xims dies als centres d\u2019ensenyament dels alumnes que han estat guardonats. El primer premi consisteix en una tauleta electr\u00f2nica; el segon, en un rellotge intel\u00b7ligent; i el tercer, en una motxilla per a ordinador. Els set finalistes restants rebran cadascun d\u2019ells un joc d\u2019auriculars sense fils.<\/p>\n<p>El concurs ha estat organitzat pel Ministeri d\u2019Educaci\u00f3 i Ensenyament Superior del Govern d\u2019Andorra, el Servei Educatiu Alt Urgell del Departament d\u2019Educaci\u00f3 de la Generalitat, l\u2019Ajuntament de la Seu d\u2019Urgell, el Consell Comarcal de l\u2019Alt Urgell, l\u2019Institut per al Desenvolupament i la Promoci\u00f3 de l\u2019Alt Pirineu i Aran (IDAPA) i l\u2019Associaci\u00f3 Llibre del Pirineu.<\/p>\n<p><a href=\"https:\/\/drive.google.com\/file\/d\/15nUQcST4B_Oqj7tu8U0AtukXqZ3WvSAy\/view?usp=sharing\"><strong>Gaudiu amb la lectura dels Microrelats guanyadors:<\/strong><\/a><\/p>\n<p><a href=\"https:\/\/drive.google.com\/file\/d\/15nUQcST4B_Oqj7tu8U0AtukXqZ3WvSAy\/view?usp=sharing\"><img loading=\"lazy\" decoding=\"async\" class=\"alignnone size-full wp-image-16570\" src=\"https:\/\/serveiseducatius.xtec.cat\/alturgell\/wp-content\/uploads\/usu770\/2024\/05\/Captura-de-pantalla-2024-05-15-131517.png\" alt=\"\" width=\"249\" height=\"493\" srcset=\"https:\/\/serveiseducatius.xtec.cat\/alturgell\/wp-content\/uploads\/usu770\/2024\/05\/Captura-de-pantalla-2024-05-15-131517.png 249w, https:\/\/serveiseducatius.xtec.cat\/alturgell\/wp-content\/uploads\/usu770\/2024\/05\/Captura-de-pantalla-2024-05-15-131517-152x300.png 152w\" sizes=\"auto, (max-width: 249px) 100vw, 249px\" \/><\/a><\/p>\n<p>&nbsp;<\/p>\n<p>&nbsp;<\/p>\n<p>&nbsp;<\/p>\n<p>&nbsp;<\/p>\n","protected":false},"excerpt":{"rendered":"<p>Les institucions i entitats organitzadores del VIII Concurs WhatsApp Relats per a alumnes de 4t d\u2019ESO i nivells equivalents de l\u2019Alt Pirineu, Aran i Andorra, fan p\u00fablic el veredicte del jurat del certamen, amb els premis corresponents. Al concurs hi han participat 810 alumnes de 17 centres educatius de l\u2019Alt Pirineu, Aran i Andorra, cadascun [&hellip;]<\/p>\n","protected":false},"author":1,"featured_media":16569,"comment_status":"open","ping_status":"closed","sticky":false,"template":"","format":"standard","meta":{"_bbp_topic_count":0,"_bbp_reply_count":0,"_bbp_total_topic_count":0,"_bbp_total_reply_count":0,"_bbp_voice_count":0,"_bbp_anonymous_reply_count":0,"_bbp_topic_count_hidden":0,"_bbp_reply_count_hidden":0,"_bbp_forum_subforum_count":0,"site-sidebar-layout":"default","site-content-layout":"","ast-site-content-layout":"","site-content-style":"default","site-sidebar-style":"default","ast-global-header-display":"","ast-banner-title-visibility":"","ast-main-header-display":"","ast-hfb-above-header-display":"","ast-hfb-below-header-display":"","ast-hfb-mobile-header-display":"","site-post-title":"","ast-breadcrumbs-content":"","ast-featured-img":"","footer-sml-layout":"","theme-transparent-header-meta":"","adv-header-id-meta":"","stick-header-meta":"","header-above-stick-meta":"","header-main-stick-meta":"","header-below-stick-meta":"","astra-migrate-meta-layouts":"default","ast-page-background-enabled":"default","ast-page-background-meta":{"desktop":{"background-color":"var(--ast-global-color-4)","background-image":"","background-repeat":"repeat","background-position":"center center","background-size":"auto","background-attachment":"scroll","background-type":"","background-media":"","overlay-type":"","overlay-color":"","overlay-opacity":"","overlay-gradient":""},"tablet":{"background-color":"","background-image":"","background-repeat":"repeat","background-position":"center center","background-size":"auto","background-attachment":"scroll","background-type":"","background-media":"","overlay-type":"","overlay-color":"","overlay-opacity":"","overlay-gradient":""},"mobile":{"background-color":"","background-image":"","background-repeat":"repeat","background-position":"center center","background-size":"auto","background-attachment":"scroll","background-type":"","background-media":"","overlay-type":"","overlay-color":"","overlay-opacity":"","overlay-gradient":""}},"ast-content-background-meta":{"desktop":{"background-color":"var(--ast-global-color-5)","background-image":"","background-repeat":"repeat","background-position":"center center","background-size":"auto","background-attachment":"scroll","background-type":"","background-media":"","overlay-type":"","overlay-color":"","overlay-opacity":"","overlay-gradient":""},"tablet":{"background-color":"var(--ast-global-color-5)","background-image":"","background-repeat":"repeat","background-position":"center center","background-size":"auto","background-attachment":"scroll","background-type":"","background-media":"","overlay-type":"","overlay-color":"","overlay-opacity":"","overlay-gradient":""},"mobile":{"background-color":"var(--ast-global-color-5)","background-image":"","background-repeat":"repeat","background-position":"center center","background-size":"auto","background-attachment":"scroll","background-type":"","background-media":"","overlay-type":"","overlay-color":"","overlay-opacity":"","overlay-gradient":""}},"footnotes":""},"categories":[65,66,29],"tags":[],"class_list":["post-16567","post","type-post","status-publish","format-standard","has-post-thumbnail","hentry","category-crp","category-dinamitzacio","category-portada"],"post_mailing_queue_ids":[],"_links":{"self":[{"href":"https:\/\/serveiseducatius.xtec.cat\/alturgell\/wp-json\/wp\/v2\/posts\/16567","targetHints":{"allow":["GET"]}}],"collection":[{"href":"https:\/\/serveiseducatius.xtec.cat\/alturgell\/wp-json\/wp\/v2\/posts"}],"about":[{"href":"https:\/\/serveiseducatius.xtec.cat\/alturgell\/wp-json\/wp\/v2\/types\/post"}],"author":[{"embeddable":true,"href":"https:\/\/serveiseducatius.xtec.cat\/alturgell\/wp-json\/wp\/v2\/users\/1"}],"replies":[{"embeddable":true,"href":"https:\/\/serveiseducatius.xtec.cat\/alturgell\/wp-json\/wp\/v2\/comments?post=16567"}],"version-history":[{"count":3,"href":"https:\/\/serveiseducatius.xtec.cat\/alturgell\/wp-json\/wp\/v2\/posts\/16567\/revisions"}],"predecessor-version":[{"id":16579,"href":"https:\/\/serveiseducatius.xtec.cat\/alturgell\/wp-json\/wp\/v2\/posts\/16567\/revisions\/16579"}],"wp:featuredmedia":[{"embeddable":true,"href":"https:\/\/serveiseducatius.xtec.cat\/alturgell\/wp-json\/wp\/v2\/media\/16569"}],"wp:attachment":[{"href":"https:\/\/serveiseducatius.xtec.cat\/alturgell\/wp-json\/wp\/v2\/media?parent=16567"}],"wp:term":[{"taxonomy":"category","embeddable":true,"href":"https:\/\/serveiseducatius.xtec.cat\/alturgell\/wp-json\/wp\/v2\/categories?post=16567"},{"taxonomy":"post_tag","embeddable":true,"href":"https:\/\/serveiseducatius.xtec.cat\/alturgell\/wp-json\/wp\/v2\/tags?post=16567"}],"curies":[{"name":"wp","href":"https:\/\/api.w.org\/{rel}","templated":true}]}}