{"id":16406,"date":"2024-04-17T17:21:39","date_gmt":"2024-04-17T15:21:39","guid":{"rendered":"https:\/\/serveiseducatius.xtec.cat\/alturgell\/?p=16406"},"modified":"2024-05-24T09:33:24","modified_gmt":"2024-05-24T07:33:24","slug":"jornada-de-reflexio-i-dintercanvi-dexperiencies-intergeneracionals-a-leducacio","status":"publish","type":"post","link":"https:\/\/serveiseducatius.xtec.cat\/alturgell\/portada\/jornada-de-reflexio-i-dintercanvi-dexperiencies-intergeneracionals-a-leducacio\/","title":{"rendered":"Jornada de reflexi\u00f3 i d&#8217;intercanvi d&#8217;experi\u00e8ncies intergeneracionals a l&#8217;educaci\u00f3\u00a0"},"content":{"rendered":"<p>El <strong>dijous, 23 de maig,<\/strong> a les 17:30\u202fh, L&#8217;Equip ICE\u00a0 de la <b>Xarxa de Centres Profiguratius\u00a0d&#8217;Educaci\u00f3 Intergeneracional (CEPREI) de la Universitat de Lleida <\/b>us presenta la <strong>jornada de reflexi\u00f3 i d&#8217;intercanvi d&#8217;experi\u00e8ncies intergeneracionals a l&#8217;educaci\u00f3.\u00a0<\/strong><\/p>\n<p>Aquesta trobada est\u00e0 adre\u00e7ada a docents de tots els nivells educatius i es realitzar\u00e0 a Sala Juntes, 0.14. de l&#8217;Edifici de la FEPTS, al Campus Cappont de la Universitat de Lleida. L&#8217;objectiu \u00e9s posar en valor la riquesa de les experi\u00e8ncies intergeneracionals a l&#8217;educaci\u00f3, les valuoses possibilitats d&#8217;aplicaci\u00f3 metodol\u00f2gica i riquesa d&#8217;aprenentatge per l&#8217;alumnat i docents.<\/p>\n<p><strong>Programa:\u00a0<\/strong><\/p>\n<p>17:30h Presentaci\u00f3 i benvinguda.<\/p>\n<p>17:30h <b>Confer\u00e8ncia, &#8220;La imaginaci\u00f3 profigurativa. El pas del pensable al possible (o com fer coses amb paraules)<\/b>, a c\u00e0rrec del Dr. Josep Beltr\u00e1n, professor de la Universitat de Val\u00e8ncia i especialista en relacions intergeneracionals a l&#8217;\u00e0mbit educatiu.<\/p>\n<p>18:45h <b>Taula rodona, &#8220;Compartim experi\u00e8ncies reals i factibles intergeneracionals&#8221;<\/b>, a c\u00e0rrec de les docents de l&#8217;Equip ICE de la Xarxa de Centres Profiguratius de la Universitat de Lleida (CEPREI).<\/p>\n<p>19:30h Cloenda.<\/p>\n<p>Per aquelles persones interessades:<\/p>\n<p>20:00h <b>Concert FEPTS, a c\u00e0rrec de 3 cantautores i estudiants de la Facultat d&#8217;Educaci\u00f3, Psicologia i Treball Social.<\/b>\u00a0Temporada Musical a la UdL, als jardins de la FEPTS.<\/p>\n<p>21:30h Fi.<\/p>\n<ul style=\"list-style-type: square;\">\n<li><strong>\u00a0<a id=\"m_3029053057018391225m_3496332166459703577m_-3870251688206692817OWA3faee661-c8ef-2912-7a4a-c5b6f3323bad\" href=\"https:\/\/aplicacions.gestioeducativa.gencat.cat\/pls\/soloas\/pk_for_mod_ins.p_for_detall_activitat?p_codi=0000120020&amp;p_curs=2023-2024&amp;p_es_inscr=S\" target=\"_blank\" rel=\"noopener noreferrer\" data-saferedirecturl=\"https:\/\/www.google.com\/url?q=https:\/\/aplicacions.gestioeducativa.gencat.cat\/pls\/soloas\/pk_for_mod_ins.p_for_detall_activitat?p_codi%3D0000120020%26p_curs%3D2023-2024%26p_es_inscr%3DS&amp;source=gmail&amp;ust=1713440249341000&amp;usg=AOvVaw1Z4ZOXNDz_hXHzC7jfYRJL\">Inscripci\u00f3 per a personal docent amb usuari XTEC<\/a><\/strong><\/li>\n<li><a id=\"m_3029053057018391225m_3496332166459703577m_-3870251688206692817OWA389cc792-7ad2-648c-017f-a71940ab3129\" href=\"http:\/\/www.arxiu-ice.udl.cat\/upnu\/inscripciocurs.php?id=100918\" target=\"_blank\" rel=\"noopener noreferrer\" data-saferedirecturl=\"https:\/\/www.google.com\/url?q=http:\/\/www.arxiu-ice.udl.cat\/upnu\/inscripciocurs.php?id%3D100918&amp;source=gmail&amp;ust=1713440249341000&amp;usg=AOvVaw0hHOJvuLPtiEO0zY9Wjr_g\"><strong>\u00a0Inscripci\u00f3 no\u00a0 XTEC<\/strong><\/a><\/li>\n<\/ul>\n<p><strong>RETRANSMISSI\u00d3 Via streaming:<\/strong> <a href=\"https:\/\/www.youtube.com\/watch?v=ba5Fo_dVLw0\" target=\"_blank\" rel=\"noopener\">vincle<\/a><\/p>\n<p><strong><a href=\"https:\/\/www.ice.udl.cat\/ca\/noticies\/agenda\/Reflexions-i-experiencies-intergeneracionals-en-lambit-educatiu.\/\"><img loading=\"lazy\" decoding=\"async\" class=\"\" src=\"https:\/\/serveiseducatius.xtec.cat\/alturgell\/wp-content\/uploads\/usu770\/2019\/04\/flecha.gif\" width=\"18\" height=\"20\" \/>\u00a0 M\u00e9s<\/a> <a id=\"m_3029053057018391225m_3496332166459703577m_-3870251688206692817OWA614e5c6d-36aa-f119-d7e3-6ed5be5134eb\" href=\"https:\/\/www.ice.udl.cat\/ca\/noticies\/agenda\/Reflexions-i-experiencies-intergeneracionals-en-lambit-educatiu.\/\" target=\"_blank\" rel=\"noopener noreferrer\" data-saferedirecturl=\"https:\/\/www.google.com\/url?q=https:\/\/www.ice.udl.cat\/ca\/noticies\/agenda\/Reflexions-i-experiencies-intergeneracionals-en-lambit-educatiu.\/&amp;source=gmail&amp;ust=1713440249341000&amp;usg=AOvVaw3VXcLO9E39FEA84oT7mYuE\"> informaci\u00f3<\/a><\/strong><\/p>\n<p><img loading=\"lazy\" decoding=\"async\" class=\"alignnone wp-image-16407\" src=\"https:\/\/serveiseducatius.xtec.cat\/alturgell\/wp-content\/uploads\/usu770\/2024\/04\/Captura-de-pantalla-2024-04-17-171722.png\" alt=\"\" width=\"476\" height=\"316\" \/><\/p>\n<div><\/div>\n","protected":false},"excerpt":{"rendered":"<p>El dijous, 23 de maig, a les 17:30\u202fh, L&#8217;Equip ICE\u00a0 de la Xarxa de Centres Profiguratius\u00a0d&#8217;Educaci\u00f3 Intergeneracional (CEPREI) de la Universitat de Lleida us presenta la jornada de reflexi\u00f3 i d&#8217;intercanvi d&#8217;experi\u00e8ncies intergeneracionals a l&#8217;educaci\u00f3.\u00a0 Aquesta trobada est\u00e0 adre\u00e7ada a docents de tots els nivells educatius i es realitzar\u00e0 a Sala Juntes, 0.14. de l&#8217;Edifici [&hellip;]<\/p>\n","protected":false},"author":1,"featured_media":16407,"comment_status":"open","ping_status":"closed","sticky":false,"template":"","format":"standard","meta":{"_bbp_topic_count":0,"_bbp_reply_count":0,"_bbp_total_topic_count":0,"_bbp_total_reply_count":0,"_bbp_voice_count":0,"_bbp_anonymous_reply_count":0,"_bbp_topic_count_hidden":0,"_bbp_reply_count_hidden":0,"_bbp_forum_subforum_count":0,"site-sidebar-layout":"default","site-content-layout":"","ast-site-content-layout":"","site-content-style":"default","site-sidebar-style":"default","ast-global-header-display":"","ast-banner-title-visibility":"","ast-main-header-display":"","ast-hfb-above-header-display":"","ast-hfb-below-header-display":"","ast-hfb-mobile-header-display":"","site-post-title":"","ast-breadcrumbs-content":"","ast-featured-img":"","footer-sml-layout":"","theme-transparent-header-meta":"","adv-header-id-meta":"","stick-header-meta":"","header-above-stick-meta":"","header-main-stick-meta":"","header-below-stick-meta":"","astra-migrate-meta-layouts":"default","ast-page-background-enabled":"default","ast-page-background-meta":{"desktop":{"background-color":"var(--ast-global-color-4)","background-image":"","background-repeat":"repeat","background-position":"center center","background-size":"auto","background-attachment":"scroll","background-type":"","background-media":"","overlay-type":"","overlay-color":"","overlay-opacity":"","overlay-gradient":""},"tablet":{"background-color":"","background-image":"","background-repeat":"repeat","background-position":"center center","background-size":"auto","background-attachment":"scroll","background-type":"","background-media":"","overlay-type":"","overlay-color":"","overlay-opacity":"","overlay-gradient":""},"mobile":{"background-color":"","background-image":"","background-repeat":"repeat","background-position":"center center","background-size":"auto","background-attachment":"scroll","background-type":"","background-media":"","overlay-type":"","overlay-color":"","overlay-opacity":"","overlay-gradient":""}},"ast-content-background-meta":{"desktop":{"background-color":"var(--ast-global-color-5)","background-image":"","background-repeat":"repeat","background-position":"center center","background-size":"auto","background-attachment":"scroll","background-type":"","background-media":"","overlay-type":"","overlay-color":"","overlay-opacity":"","overlay-gradient":""},"tablet":{"background-color":"var(--ast-global-color-5)","background-image":"","background-repeat":"repeat","background-position":"center center","background-size":"auto","background-attachment":"scroll","background-type":"","background-media":"","overlay-type":"","overlay-color":"","overlay-opacity":"","overlay-gradient":""},"mobile":{"background-color":"var(--ast-global-color-5)","background-image":"","background-repeat":"repeat","background-position":"center center","background-size":"auto","background-attachment":"scroll","background-type":"","background-media":"","overlay-type":"","overlay-color":"","overlay-opacity":"","overlay-gradient":""}},"footnotes":""},"categories":[175,29],"tags":[],"class_list":["post-16406","post","type-post","status-publish","format-standard","has-post-thumbnail","hentry","category-formacio","category-portada"],"post_mailing_queue_ids":[],"_links":{"self":[{"href":"https:\/\/serveiseducatius.xtec.cat\/alturgell\/wp-json\/wp\/v2\/posts\/16406","targetHints":{"allow":["GET"]}}],"collection":[{"href":"https:\/\/serveiseducatius.xtec.cat\/alturgell\/wp-json\/wp\/v2\/posts"}],"about":[{"href":"https:\/\/serveiseducatius.xtec.cat\/alturgell\/wp-json\/wp\/v2\/types\/post"}],"author":[{"embeddable":true,"href":"https:\/\/serveiseducatius.xtec.cat\/alturgell\/wp-json\/wp\/v2\/users\/1"}],"replies":[{"embeddable":true,"href":"https:\/\/serveiseducatius.xtec.cat\/alturgell\/wp-json\/wp\/v2\/comments?post=16406"}],"version-history":[{"count":3,"href":"https:\/\/serveiseducatius.xtec.cat\/alturgell\/wp-json\/wp\/v2\/posts\/16406\/revisions"}],"predecessor-version":[{"id":16595,"href":"https:\/\/serveiseducatius.xtec.cat\/alturgell\/wp-json\/wp\/v2\/posts\/16406\/revisions\/16595"}],"wp:featuredmedia":[{"embeddable":true,"href":"https:\/\/serveiseducatius.xtec.cat\/alturgell\/wp-json\/wp\/v2\/media\/16407"}],"wp:attachment":[{"href":"https:\/\/serveiseducatius.xtec.cat\/alturgell\/wp-json\/wp\/v2\/media?parent=16406"}],"wp:term":[{"taxonomy":"category","embeddable":true,"href":"https:\/\/serveiseducatius.xtec.cat\/alturgell\/wp-json\/wp\/v2\/categories?post=16406"},{"taxonomy":"post_tag","embeddable":true,"href":"https:\/\/serveiseducatius.xtec.cat\/alturgell\/wp-json\/wp\/v2\/tags?post=16406"}],"curies":[{"name":"wp","href":"https:\/\/api.w.org\/{rel}","templated":true}]}}