{"id":16346,"date":"2024-04-02T11:23:16","date_gmt":"2024-04-02T09:23:16","guid":{"rendered":"https:\/\/serveiseducatius.xtec.cat\/alturgell\/?p=16346"},"modified":"2024-04-02T17:31:31","modified_gmt":"2024-04-02T15:31:31","slug":"les-revistes-del-mes-marc-2024","status":"publish","type":"post","link":"https:\/\/serveiseducatius.xtec.cat\/alturgell\/portada\/les-revistes-del-mes-marc-2024\/","title":{"rendered":"Les revistes del mes. Mar\u00e7 2024"},"content":{"rendered":"<p>Aquestes s\u00f3n les revistes rebudes a la Biblioteca del Departament d\u2019Educaci\u00f3. S\u00f3n totes accessibles en l\u00ednia, algunes gratu\u00eftes i d\u2019altres que requereixen <a id=\"m_-8736790086027829215OWAadd6efbb-8c5b-00ee-a8fe-1f70016b947c\" title=\"https:\/\/espai.educacio.gencat.cat\/Recursos\/Biblioteca\/Biblioteca-virtual\/Revistes-electroniques\/Pagines\/default.aspx\" href=\"https:\/\/espai.educacio.gencat.cat\/Recursos\/Biblioteca\/Biblioteca-virtual\/Revistes-electroniques\/Pagines\/default.aspx\" target=\"_blank\" rel=\"noopener\" data-saferedirecturl=\"https:\/\/www.google.com\/url?q=https:\/\/espai.educacio.gencat.cat\/Recursos\/Biblioteca\/Biblioteca-virtual\/Revistes-electroniques\/Pagines\/default.aspx&amp;source=gmail&amp;ust=1712127215978000&amp;usg=AOvVaw3Yr-o9Obl5gOcfttxmlpTd\">clau d\u2019acc\u00e9s<\/a>.<\/p>\n<table style=\"width: 85.4155%;\">\n<tbody>\n<tr>\n<td style=\"width: 23.305%; border-color: #bf1964;\"><img loading=\"lazy\" decoding=\"async\" class=\"alignleft size-full wp-image-17078\" src=\"https:\/\/serveiseducatius.xtec.cat\/bages\/wp-content\/uploads\/usu776\/2021\/11\/Bordon.png\" alt=\"\" width=\"158\" height=\"126\" \/><\/td>\n<td style=\"width: 79.5662%; border-color: #bf1964;\">\n<h6><a id=\"m_-8736790086027829215OWAf526fbf3-d9d3-9d88-e72d-ff973671a434\" href=\"https:\/\/recyt.fecyt.es\/index.php\/BORDON\/issue\/view\/4537\" target=\"_blank\" rel=\"noopener\" data-saferedirecturl=\"https:\/\/www.google.com\/url?q=https:\/\/recyt.fecyt.es\/index.php\/BORDON\/issue\/view\/4537&amp;source=gmail&amp;ust=1712127215979000&amp;usg=AOvVaw2ZABTTyULK_ybFleg9etOJ\"><strong>Visibilizar las destrezas de pensamiento en educaci\u00f3n primaria: desarrollo psicom\u00e9trico de un instrumento de evaluaci\u00f3n<\/strong><\/a><\/h6>\n<p>Bord\u00f3n, 76(1), mar. 2024<\/td>\n<\/tr>\n<tr>\n<td style=\"width: 23.305%; border-color: #bf1964;\"><img loading=\"lazy\" decoding=\"async\" class=\"alignleft wp-image-2331\" src=\"https:\/\/serveiseducatius.xtec.cat\/bages\/wp-content\/uploads\/usu776\/2016\/07\/clij.jpeg\" sizes=\"auto, (max-width: 183px) 100vw, 183px\" srcset=\"https:\/\/serveiseducatius.xtec.cat\/bages\/wp-content\/uploads\/usu776\/2016\/07\/clij.jpeg 320w, https:\/\/serveiseducatius.xtec.cat\/bages\/wp-content\/uploads\/usu776\/2016\/07\/clij-300x144.jpeg 300w\" alt=\"\" width=\"183\" height=\"88\" \/><\/td>\n<td style=\"width: 79.5662%; border-color: #bf1964;\">\n<h6><a id=\"m_-8736790086027829215OWA2810a9a8-790e-920b-0f28-dfae5085d034\" href=\"https:\/\/www.revistaclij.com\/product\/clij-318-marzo-abril-2024-edicion-papel\/\" target=\"_blank\" rel=\"noopener\" data-saferedirecturl=\"https:\/\/www.google.com\/url?q=https:\/\/www.revistaclij.com\/product\/clij-318-marzo-abril-2024-edicion-papel\/&amp;source=gmail&amp;ust=1712127215979000&amp;usg=AOvVaw0bt1Cn3rs7-OvecF5MDUaG\">La vuelta al mundo con Herg\u00e9 y Tint\u00edn<\/a><\/h6>\n<p>CLIJ, 318, mar.-abr. 2024<\/td>\n<\/tr>\n<tr>\n<td style=\"width: 23.305%; border-color: #bf1964;\"><img loading=\"lazy\" decoding=\"async\" class=\"alignleft size-full wp-image-16870\" src=\"https:\/\/serveiseducatius.xtec.cat\/bages\/wp-content\/uploads\/usu776\/2021\/10\/rev4.png\" alt=\"\" width=\"190\" height=\"105\" \/><\/td>\n<td style=\"width: 79.5662%; border-color: #bf1964;\">\n<h6><a id=\"m_-8736790086027829215OWA9fb33ef2-9d63-5081-28e7-7e364263eaaf\" href=\"https:\/\/www.cuadernosdepedagogia.com\/content\/Inicio.aspx\" target=\"_blank\" rel=\"noopener\" data-saferedirecturl=\"https:\/\/www.google.com\/url?q=https:\/\/www.cuadernosdepedagogia.com\/content\/Inicio.aspx&amp;source=gmail&amp;ust=1712127215979000&amp;usg=AOvVaw3j2msB15M_Mf-Thc4hk1Az\">Aprendizaje al largo de la vida<\/a><\/h6>\n<p>Cuadernos de Pedagog\u00eda, 551, mar. 2024<\/td>\n<\/tr>\n<tr>\n<td style=\"width: 23.305%; border-color: #bf1964;\"><img loading=\"lazy\" decoding=\"async\" class=\"alignleft size-full wp-image-18633\" src=\"https:\/\/serveiseducatius.xtec.cat\/bages\/wp-content\/uploads\/usu776\/2022\/07\/Educacion.png\" alt=\"\" width=\"189\" height=\"120\" \/><\/td>\n<td style=\"width: 79.5662%; border-color: #bf1964;\">\n<h6><a id=\"m_-8736790086027829215OWA6c8d1e60-858d-c71a-d46f-c33be68358b1\" href=\"https:\/\/www.educaciontrespuntocero.com\/\" target=\"_blank\" rel=\"noopener\" data-saferedirecturl=\"https:\/\/www.google.com\/url?q=https:\/\/www.educaciontrespuntocero.com\/&amp;source=gmail&amp;ust=1712127215979000&amp;usg=AOvVaw3LgtHrGwyzOsB3pfUW0zn1\">Beneficios de leer en voz alta<\/a><\/h6>\n<p>Educaci\u00f3n 3.0, 53, feb.-abr. 2024<\/td>\n<\/tr>\n<tr>\n<td style=\"width: 23.305%; border-color: #bf1964;\"><img loading=\"lazy\" decoding=\"async\" class=\"alignleft size-full wp-image-20606\" src=\"https:\/\/serveiseducatius.xtec.cat\/bages\/wp-content\/uploads\/usu776\/2023\/03\/Ensenanza-de-las-ciencias.png\" alt=\"\" width=\"197\" height=\"113\" \/><\/td>\n<td style=\"width: 79.5662%; border-color: #bf1964;\">\n<h6><a id=\"m_-8736790086027829215OWA32200cd6-6409-22f2-052c-4873d0035347\" href=\"https:\/\/ensciencias.uab.cat\/issue\/view\/v42-n1\" target=\"_blank\" rel=\"noopener\" data-saferedirecturl=\"https:\/\/www.google.com\/url?q=https:\/\/ensciencias.uab.cat\/issue\/view\/v42-n1&amp;source=gmail&amp;ust=1712127215979000&amp;usg=AOvVaw39N5qjQ2ByZljLfSCbH1XR\">Las competencias en sostenibilidad del alumnado de educaci\u00f3n secundaria seg\u00fan el g\u00e9nero<\/a><\/h6>\n<p>Ense\u00f1anza de las ciencias, 42(1), 2024<\/td>\n<\/tr>\n<tr>\n<td style=\"width: 23.305%; border-color: #bf1964;\"><img loading=\"lazy\" decoding=\"async\" class=\"alignleft size-full wp-image-18634\" src=\"https:\/\/serveiseducatius.xtec.cat\/bages\/wp-content\/uploads\/usu776\/2022\/07\/Estris.png\" sizes=\"auto, (max-width: 202px) 100vw, 202px\" srcset=\"https:\/\/serveiseducatius.xtec.cat\/bages\/wp-content\/uploads\/usu776\/2022\/07\/Estris.png 202w, https:\/\/serveiseducatius.xtec.cat\/bages\/wp-content\/uploads\/usu776\/2022\/07\/Estris-200x125.png 200w\" alt=\"\" width=\"202\" height=\"125\" \/><\/td>\n<td style=\"width: 79.5662%; border-color: #bf1964;\">\n<h6><a id=\"m_-8736790086027829215OWA0850eef7-56f8-ae49-ab5f-19e93f84a9b4\" href=\"https:\/\/www.estris.cat\/revista-estris\/tots-numeros\/revistaestris251\" target=\"_blank\" rel=\"noopener\" data-saferedirecturl=\"https:\/\/www.google.com\/url?q=https:\/\/www.estris.cat\/revista-estris\/tots-numeros\/revistaestris251&amp;source=gmail&amp;ust=1712127215979000&amp;usg=AOvVaw31768MZECX9gePRMbT7r-1\">Els infants i joves s\u2019expressen: de l\u2019activisme a la transformaci\u00f3 social<\/a><\/h6>\n<p>Estris, 251, nov.-des. 2023<\/td>\n<\/tr>\n<tr>\n<td style=\"width: 23.305%; border-color: #bf1964;\"><img loading=\"lazy\" decoding=\"async\" class=\"alignleft size-full wp-image-2556\" src=\"https:\/\/serveiseducatius.xtec.cat\/bages\/wp-content\/uploads\/usu776\/2016\/07\/Guix.jpg\" alt=\"\" width=\"300\" height=\"130\" \/><\/td>\n<td style=\"width: 79.5662%; border-color: #bf1964;\">\n<h6><a id=\"m_-8736790086027829215OWA42095e3d-7e59-ae6b-d65a-e451e021b4be\" href=\"https:\/\/www.grao.cat\/revistes\/revista-guix-507-de-febrer-2024-74747\" target=\"_blank\" rel=\"noopener\" data-saferedirecturl=\"https:\/\/www.google.com\/url?q=https:\/\/www.grao.cat\/revistes\/revista-guix-507-de-febrer-2024-74747&amp;source=gmail&amp;ust=1712127215979000&amp;usg=AOvVaw20AF-NCsbt5yg1sC-lc5G7\">Personalitzaci\u00f3 del contingut<\/a><\/h6>\n<p>Guix, 507, feb. 2024<\/td>\n<\/tr>\n<tr>\n<td style=\"width: 23.305%; border-color: #bf1964;\"><img loading=\"lazy\" decoding=\"async\" class=\"alignleft size-full wp-image-16874\" src=\"https:\/\/serveiseducatius.xtec.cat\/bages\/wp-content\/uploads\/usu776\/2021\/10\/rev-8.png\" alt=\"\" width=\"186\" height=\"113\" \/><\/td>\n<td style=\"width: 79.5662%; border-color: #bf1964;\">\n<h6><a id=\"m_-8736790086027829215OWA3fc92e25-5d6b-e3c3-0618-963071f48b53\" href=\"https:\/\/www.rosasensat.org\/revista\/infancia-257\/\" target=\"_blank\" rel=\"noopener\" data-saferedirecturl=\"https:\/\/www.google.com\/url?q=https:\/\/www.rosasensat.org\/revista\/infancia-257\/&amp;source=gmail&amp;ust=1712127215979000&amp;usg=AOvVaw1RnfxoG_bx1s8wX-vMJcEi\">Llenguatges art\u00edstics<\/a><\/h6>\n<p>In-f\u00e0n-ci-a, 257, mar.-abr. 2024<\/td>\n<\/tr>\n<tr>\n<td style=\"width: 23.305%; border-color: #bf1964;\"><img loading=\"lazy\" decoding=\"async\" class=\"alignleft size-full wp-image-20605\" src=\"https:\/\/serveiseducatius.xtec.cat\/bages\/wp-content\/uploads\/usu776\/2023\/03\/Pixel-Bit.png\" alt=\"\" width=\"208\" height=\"132\" \/><\/td>\n<td style=\"width: 79.5662%; border-color: #bf1964;\">\n<h6><a id=\"m_-8736790086027829215OWA69299d3b-07fa-26d2-bd1e-1481b254305e\" href=\"https:\/\/recyt.fecyt.es\/index.php\/pixel\/issue\/view\/4450\" target=\"_blank\" rel=\"noopener\" data-saferedirecturl=\"https:\/\/www.google.com\/url?q=https:\/\/recyt.fecyt.es\/index.php\/pixel\/issue\/view\/4450&amp;source=gmail&amp;ust=1712127215979000&amp;usg=AOvVaw1UHvgtPY9PtkJhPu_1IXTg\">El uso del modelo GPT de OpenAI para el an\u00e1lisis de textos abiertos en investigaci\u00f3n educativa<\/a><\/h6>\n<p>Pixel-Bit, 69, 2024<\/td>\n<\/tr>\n<tr>\n<td style=\"width: 23.305%; border-color: #bf1964;\"><img loading=\"lazy\" decoding=\"async\" class=\"alignleft size-full wp-image-2745\" src=\"https:\/\/serveiseducatius.xtec.cat\/bages\/wp-content\/uploads\/usu776\/2016\/07\/Tandem.jpg\" alt=\"\" width=\"300\" height=\"130\" \/><\/td>\n<td style=\"width: 79.5662%; border-color: #bf1964;\">\n<h6><a id=\"m_-8736790086027829215OWAa1f0ec62-3d5b-0273-da0c-bb84afb54d1c\" href=\"https:\/\/www.grao.cat\/revistes\/invencion-de-juegos-como-modelo-pedagogico-77544\" target=\"_blank\" rel=\"noopener\" data-saferedirecturl=\"https:\/\/www.google.com\/url?q=https:\/\/www.grao.cat\/revistes\/invencion-de-juegos-como-modelo-pedagogico-77544&amp;source=gmail&amp;ust=1712127215979000&amp;usg=AOvVaw1Wxq2JtPVTEAcqF8sdeLb7\">Invenci\u00f3n de juegos como modelo pedag\u00f3gico<\/a><\/h6>\n<p>T\u00e1ndem, 83, gen.-mar. 2024<\/td>\n<\/tr>\n<tr>\n<td style=\"width: 23.305%; border-color: #bf1964;\"><img loading=\"lazy\" decoding=\"async\" class=\"alignleft size-full wp-image-17082\" src=\"https:\/\/serveiseducatius.xtec.cat\/bages\/wp-content\/uploads\/usu776\/2021\/11\/siglo-cero.png\" alt=\"\" width=\"167\" height=\"109\" \/><\/td>\n<td style=\"width: 79.5662%; border-color: #bf1964;\">\n<h6><a id=\"m_-8736790086027829215OWAd72a39de-7c60-131d-894d-6ae2deb9900d\" href=\"https:\/\/revistas.usal.es\/tres\/index.php\/0210-1696\/issue\/view\/1447\" target=\"_blank\" rel=\"noopener\" data-saferedirecturl=\"https:\/\/www.google.com\/url?q=https:\/\/revistas.usal.es\/tres\/index.php\/0210-1696\/issue\/view\/1447&amp;source=gmail&amp;ust=1712127215979000&amp;usg=AOvVaw3nK681UWK9l7WqnAImkHKv\">Conocimiento y uso de los recursos dirigidos a los familiares de personas con discapacidad<\/a><\/h6>\n<p>Siglo cero, 55(1), 2024<\/td>\n<\/tr>\n<\/tbody>\n<\/table>\n","protected":false},"excerpt":{"rendered":"<p>Aquestes s\u00f3n les revistes rebudes a la Biblioteca del Departament d\u2019Educaci\u00f3. S\u00f3n totes accessibles en l\u00ednia, algunes gratu\u00eftes i d\u2019altres que requereixen clau d\u2019acc\u00e9s. Visibilizar las destrezas de pensamiento en educaci\u00f3n primaria: desarrollo psicom\u00e9trico de un instrumento de evaluaci\u00f3n Bord\u00f3n, 76(1), mar. 2024 La vuelta al mundo con Herg\u00e9 y Tint\u00edn CLIJ, 318, mar.-abr. 2024 [&hellip;]<\/p>\n","protected":false},"author":1,"featured_media":15959,"comment_status":"open","ping_status":"closed","sticky":false,"template":"","format":"standard","meta":{"_bbp_topic_count":0,"_bbp_reply_count":0,"_bbp_total_topic_count":0,"_bbp_total_reply_count":0,"_bbp_voice_count":0,"_bbp_anonymous_reply_count":0,"_bbp_topic_count_hidden":0,"_bbp_reply_count_hidden":0,"_bbp_forum_subforum_count":0,"site-sidebar-layout":"default","site-content-layout":"","ast-site-content-layout":"","site-content-style":"default","site-sidebar-style":"default","ast-global-header-display":"","ast-banner-title-visibility":"","ast-main-header-display":"","ast-hfb-above-header-display":"","ast-hfb-below-header-display":"","ast-hfb-mobile-header-display":"","site-post-title":"","ast-breadcrumbs-content":"","ast-featured-img":"","footer-sml-layout":"","theme-transparent-header-meta":"","adv-header-id-meta":"","stick-header-meta":"","header-above-stick-meta":"","header-main-stick-meta":"","header-below-stick-meta":"","astra-migrate-meta-layouts":"default","ast-page-background-enabled":"default","ast-page-background-meta":{"desktop":{"background-color":"var(--ast-global-color-4)","background-image":"","background-repeat":"repeat","background-position":"center center","background-size":"auto","background-attachment":"scroll","background-type":"","background-media":"","overlay-type":"","overlay-color":"","overlay-opacity":"","overlay-gradient":""},"tablet":{"background-color":"","background-image":"","background-repeat":"repeat","background-position":"center center","background-size":"auto","background-attachment":"scroll","background-type":"","background-media":"","overlay-type":"","overlay-color":"","overlay-opacity":"","overlay-gradient":""},"mobile":{"background-color":"","background-image":"","background-repeat":"repeat","background-position":"center center","background-size":"auto","background-attachment":"scroll","background-type":"","background-media":"","overlay-type":"","overlay-color":"","overlay-opacity":"","overlay-gradient":""}},"ast-content-background-meta":{"desktop":{"background-color":"var(--ast-global-color-5)","background-image":"","background-repeat":"repeat","background-position":"center center","background-size":"auto","background-attachment":"scroll","background-type":"","background-media":"","overlay-type":"","overlay-color":"","overlay-opacity":"","overlay-gradient":""},"tablet":{"background-color":"var(--ast-global-color-5)","background-image":"","background-repeat":"repeat","background-position":"center center","background-size":"auto","background-attachment":"scroll","background-type":"","background-media":"","overlay-type":"","overlay-color":"","overlay-opacity":"","overlay-gradient":""},"mobile":{"background-color":"var(--ast-global-color-5)","background-image":"","background-repeat":"repeat","background-position":"center center","background-size":"auto","background-attachment":"scroll","background-type":"","background-media":"","overlay-type":"","overlay-color":"","overlay-opacity":"","overlay-gradient":""}},"footnotes":""},"categories":[81,29],"tags":[],"class_list":["post-16346","post","type-post","status-publish","format-standard","has-post-thumbnail","hentry","category-biblioteca-escolar","category-portada"],"post_mailing_queue_ids":[],"_links":{"self":[{"href":"https:\/\/serveiseducatius.xtec.cat\/alturgell\/wp-json\/wp\/v2\/posts\/16346","targetHints":{"allow":["GET"]}}],"collection":[{"href":"https:\/\/serveiseducatius.xtec.cat\/alturgell\/wp-json\/wp\/v2\/posts"}],"about":[{"href":"https:\/\/serveiseducatius.xtec.cat\/alturgell\/wp-json\/wp\/v2\/types\/post"}],"author":[{"embeddable":true,"href":"https:\/\/serveiseducatius.xtec.cat\/alturgell\/wp-json\/wp\/v2\/users\/1"}],"replies":[{"embeddable":true,"href":"https:\/\/serveiseducatius.xtec.cat\/alturgell\/wp-json\/wp\/v2\/comments?post=16346"}],"version-history":[{"count":3,"href":"https:\/\/serveiseducatius.xtec.cat\/alturgell\/wp-json\/wp\/v2\/posts\/16346\/revisions"}],"predecessor-version":[{"id":16349,"href":"https:\/\/serveiseducatius.xtec.cat\/alturgell\/wp-json\/wp\/v2\/posts\/16346\/revisions\/16349"}],"wp:featuredmedia":[{"embeddable":true,"href":"https:\/\/serveiseducatius.xtec.cat\/alturgell\/wp-json\/wp\/v2\/media\/15959"}],"wp:attachment":[{"href":"https:\/\/serveiseducatius.xtec.cat\/alturgell\/wp-json\/wp\/v2\/media?parent=16346"}],"wp:term":[{"taxonomy":"category","embeddable":true,"href":"https:\/\/serveiseducatius.xtec.cat\/alturgell\/wp-json\/wp\/v2\/categories?post=16346"},{"taxonomy":"post_tag","embeddable":true,"href":"https:\/\/serveiseducatius.xtec.cat\/alturgell\/wp-json\/wp\/v2\/tags?post=16346"}],"curies":[{"name":"wp","href":"https:\/\/api.w.org\/{rel}","templated":true}]}}