{"id":16293,"date":"2024-03-22T12:33:53","date_gmt":"2024-03-22T11:33:53","guid":{"rendered":"https:\/\/serveiseducatius.xtec.cat\/alturgell\/?p=16293"},"modified":"2025-06-12T12:48:13","modified_gmt":"2025-06-12T10:48:13","slug":"la-veu-dels-centres-del-21-3-2024-promovent-les-matematiques-des-del-crp","status":"publish","type":"post","link":"https:\/\/serveiseducatius.xtec.cat\/alturgell\/portada\/la-veu-dels-centres-del-21-3-2024-promovent-les-matematiques-des-del-crp\/","title":{"rendered":"La veu dels centres del 21\/3\/2024. Promovent les matem\u00e0tiques des del CRP"},"content":{"rendered":"<p>El nou programa de <strong><a href=\"https:\/\/www.alacarta.radioseu.cat\/programs\/laveudelscentres\">&#8220;La veu dels centres&#8221;<\/a> <\/strong>ha estat dedicat a les <strong>matem\u00e0tiques<\/strong> i a les activitats que s&#8217;ofereixen, tant per iniciativa del CRP com en col\u00b7laboraci\u00f3 amb d&#8217;altres entitats, per <strong>l<\/strong>a divulgaci\u00f3 i aprenentatge d&#8217;aquesta disciplina.<\/p>\n<p>Professorat i alumnes que participen en les activitats promogudes han explicat diferents aspectes de l&#8217; <strong><a href=\"https:\/\/serveiseducatius.xtec.cat\/alturgell\/portada\/comencem-laprofundiment-en-matematiques\/\"><span style=\"text-decoration: underline;\">Aprofundiment en matem\u00e0tiques<\/span><\/a><\/strong>, la realitzaci\u00f3 de la <a href=\"https:\/\/serveiseducatius.xtec.cat\/alturgell\/portada\/1a-fase-de-la-copa-cangur-a-puigcerda\/\"><strong><span style=\"text-decoration: underline;\">1a fase de la Copa Cangur<\/span><\/strong><\/a> al territori, el<span style=\"text-decoration: underline;\"><strong><a href=\"https:\/\/serveiseducatius.xtec.cat\/alturgell\/portada\/dimatpirineus-2024\/\"> DiMatPirineus<\/a><\/strong><\/span>, la celebraci\u00f3 a la Seu del <span style=\"text-decoration: underline;\"><strong><a href=\"https:\/\/serveiseducatius.xtec.cat\/alturgell\/portada\/dia-internacional-de-les-matematiques-a-la-seu-durgell\/\">Dia Pi<\/a><\/strong><\/span> i la participaci\u00f3 dels centres a les<span style=\"text-decoration: underline;\"><strong> <a href=\"https:\/\/serveiseducatius.xtec.cat\/alturgell\/portada\/prova-cangur-2024\/\">Proves Cangur<\/a><\/strong>.<\/span><\/p>\n<p>Des del CRP agra\u00efm la participaci\u00f3 en el programa a la Gemma Bastardas, Laia Mir\u00f3 i Xavier Jarque i als alumnes\u00a0 Marcel G\u00f3mez, Mireia Pinto, Quer Axet, Berta Hern\u00e1ndez i Arnau Vadell.<\/p>\n<p>&nbsp;<\/p>\n<p><strong>El podeu escoltar en R\u00e2dioSeu <a href=\"https:\/\/www.alacarta.radioseu.cat\/programs\/laveudelscentres\/radioseu_podcast_16730\">a la carta<\/a>:<\/strong><\/p>\n<p><a href=\"https:\/\/www.alacarta.radioseu.cat\/programs\/laveudelscentres\/radioseu_podcast_16730\"><strong><img loading=\"lazy\" decoding=\"async\" class=\"alignnone wp-image-16294\" src=\"https:\/\/serveiseducatius.xtec.cat\/alturgell\/wp-content\/uploads\/usu770\/2024\/03\/Captura-de-pantalla-2024-03-22-120457.png\" alt=\"\" width=\"845\" height=\"34\" srcset=\"https:\/\/serveiseducatius.xtec.cat\/alturgell\/wp-content\/uploads\/usu770\/2024\/03\/Captura-de-pantalla-2024-03-22-120457.png 1069w, https:\/\/serveiseducatius.xtec.cat\/alturgell\/wp-content\/uploads\/usu770\/2024\/03\/Captura-de-pantalla-2024-03-22-120457-300x12.png 300w, https:\/\/serveiseducatius.xtec.cat\/alturgell\/wp-content\/uploads\/usu770\/2024\/03\/Captura-de-pantalla-2024-03-22-120457-1024x41.png 1024w, https:\/\/serveiseducatius.xtec.cat\/alturgell\/wp-content\/uploads\/usu770\/2024\/03\/Captura-de-pantalla-2024-03-22-120457-768x31.png 768w\" sizes=\"auto, (max-width: 845px) 100vw, 845px\" \/><\/strong><\/a><\/p>\n<p>&nbsp;<\/p>\n<p>&nbsp;<\/p>\n<p>&nbsp;<\/p>\n<p>&nbsp;<\/p>\n","protected":false},"excerpt":{"rendered":"<p>El nou programa de &#8220;La veu dels centres&#8221; ha estat dedicat a les matem\u00e0tiques i a les activitats que s&#8217;ofereixen, tant per iniciativa del CRP com en col\u00b7laboraci\u00f3 amb d&#8217;altres entitats, per la divulgaci\u00f3 i aprenentatge d&#8217;aquesta disciplina. Professorat i alumnes que participen en les activitats promogudes han explicat diferents aspectes de l&#8217; Aprofundiment en [&hellip;]<\/p>\n","protected":false},"author":1,"featured_media":16295,"comment_status":"open","ping_status":"closed","sticky":false,"template":"","format":"standard","meta":{"_bbp_topic_count":0,"_bbp_reply_count":0,"_bbp_total_topic_count":0,"_bbp_total_reply_count":0,"_bbp_voice_count":0,"_bbp_anonymous_reply_count":0,"_bbp_topic_count_hidden":0,"_bbp_reply_count_hidden":0,"_bbp_forum_subforum_count":0,"site-sidebar-layout":"default","site-content-layout":"","ast-site-content-layout":"","site-content-style":"default","site-sidebar-style":"default","ast-global-header-display":"","ast-banner-title-visibility":"","ast-main-header-display":"","ast-hfb-above-header-display":"","ast-hfb-below-header-display":"","ast-hfb-mobile-header-display":"","site-post-title":"","ast-breadcrumbs-content":"","ast-featured-img":"","footer-sml-layout":"","theme-transparent-header-meta":"","adv-header-id-meta":"","stick-header-meta":"","header-above-stick-meta":"","header-main-stick-meta":"","header-below-stick-meta":"","astra-migrate-meta-layouts":"default","ast-page-background-enabled":"default","ast-page-background-meta":{"desktop":{"background-color":"var(--ast-global-color-4)","background-image":"","background-repeat":"repeat","background-position":"center center","background-size":"auto","background-attachment":"scroll","background-type":"","background-media":"","overlay-type":"","overlay-color":"","overlay-opacity":"","overlay-gradient":""},"tablet":{"background-color":"","background-image":"","background-repeat":"repeat","background-position":"center center","background-size":"auto","background-attachment":"scroll","background-type":"","background-media":"","overlay-type":"","overlay-color":"","overlay-opacity":"","overlay-gradient":""},"mobile":{"background-color":"","background-image":"","background-repeat":"repeat","background-position":"center center","background-size":"auto","background-attachment":"scroll","background-type":"","background-media":"","overlay-type":"","overlay-color":"","overlay-opacity":"","overlay-gradient":""}},"ast-content-background-meta":{"desktop":{"background-color":"var(--ast-global-color-5)","background-image":"","background-repeat":"repeat","background-position":"center center","background-size":"auto","background-attachment":"scroll","background-type":"","background-media":"","overlay-type":"","overlay-color":"","overlay-opacity":"","overlay-gradient":""},"tablet":{"background-color":"var(--ast-global-color-5)","background-image":"","background-repeat":"repeat","background-position":"center center","background-size":"auto","background-attachment":"scroll","background-type":"","background-media":"","overlay-type":"","overlay-color":"","overlay-opacity":"","overlay-gradient":""},"mobile":{"background-color":"var(--ast-global-color-5)","background-image":"","background-repeat":"repeat","background-position":"center center","background-size":"auto","background-attachment":"scroll","background-type":"","background-media":"","overlay-type":"","overlay-color":"","overlay-opacity":"","overlay-gradient":""}},"footnotes":""},"categories":[65,186,252,259,29,251],"tags":[],"class_list":["post-16293","post","type-post","status-publish","format-standard","has-post-thumbnail","hentry","category-crp","category-espai-matematic","category-la-veu-dels-centres","category-la-veu-dels-centres-dinamitzacio","category-portada","category-radio"],"post_mailing_queue_ids":[],"_links":{"self":[{"href":"https:\/\/serveiseducatius.xtec.cat\/alturgell\/wp-json\/wp\/v2\/posts\/16293","targetHints":{"allow":["GET"]}}],"collection":[{"href":"https:\/\/serveiseducatius.xtec.cat\/alturgell\/wp-json\/wp\/v2\/posts"}],"about":[{"href":"https:\/\/serveiseducatius.xtec.cat\/alturgell\/wp-json\/wp\/v2\/types\/post"}],"author":[{"embeddable":true,"href":"https:\/\/serveiseducatius.xtec.cat\/alturgell\/wp-json\/wp\/v2\/users\/1"}],"replies":[{"embeddable":true,"href":"https:\/\/serveiseducatius.xtec.cat\/alturgell\/wp-json\/wp\/v2\/comments?post=16293"}],"version-history":[{"count":5,"href":"https:\/\/serveiseducatius.xtec.cat\/alturgell\/wp-json\/wp\/v2\/posts\/16293\/revisions"}],"predecessor-version":[{"id":16369,"href":"https:\/\/serveiseducatius.xtec.cat\/alturgell\/wp-json\/wp\/v2\/posts\/16293\/revisions\/16369"}],"wp:featuredmedia":[{"embeddable":true,"href":"https:\/\/serveiseducatius.xtec.cat\/alturgell\/wp-json\/wp\/v2\/media\/16295"}],"wp:attachment":[{"href":"https:\/\/serveiseducatius.xtec.cat\/alturgell\/wp-json\/wp\/v2\/media?parent=16293"}],"wp:term":[{"taxonomy":"category","embeddable":true,"href":"https:\/\/serveiseducatius.xtec.cat\/alturgell\/wp-json\/wp\/v2\/categories?post=16293"},{"taxonomy":"post_tag","embeddable":true,"href":"https:\/\/serveiseducatius.xtec.cat\/alturgell\/wp-json\/wp\/v2\/tags?post=16293"}],"curies":[{"name":"wp","href":"https:\/\/api.w.org\/{rel}","templated":true}]}}