{"id":16084,"date":"2024-02-13T03:22:16","date_gmt":"2024-02-13T02:22:16","guid":{"rendered":"https:\/\/serveiseducatius.xtec.cat\/alturgell\/?p=16084"},"modified":"2024-02-14T09:54:29","modified_gmt":"2024-02-14T08:54:29","slug":"dia-mundial-de-la-radio-2024-llegendes-de-lalt-urgell-a-radioseu","status":"publish","type":"post","link":"https:\/\/serveiseducatius.xtec.cat\/alturgell\/portada\/dia-mundial-de-la-radio-2024-llegendes-de-lalt-urgell-a-radioseu\/","title":{"rendered":"Dia Mundial de la R\u00e0dio 2024. Llegendes de l&#8217;Alt Urgell a R\u00e0dioSeu"},"content":{"rendered":"<p style=\"text-align: justify;\">El 13 de febrer se celebra el <strong>Dia Mundial de la R\u00e0dio<\/strong> i a <strong>R\u00e0dioSeu <\/strong>podeu escoltar, a partir de les <strong>12.10h<\/strong>, el programa especial que han gravat els <strong>centres educatius de l&#8217;Alt Urgell<\/strong> per afegir-se a la celebraci\u00f3 dels 100 anys d&#8217;emissi\u00f3 radiof\u00f2nica a Catalunya.<\/p>\n<p style=\"text-align: justify;\">Us animem a escoltar les hist\u00f2ries i llegendes que han preparat els nois i noies de la comarca en aquesta activitat coordinada pel CRP amb la col\u00b7laboraci\u00f3 de R\u00e0dioSeu.<\/p>\n<p style=\"text-align: justify;\">Volem felicitar tots els centres que han participat d\u2019aquesta proposta per la bona feina feta!<\/p>\n<table style=\"border-collapse: collapse; width: 100%; height: 256px;\">\n<tbody>\n<tr style=\"height: 246px;\">\n<td style=\"width: 50%; height: 246px;\"><a href=\"https:\/\/drive.google.com\/file\/d\/1HVQKIeHcLQryt4ACf3HlBb6pYNra-3c4\/view?usp=sharing\"><img loading=\"lazy\" decoding=\"async\" class=\"alignnone wp-image-16085\" src=\"https:\/\/serveiseducatius.xtec.cat\/alturgell\/wp-content\/uploads\/usu770\/2024\/02\/llegendes-nodes.jpg\" alt=\"\" width=\"440\" height=\"247\" \/><\/a><\/td>\n<td style=\"width: 50%; height: 246px;\"><a href=\"https:\/\/drive.google.com\/file\/d\/1Gr9ey1bGlWGCUuL6WtE5_SzrAAfom9pu\/view?usp=sharing\"><img loading=\"lazy\" decoding=\"async\" class=\"alignnone size-full wp-image-16089\" src=\"https:\/\/serveiseducatius.xtec.cat\/alturgell\/wp-content\/uploads\/usu770\/2024\/02\/video-llegendes.jpg\" alt=\"\" width=\"1117\" height=\"627\" srcset=\"https:\/\/serveiseducatius.xtec.cat\/alturgell\/wp-content\/uploads\/usu770\/2024\/02\/video-llegendes.jpg 1117w, https:\/\/serveiseducatius.xtec.cat\/alturgell\/wp-content\/uploads\/usu770\/2024\/02\/video-llegendes-300x168.jpg 300w, https:\/\/serveiseducatius.xtec.cat\/alturgell\/wp-content\/uploads\/usu770\/2024\/02\/video-llegendes-1024x575.jpg 1024w, https:\/\/serveiseducatius.xtec.cat\/alturgell\/wp-content\/uploads\/usu770\/2024\/02\/video-llegendes-768x431.jpg 768w\" sizes=\"auto, (max-width: 1117px) 100vw, 1117px\" \/><\/a><\/td>\n<\/tr>\n<tr>\n<td style=\"width: 50%; text-align: center;\"><strong><a href=\"https:\/\/drive.google.com\/file\/d\/1HVQKIeHcLQryt4ACf3HlBb6pYNra-3c4\/view?usp=sharing\">PDF amb els textos i els \u00e0udios dels centres<\/a><\/strong><\/td>\n<td style=\"width: 50%; text-align: center;\"><strong>\u00a0\u00a0\u00a0\u00a0\u00a0\u00a0\u00a0 <a href=\"https:\/\/drive.google.com\/file\/d\/1Gr9ey1bGlWGCUuL6WtE5_SzrAAfom9pu\/view?usp=sharing\">V\u00eddeo amb textos i imatges de les gravacions<\/a><\/strong><\/td>\n<\/tr>\n<\/tbody>\n<\/table>\n<p>&nbsp;<\/p>\n<p>I si voleu hist\u00f2ries d&#8217;altres territoris, podeu accedir-hi des dels Nodes dels diferents CRPs que hi han col\u00b7laborat o escoltar l\u2019<strong>emissi\u00f3 en directe del 13 de febrer<\/strong> a la p\u00e0gina del projecte: <a href=\"https:\/\/projectes.xtec.cat\/canaldereporters\/dia-mundial-de-la-radio-100-anys-explicant-histories\/\" target=\"_blank\" rel=\"noopener\">https:\/\/projectes.xtec.cat\/canaldereporters\/13-de-febrer-dia-mundial-de-la-radio-100-anys-explicant-histories\/<\/a><\/p>\n<table>\n<tbody>\n<tr>\n<td><a href=\"https:\/\/serveiseducatius.xtec.cat\/badalona\/categoria\/dinamitzacio\/dia-mundial-de-la-radio\/\"><img loading=\"lazy\" decoding=\"async\" class=\"wp-image-13573\" src=\"https:\/\/projectes.xtec.cat\/canaldereporters\/wp-content\/uploads\/usu2921\/2024\/01\/1.png\" sizes=\"auto, (max-width: 200px) 100vw, 200px\" srcset=\"https:\/\/projectes.xtec.cat\/canaldereporters\/wp-content\/uploads\/usu2921\/2024\/01\/1.png 200w, https:\/\/projectes.xtec.cat\/canaldereporters\/wp-content\/uploads\/usu2921\/2024\/01\/1-150x150.png 150w\" alt=\"\" width=\"200\" height=\"200\" \/><\/a><\/td>\n<td><a href=\"https:\/\/serveiseducatius.xtec.cat\/santadria\/comunitat\/100-anys-explicant-histories\/\"><img loading=\"lazy\" decoding=\"async\" class=\"wp-image-13580\" src=\"https:\/\/projectes.xtec.cat\/canaldereporters\/wp-content\/uploads\/usu2921\/2024\/01\/8.png\" sizes=\"auto, (max-width: 200px) 100vw, 200px\" srcset=\"https:\/\/projectes.xtec.cat\/canaldereporters\/wp-content\/uploads\/usu2921\/2024\/01\/8.png 200w, https:\/\/projectes.xtec.cat\/canaldereporters\/wp-content\/uploads\/usu2921\/2024\/01\/8-150x150.png 150w\" alt=\"\" width=\"200\" height=\"200\" \/><\/a><\/td>\n<td><a href=\"https:\/\/serveiseducatius.xtec.cat\/eixample\/general\/cent-anys-explicant-histories-celebrem-la-radio-escolar\/\"><img loading=\"lazy\" decoding=\"async\" class=\"wp-image-13588\" src=\"https:\/\/projectes.xtec.cat\/canaldereporters\/wp-content\/uploads\/usu2921\/2024\/01\/16.png\" sizes=\"auto, (max-width: 200px) 100vw, 200px\" srcset=\"https:\/\/projectes.xtec.cat\/canaldereporters\/wp-content\/uploads\/usu2921\/2024\/01\/16.png 200w, https:\/\/projectes.xtec.cat\/canaldereporters\/wp-content\/uploads\/usu2921\/2024\/01\/16-150x150.png 150w\" alt=\"\" width=\"200\" height=\"200\" \/><\/a><\/td>\n<td><a href=\"https:\/\/serveiseducatius.xtec.cat\/lescorts\/portada\/100-anys-explicant-histories\/\"><img loading=\"lazy\" decoding=\"async\" class=\"wp-image-13575\" src=\"https:\/\/projectes.xtec.cat\/canaldereporters\/wp-content\/uploads\/usu2921\/2024\/01\/3.png\" sizes=\"auto, (max-width: 200px) 100vw, 200px\" srcset=\"https:\/\/projectes.xtec.cat\/canaldereporters\/wp-content\/uploads\/usu2921\/2024\/01\/3.png 200w, https:\/\/projectes.xtec.cat\/canaldereporters\/wp-content\/uploads\/usu2921\/2024\/01\/3-150x150.png 150w\" alt=\"\" width=\"200\" height=\"200\" \/><\/a><\/td>\n<td><img loading=\"lazy\" decoding=\"async\" class=\"wp-image-13590\" src=\"https:\/\/projectes.xtec.cat\/canaldereporters\/wp-content\/uploads\/usu2921\/2024\/01\/18.png\" sizes=\"auto, (max-width: 200px) 100vw, 200px\" srcset=\"https:\/\/projectes.xtec.cat\/canaldereporters\/wp-content\/uploads\/usu2921\/2024\/01\/18.png 200w, https:\/\/projectes.xtec.cat\/canaldereporters\/wp-content\/uploads\/usu2921\/2024\/01\/18-150x150.png 150w\" alt=\"\" width=\"200\" height=\"200\" \/><\/td>\n<td><a href=\"https:\/\/serveiseducatius.xtec.cat\/vallesoriental2\/categoria\/projectes\/radio-escola\/\"><img loading=\"lazy\" decoding=\"async\" class=\"wp-image-13578\" src=\"https:\/\/projectes.xtec.cat\/canaldereporters\/wp-content\/uploads\/usu2921\/2024\/01\/6.png\" sizes=\"auto, (max-width: 200px) 100vw, 200px\" srcset=\"https:\/\/projectes.xtec.cat\/canaldereporters\/wp-content\/uploads\/usu2921\/2024\/01\/6.png 200w, https:\/\/projectes.xtec.cat\/canaldereporters\/wp-content\/uploads\/usu2921\/2024\/01\/6-150x150.png 150w\" alt=\"\" width=\"200\" height=\"200\" \/><\/a><\/td>\n<td><a href=\"https:\/\/serveiseducatius.xtec.cat\/vallesoccidental3\/categoria\/dinamitzacio\/radio\/\"><img loading=\"lazy\" decoding=\"async\" class=\"wp-image-13592\" src=\"https:\/\/projectes.xtec.cat\/canaldereporters\/wp-content\/uploads\/usu2921\/2024\/01\/20.png\" sizes=\"auto, (max-width: 200px) 100vw, 200px\" srcset=\"https:\/\/projectes.xtec.cat\/canaldereporters\/wp-content\/uploads\/usu2921\/2024\/01\/20.png 200w, https:\/\/projectes.xtec.cat\/canaldereporters\/wp-content\/uploads\/usu2921\/2024\/01\/20-150x150.png 150w\" alt=\"\" width=\"200\" height=\"200\" \/><\/a><\/td>\n<\/tr>\n<tr>\n<td><a href=\"https:\/\/serveiseducatius.xtec.cat\/vallesoriental3\/portada\/100-anys-explicant-histories\/\"><img loading=\"lazy\" decoding=\"async\" class=\"wp-image-13576\" src=\"https:\/\/projectes.xtec.cat\/canaldereporters\/wp-content\/uploads\/usu2921\/2024\/01\/4.png\" sizes=\"auto, (max-width: 200px) 100vw, 200px\" srcset=\"https:\/\/projectes.xtec.cat\/canaldereporters\/wp-content\/uploads\/usu2921\/2024\/01\/4.png 200w, https:\/\/projectes.xtec.cat\/canaldereporters\/wp-content\/uploads\/usu2921\/2024\/01\/4-150x150.png 150w\" alt=\"\" width=\"200\" height=\"200\" \/><\/a><\/td>\n<td><img loading=\"lazy\" decoding=\"async\" class=\"wp-image-13582\" src=\"https:\/\/projectes.xtec.cat\/canaldereporters\/wp-content\/uploads\/usu2921\/2024\/01\/10.png\" sizes=\"auto, (max-width: 200px) 100vw, 200px\" srcset=\"https:\/\/projectes.xtec.cat\/canaldereporters\/wp-content\/uploads\/usu2921\/2024\/01\/10.png 200w, https:\/\/projectes.xtec.cat\/canaldereporters\/wp-content\/uploads\/usu2921\/2024\/01\/10-150x150.png 150w\" alt=\"\" width=\"200\" height=\"200\" \/><\/td>\n<td><a href=\"https:\/\/serveiseducatius.xtec.cat\/vallesoccidental7\/100-anys-de-radio\/\"><img loading=\"lazy\" decoding=\"async\" class=\"wp-image-13583\" src=\"https:\/\/projectes.xtec.cat\/canaldereporters\/wp-content\/uploads\/usu2921\/2024\/01\/11.png\" sizes=\"auto, (max-width: 200px) 100vw, 200px\" srcset=\"https:\/\/projectes.xtec.cat\/canaldereporters\/wp-content\/uploads\/usu2921\/2024\/01\/11.png 200w, https:\/\/projectes.xtec.cat\/canaldereporters\/wp-content\/uploads\/usu2921\/2024\/01\/11-150x150.png 150w\" alt=\"\" width=\"200\" height=\"200\" \/><\/a><\/td>\n<td><a href=\"https:\/\/serveiseducatius.xtec.cat\/baixmaresme\/general\/100-anys-de-radio-100-anys-explicant-histories\/\"><img loading=\"lazy\" decoding=\"async\" class=\"wp-image-13591\" src=\"https:\/\/projectes.xtec.cat\/canaldereporters\/wp-content\/uploads\/usu2921\/2024\/01\/19.png\" sizes=\"auto, (max-width: 200px) 100vw, 200px\" srcset=\"https:\/\/projectes.xtec.cat\/canaldereporters\/wp-content\/uploads\/usu2921\/2024\/01\/19.png 200w, https:\/\/projectes.xtec.cat\/canaldereporters\/wp-content\/uploads\/usu2921\/2024\/01\/19-150x150.png 150w\" alt=\"\" width=\"200\" height=\"200\" \/><\/a><\/td>\n<td><a href=\"https:\/\/serveiseducatius.xtec.cat\/vallesoriental1\/100-anys-explicant-histories\/\"><img loading=\"lazy\" decoding=\"async\" class=\"wp-image-13579\" src=\"https:\/\/projectes.xtec.cat\/canaldereporters\/wp-content\/uploads\/usu2921\/2024\/01\/7.png\" sizes=\"auto, (max-width: 200px) 100vw, 200px\" srcset=\"https:\/\/projectes.xtec.cat\/canaldereporters\/wp-content\/uploads\/usu2921\/2024\/01\/7.png 200w, https:\/\/projectes.xtec.cat\/canaldereporters\/wp-content\/uploads\/usu2921\/2024\/01\/7-150x150.png 150w\" alt=\"\" width=\"200\" height=\"200\" \/><\/a><\/td>\n<td><a href=\"https:\/\/serveiseducatius.xtec.cat\/alturgell\/radio-a-lescola100-anys-explicant-histories\/\"><img loading=\"lazy\" decoding=\"async\" class=\"wp-image-13584\" src=\"https:\/\/projectes.xtec.cat\/canaldereporters\/wp-content\/uploads\/usu2921\/2024\/01\/12.png\" sizes=\"auto, (max-width: 200px) 100vw, 200px\" srcset=\"https:\/\/projectes.xtec.cat\/canaldereporters\/wp-content\/uploads\/usu2921\/2024\/01\/12.png 200w, https:\/\/projectes.xtec.cat\/canaldereporters\/wp-content\/uploads\/usu2921\/2024\/01\/12-150x150.png 150w\" alt=\"\" width=\"200\" height=\"200\" \/><\/a><\/td>\n<td><a href=\"https:\/\/serveiseducatius.xtec.cat\/selva2\/general\/dia-mundial-de-la-radio-100-anys-explicant-histories\/\"><img loading=\"lazy\" decoding=\"async\" class=\"wp-image-13577\" src=\"https:\/\/projectes.xtec.cat\/canaldereporters\/wp-content\/uploads\/usu2921\/2024\/01\/5.png\" sizes=\"auto, (max-width: 200px) 100vw, 200px\" srcset=\"https:\/\/projectes.xtec.cat\/canaldereporters\/wp-content\/uploads\/usu2921\/2024\/01\/5.png 200w, https:\/\/projectes.xtec.cat\/canaldereporters\/wp-content\/uploads\/usu2921\/2024\/01\/5-150x150.png 150w\" alt=\"\" width=\"200\" height=\"200\" \/><\/a><\/td>\n<\/tr>\n<tr>\n<td><a href=\"https:\/\/serveiseducatius.xtec.cat\/pladelestany\/radio-a-lescola-100-anys-explicant-histories\/\" target=\"_blank\" rel=\"noreferrer noopener\"><img loading=\"lazy\" decoding=\"async\" class=\"wp-image-13581\" src=\"https:\/\/projectes.xtec.cat\/canaldereporters\/wp-content\/uploads\/usu2921\/2024\/01\/9.png\" sizes=\"auto, (max-width: 200px) 100vw, 200px\" srcset=\"https:\/\/projectes.xtec.cat\/canaldereporters\/wp-content\/uploads\/usu2921\/2024\/01\/9.png 200w, https:\/\/projectes.xtec.cat\/canaldereporters\/wp-content\/uploads\/usu2921\/2024\/01\/9-150x150.png 150w\" alt=\"\" width=\"200\" height=\"200\" \/><\/a><\/td>\n<td><img loading=\"lazy\" decoding=\"async\" class=\"wp-image-13593\" src=\"https:\/\/projectes.xtec.cat\/canaldereporters\/wp-content\/uploads\/usu2921\/2024\/01\/21.png\" sizes=\"auto, (max-width: 200px) 100vw, 200px\" srcset=\"https:\/\/projectes.xtec.cat\/canaldereporters\/wp-content\/uploads\/usu2921\/2024\/01\/21.png 200w, https:\/\/projectes.xtec.cat\/canaldereporters\/wp-content\/uploads\/usu2921\/2024\/01\/21-150x150.png 150w\" alt=\"\" width=\"200\" height=\"200\" \/><\/td>\n<td><a href=\"https:\/\/serveiseducatius.xtec.cat\/segria\/radio-escolar\/\"><img loading=\"lazy\" decoding=\"async\" class=\"wp-image-13586\" src=\"https:\/\/projectes.xtec.cat\/canaldereporters\/wp-content\/uploads\/usu2921\/2024\/01\/14.png\" sizes=\"auto, (max-width: 200px) 100vw, 200px\" srcset=\"https:\/\/projectes.xtec.cat\/canaldereporters\/wp-content\/uploads\/usu2921\/2024\/01\/14.png 200w, https:\/\/projectes.xtec.cat\/canaldereporters\/wp-content\/uploads\/usu2921\/2024\/01\/14-150x150.png 150w\" alt=\"\" width=\"200\" height=\"200\" \/><\/a><\/td>\n<td><a href=\"https:\/\/serveiseducatius.xtec.cat\/urgell\/radio-a-lescola100-anys-explicant-histories\/\"><img loading=\"lazy\" decoding=\"async\" class=\"wp-image-13585\" src=\"https:\/\/projectes.xtec.cat\/canaldereporters\/wp-content\/uploads\/usu2921\/2024\/01\/13.png\" sizes=\"auto, (max-width: 200px) 100vw, 200px\" srcset=\"https:\/\/projectes.xtec.cat\/canaldereporters\/wp-content\/uploads\/usu2921\/2024\/01\/13.png 200w, https:\/\/projectes.xtec.cat\/canaldereporters\/wp-content\/uploads\/usu2921\/2024\/01\/13-150x150.png 150w\" alt=\"\" width=\"200\" height=\"200\" \/><\/a><\/td>\n<td><a href=\"https:\/\/serveiseducatius.xtec.cat\/altpenedes\/radioalescola\/cent-anys-explicant-histories\/\"><img decoding=\"async\" src=\"https:\/\/projectes.xtec.cat\/canaldereporters\/wp-content\/uploads\/usu2921\/2024\/02\/alt_penedes-1.png\" \/><\/a><\/td>\n<td><a href=\"https:\/\/serveiseducatius.xtec.cat\/vallesoccidental1\/categoria\/dinamitzacio\/radio\/\"><img decoding=\"async\" src=\"https:\/\/projectes.xtec.cat\/canaldereporters\/wp-content\/uploads\/usu2921\/2024\/01\/17.png\" \/><\/a><\/td>\n<td><a href=\"https:\/\/serveiseducatius.xtec.cat\/santacolomag\/100-anys-explicant-histories\/\" target=\"_blank\" rel=\"noreferrer noopener\"><img loading=\"lazy\" decoding=\"async\" class=\"wp-image-13574\" src=\"https:\/\/projectes.xtec.cat\/canaldereporters\/wp-content\/uploads\/usu2921\/2024\/01\/2-1.png\" sizes=\"auto, (max-width: 200px) 100vw, 200px\" srcset=\"https:\/\/projectes.xtec.cat\/canaldereporters\/wp-content\/uploads\/usu2921\/2024\/01\/2-1.png 200w, https:\/\/projectes.xtec.cat\/canaldereporters\/wp-content\/uploads\/usu2921\/2024\/01\/2-1-150x150.png 150w\" alt=\"\" width=\"200\" height=\"200\" \/><\/a><\/td>\n<\/tr>\n<\/tbody>\n<\/table>\n<p><strong>#canaldereporters #100anysradio<\/strong><\/p>\n","protected":false},"excerpt":{"rendered":"<p>El 13 de febrer se celebra el Dia Mundial de la R\u00e0dio i a R\u00e0dioSeu podeu escoltar, a partir de les 12.10h, el programa especial que han gravat els centres educatius de l&#8217;Alt Urgell per afegir-se a la celebraci\u00f3 dels 100 anys d&#8217;emissi\u00f3 radiof\u00f2nica a Catalunya. Us animem a escoltar les hist\u00f2ries i llegendes que [&hellip;]<\/p>\n","protected":false},"author":1,"featured_media":16085,"comment_status":"open","ping_status":"closed","sticky":false,"template":"","format":"standard","meta":{"_bbp_topic_count":0,"_bbp_reply_count":0,"_bbp_total_topic_count":0,"_bbp_total_reply_count":0,"_bbp_voice_count":0,"_bbp_anonymous_reply_count":0,"_bbp_topic_count_hidden":0,"_bbp_reply_count_hidden":0,"_bbp_forum_subforum_count":0,"site-sidebar-layout":"default","site-content-layout":"","ast-site-content-layout":"","site-content-style":"default","site-sidebar-style":"default","ast-global-header-display":"","ast-banner-title-visibility":"","ast-main-header-display":"","ast-hfb-above-header-display":"","ast-hfb-below-header-display":"","ast-hfb-mobile-header-display":"","site-post-title":"","ast-breadcrumbs-content":"","ast-featured-img":"","footer-sml-layout":"","theme-transparent-header-meta":"","adv-header-id-meta":"","stick-header-meta":"","header-above-stick-meta":"","header-main-stick-meta":"","header-below-stick-meta":"","astra-migrate-meta-layouts":"default","ast-page-background-enabled":"default","ast-page-background-meta":{"desktop":{"background-color":"var(--ast-global-color-4)","background-image":"","background-repeat":"repeat","background-position":"center center","background-size":"auto","background-attachment":"scroll","background-type":"","background-media":"","overlay-type":"","overlay-color":"","overlay-opacity":"","overlay-gradient":""},"tablet":{"background-color":"","background-image":"","background-repeat":"repeat","background-position":"center center","background-size":"auto","background-attachment":"scroll","background-type":"","background-media":"","overlay-type":"","overlay-color":"","overlay-opacity":"","overlay-gradient":""},"mobile":{"background-color":"","background-image":"","background-repeat":"repeat","background-position":"center center","background-size":"auto","background-attachment":"scroll","background-type":"","background-media":"","overlay-type":"","overlay-color":"","overlay-opacity":"","overlay-gradient":""}},"ast-content-background-meta":{"desktop":{"background-color":"var(--ast-global-color-5)","background-image":"","background-repeat":"repeat","background-position":"center center","background-size":"auto","background-attachment":"scroll","background-type":"","background-media":"","overlay-type":"","overlay-color":"","overlay-opacity":"","overlay-gradient":""},"tablet":{"background-color":"var(--ast-global-color-5)","background-image":"","background-repeat":"repeat","background-position":"center center","background-size":"auto","background-attachment":"scroll","background-type":"","background-media":"","overlay-type":"","overlay-color":"","overlay-opacity":"","overlay-gradient":""},"mobile":{"background-color":"var(--ast-global-color-5)","background-image":"","background-repeat":"repeat","background-position":"center center","background-size":"auto","background-attachment":"scroll","background-type":"","background-media":"","overlay-type":"","overlay-color":"","overlay-opacity":"","overlay-gradient":""}},"footnotes":""},"categories":[65,66,29,251],"tags":[],"class_list":["post-16084","post","type-post","status-publish","format-standard","has-post-thumbnail","hentry","category-crp","category-dinamitzacio","category-portada","category-radio"],"post_mailing_queue_ids":[],"_links":{"self":[{"href":"https:\/\/serveiseducatius.xtec.cat\/alturgell\/wp-json\/wp\/v2\/posts\/16084","targetHints":{"allow":["GET"]}}],"collection":[{"href":"https:\/\/serveiseducatius.xtec.cat\/alturgell\/wp-json\/wp\/v2\/posts"}],"about":[{"href":"https:\/\/serveiseducatius.xtec.cat\/alturgell\/wp-json\/wp\/v2\/types\/post"}],"author":[{"embeddable":true,"href":"https:\/\/serveiseducatius.xtec.cat\/alturgell\/wp-json\/wp\/v2\/users\/1"}],"replies":[{"embeddable":true,"href":"https:\/\/serveiseducatius.xtec.cat\/alturgell\/wp-json\/wp\/v2\/comments?post=16084"}],"version-history":[{"count":6,"href":"https:\/\/serveiseducatius.xtec.cat\/alturgell\/wp-json\/wp\/v2\/posts\/16084\/revisions"}],"predecessor-version":[{"id":16095,"href":"https:\/\/serveiseducatius.xtec.cat\/alturgell\/wp-json\/wp\/v2\/posts\/16084\/revisions\/16095"}],"wp:featuredmedia":[{"embeddable":true,"href":"https:\/\/serveiseducatius.xtec.cat\/alturgell\/wp-json\/wp\/v2\/media\/16085"}],"wp:attachment":[{"href":"https:\/\/serveiseducatius.xtec.cat\/alturgell\/wp-json\/wp\/v2\/media?parent=16084"}],"wp:term":[{"taxonomy":"category","embeddable":true,"href":"https:\/\/serveiseducatius.xtec.cat\/alturgell\/wp-json\/wp\/v2\/categories?post=16084"},{"taxonomy":"post_tag","embeddable":true,"href":"https:\/\/serveiseducatius.xtec.cat\/alturgell\/wp-json\/wp\/v2\/tags?post=16084"}],"curies":[{"name":"wp","href":"https:\/\/api.w.org\/{rel}","templated":true}]}}