{"id":16062,"date":"2024-02-06T11:26:58","date_gmt":"2024-02-06T10:26:58","guid":{"rendered":"https:\/\/serveiseducatius.xtec.cat\/alturgell\/?p=16062"},"modified":"2024-02-21T09:47:00","modified_gmt":"2024-02-21T08:47:00","slug":"jornada-estudis-postobligatoris-a-la-seu-durgell","status":"publish","type":"post","link":"https:\/\/serveiseducatius.xtec.cat\/alturgell\/portada\/jornada-estudis-postobligatoris-a-la-seu-durgell\/","title":{"rendered":"Jornada Estudis Postobligatoris, a la Seu d&#8217;Urgell"},"content":{"rendered":"<p>El <strong>dijous 29 de febrer<\/strong>, tindr\u00e0 lloc a la Seu d&#8217;Urgell la <strong>Jornada Estudis Postobligatoris<\/strong>. Estar\u00e0 ubicada a la Sala Sant Dom\u00e8nec i oberta de 10 a 15 hores i de 16.30 a 20 hores.<\/p>\n<p>Aquesta fira est\u00e0 adre\u00e7ada als joves que vulguin estudiar a la comarca i a les seves fam\u00edlies i t\u00e9 per objectiu presentar en un espai totes les opcions d&#8217;estudis que s&#8217;ofereixen en el territori.<\/p>\n<p>L&#8217;organitzaci\u00f3 de la jornada va a c\u00e0rrec de l&#8217;Oficina Jove de l&#8217;Alt Urgell, l\u2019Institut Escola d&#8217;Oliana, l&#8217;Institut Joan Brudieu, el Col\u00b7legi la Salle, l&#8217;Escola Agr\u00e0ria del Pirineu, els Serveis Educatius Alt Urgell-Cerdanya, l&#8217;Ajuntament de la Seu d&#8217;Urgell i el Consell Comarcal Alt Urgell.<\/p>\n<p><img loading=\"lazy\" decoding=\"async\" class=\"alignnone size-full wp-image-16063\" src=\"https:\/\/serveiseducatius.xtec.cat\/alturgell\/wp-content\/uploads\/usu770\/2024\/02\/6-2-2024-11.2.19-1.jpg\" alt=\"\" width=\"631\" height=\"880\" srcset=\"https:\/\/serveiseducatius.xtec.cat\/alturgell\/wp-content\/uploads\/usu770\/2024\/02\/6-2-2024-11.2.19-1.jpg 631w, https:\/\/serveiseducatius.xtec.cat\/alturgell\/wp-content\/uploads\/usu770\/2024\/02\/6-2-2024-11.2.19-1-215x300.jpg 215w\" sizes=\"auto, (max-width: 631px) 100vw, 631px\" \/><\/p>\n<p>&nbsp;<\/p>\n<p>&nbsp;<\/p>\n","protected":false},"excerpt":{"rendered":"<p>El dijous 29 de febrer, tindr\u00e0 lloc a la Seu d&#8217;Urgell la Jornada Estudis Postobligatoris. Estar\u00e0 ubicada a la Sala Sant Dom\u00e8nec i oberta de 10 a 15 hores i de 16.30 a 20 hores. Aquesta fira est\u00e0 adre\u00e7ada als joves que vulguin estudiar a la comarca i a les seves fam\u00edlies i t\u00e9 per [&hellip;]<\/p>\n","protected":false},"author":1,"featured_media":16064,"comment_status":"open","ping_status":"closed","sticky":false,"template":"","format":"standard","meta":{"_bbp_topic_count":0,"_bbp_reply_count":0,"_bbp_total_topic_count":0,"_bbp_total_reply_count":0,"_bbp_voice_count":0,"_bbp_anonymous_reply_count":0,"_bbp_topic_count_hidden":0,"_bbp_reply_count_hidden":0,"_bbp_forum_subforum_count":0,"site-sidebar-layout":"default","site-content-layout":"","ast-site-content-layout":"","site-content-style":"default","site-sidebar-style":"default","ast-global-header-display":"","ast-banner-title-visibility":"","ast-main-header-display":"","ast-hfb-above-header-display":"","ast-hfb-below-header-display":"","ast-hfb-mobile-header-display":"","site-post-title":"","ast-breadcrumbs-content":"","ast-featured-img":"","footer-sml-layout":"","theme-transparent-header-meta":"","adv-header-id-meta":"","stick-header-meta":"","header-above-stick-meta":"","header-main-stick-meta":"","header-below-stick-meta":"","astra-migrate-meta-layouts":"default","ast-page-background-enabled":"default","ast-page-background-meta":{"desktop":{"background-color":"var(--ast-global-color-4)","background-image":"","background-repeat":"repeat","background-position":"center center","background-size":"auto","background-attachment":"scroll","background-type":"","background-media":"","overlay-type":"","overlay-color":"","overlay-opacity":"","overlay-gradient":""},"tablet":{"background-color":"","background-image":"","background-repeat":"repeat","background-position":"center center","background-size":"auto","background-attachment":"scroll","background-type":"","background-media":"","overlay-type":"","overlay-color":"","overlay-opacity":"","overlay-gradient":""},"mobile":{"background-color":"","background-image":"","background-repeat":"repeat","background-position":"center center","background-size":"auto","background-attachment":"scroll","background-type":"","background-media":"","overlay-type":"","overlay-color":"","overlay-opacity":"","overlay-gradient":""}},"ast-content-background-meta":{"desktop":{"background-color":"var(--ast-global-color-5)","background-image":"","background-repeat":"repeat","background-position":"center center","background-size":"auto","background-attachment":"scroll","background-type":"","background-media":"","overlay-type":"","overlay-color":"","overlay-opacity":"","overlay-gradient":""},"tablet":{"background-color":"var(--ast-global-color-5)","background-image":"","background-repeat":"repeat","background-position":"center center","background-size":"auto","background-attachment":"scroll","background-type":"","background-media":"","overlay-type":"","overlay-color":"","overlay-opacity":"","overlay-gradient":""},"mobile":{"background-color":"var(--ast-global-color-5)","background-image":"","background-repeat":"repeat","background-position":"center center","background-size":"auto","background-attachment":"scroll","background-type":"","background-media":"","overlay-type":"","overlay-color":"","overlay-opacity":"","overlay-gradient":""}},"footnotes":""},"categories":[64,29,76],"tags":[],"class_list":["post-16062","post","type-post","status-publish","format-standard","has-post-thumbnail","hentry","category-comunitat","category-portada","category-recursos"],"post_mailing_queue_ids":[],"_links":{"self":[{"href":"https:\/\/serveiseducatius.xtec.cat\/alturgell\/wp-json\/wp\/v2\/posts\/16062","targetHints":{"allow":["GET"]}}],"collection":[{"href":"https:\/\/serveiseducatius.xtec.cat\/alturgell\/wp-json\/wp\/v2\/posts"}],"about":[{"href":"https:\/\/serveiseducatius.xtec.cat\/alturgell\/wp-json\/wp\/v2\/types\/post"}],"author":[{"embeddable":true,"href":"https:\/\/serveiseducatius.xtec.cat\/alturgell\/wp-json\/wp\/v2\/users\/1"}],"replies":[{"embeddable":true,"href":"https:\/\/serveiseducatius.xtec.cat\/alturgell\/wp-json\/wp\/v2\/comments?post=16062"}],"version-history":[{"count":1,"href":"https:\/\/serveiseducatius.xtec.cat\/alturgell\/wp-json\/wp\/v2\/posts\/16062\/revisions"}],"predecessor-version":[{"id":16065,"href":"https:\/\/serveiseducatius.xtec.cat\/alturgell\/wp-json\/wp\/v2\/posts\/16062\/revisions\/16065"}],"wp:featuredmedia":[{"embeddable":true,"href":"https:\/\/serveiseducatius.xtec.cat\/alturgell\/wp-json\/wp\/v2\/media\/16064"}],"wp:attachment":[{"href":"https:\/\/serveiseducatius.xtec.cat\/alturgell\/wp-json\/wp\/v2\/media?parent=16062"}],"wp:term":[{"taxonomy":"category","embeddable":true,"href":"https:\/\/serveiseducatius.xtec.cat\/alturgell\/wp-json\/wp\/v2\/categories?post=16062"},{"taxonomy":"post_tag","embeddable":true,"href":"https:\/\/serveiseducatius.xtec.cat\/alturgell\/wp-json\/wp\/v2\/tags?post=16062"}],"curies":[{"name":"wp","href":"https:\/\/api.w.org\/{rel}","templated":true}]}}