{"id":15957,"date":"2024-01-18T18:18:18","date_gmt":"2024-01-18T17:18:18","guid":{"rendered":"https:\/\/serveiseducatius.xtec.cat\/alturgell\/?p=15957"},"modified":"2025-06-12T12:48:30","modified_gmt":"2025-06-12T10:48:30","slug":"la-veu-dels-centres-jornada-destudis-postobligatoris-2","status":"publish","type":"post","link":"https:\/\/serveiseducatius.xtec.cat\/alturgell\/portada\/la-veu-dels-centres-jornada-destudis-postobligatoris-2\/","title":{"rendered":"La veu dels centres: Jornada d&#8217;estudis postobligatoris"},"content":{"rendered":"<p>Avui s&#8217;ha emet a R\u00e0dioSeu un nou programa de la Veu dels centres. En aquesta ocasi\u00f3 <span class=\"x193iq5w xeuugli x13faqbe x1vvkbs x1xmvt09 x1lliihq x1s928wv xhkezso x1gmr53x x1cpjm7i x1fgarty x1943h6x xudqn12 x3x7a5m x6prxxf xvq8zen xo1l8bm xzsf02u x1yc453h\" dir=\"auto\">hem donat a con\u00e8ixer la <strong>Jornada d&#8217;estudis postobligatoris<\/strong> que acollir\u00e0 <strong>la Seu d&#8217;Urgell el 29 de febrer.<\/strong> Amb la participaci\u00f3 d&#8217;Ingrid Colilles, t\u00e8cnica de Joventut de l&#8217;Alt Urgell; Bel\u00e9n Riado, Jaume Maci\u00e0 i Montse Domingo, coordinadora pedag\u00f2gica, coordinador de l&#8217;Itinerari Formatiu Espec\u00edfic i coordinadora de Cicles Formatius de l&#8217;INS Joan Brudieu; i Arnau Mart\u00ednez, coordinador de Cicles Formatius del col\u00b7legi La Salle. <\/span><\/p>\n<p>Podeu escoltar el programa en<strong><a href=\"https:\/\/www.alacarta.radioseu.cat\/programs\/laveudelscentres\/radioseu_podcast_16146\"><span style=\"text-decoration: underline;\"> aquest vincle.<\/span><\/a><\/strong><\/p>\n<p><a href=\"https:\/\/www.alacarta.radioseu.cat\/programs\/laveudelscentres\/radioseu_podcast_16146\"><img loading=\"lazy\" decoding=\"async\" class=\"alignnone size-full wp-image-15960\" src=\"https:\/\/serveiseducatius.xtec.cat\/alturgell\/wp-content\/uploads\/usu770\/2024\/01\/18-1-2024-18.1.32-1.jpg\" alt=\"\" width=\"517\" height=\"48\" srcset=\"https:\/\/serveiseducatius.xtec.cat\/alturgell\/wp-content\/uploads\/usu770\/2024\/01\/18-1-2024-18.1.32-1.jpg 517w, https:\/\/serveiseducatius.xtec.cat\/alturgell\/wp-content\/uploads\/usu770\/2024\/01\/18-1-2024-18.1.32-1-300x28.jpg 300w\" sizes=\"auto, (max-width: 517px) 100vw, 517px\" \/><\/a><\/p>\n<p><img loading=\"lazy\" decoding=\"async\" class=\"x1ey2m1c xds687c x5yr21d x10l6tqk x17qophe x13vifvy xh8yej3 xl1xv1r\" src=\"https:\/\/scontent-bcn1-1.xx.fbcdn.net\/v\/t39.30808-6\/420538366_877183121079305_3598677726390189533_n.jpg?stp=dst-jpg_p180x540&amp;_nc_cat=101&amp;ccb=1-7&amp;_nc_sid=3635dc&amp;_nc_ohc=vyLmrFIOx_oAX-9U3ZW&amp;_nc_ht=scontent-bcn1-1.xx&amp;oh=00_AfDS9pATBHr8GOxfDHI4SQn8EClKNIrC9QOjpsZc-ImkDQ&amp;oe=65AE54F1\" alt=\"Puede ser una imagen de 5 personas, sala de prensa y texto\" width=\"339\" height=\"226\" \/> <img loading=\"lazy\" decoding=\"async\" class=\"alignnone wp-image-15958\" src=\"https:\/\/serveiseducatius.xtec.cat\/alturgell\/wp-content\/uploads\/usu770\/2024\/01\/image0011.png\" alt=\"\" width=\"243\" height=\"257\" \/><\/p>\n","protected":false},"excerpt":{"rendered":"<p>Avui s&#8217;ha emet a R\u00e0dioSeu un nou programa de la Veu dels centres. En aquesta ocasi\u00f3 hem donat a con\u00e8ixer la Jornada d&#8217;estudis postobligatoris que acollir\u00e0 la Seu d&#8217;Urgell el 29 de febrer. Amb la participaci\u00f3 d&#8217;Ingrid Colilles, t\u00e8cnica de Joventut de l&#8217;Alt Urgell; Bel\u00e9n Riado, Jaume Maci\u00e0 i Montse Domingo, coordinadora pedag\u00f2gica, coordinador de [&hellip;]<\/p>\n","protected":false},"author":1,"featured_media":15958,"comment_status":"open","ping_status":"closed","sticky":false,"template":"","format":"standard","meta":{"_bbp_topic_count":0,"_bbp_reply_count":0,"_bbp_total_topic_count":0,"_bbp_total_reply_count":0,"_bbp_voice_count":0,"_bbp_anonymous_reply_count":0,"_bbp_topic_count_hidden":0,"_bbp_reply_count_hidden":0,"_bbp_forum_subforum_count":0,"site-sidebar-layout":"default","site-content-layout":"","ast-site-content-layout":"","site-content-style":"default","site-sidebar-style":"default","ast-global-header-display":"","ast-banner-title-visibility":"","ast-main-header-display":"","ast-hfb-above-header-display":"","ast-hfb-below-header-display":"","ast-hfb-mobile-header-display":"","site-post-title":"","ast-breadcrumbs-content":"","ast-featured-img":"","footer-sml-layout":"","theme-transparent-header-meta":"","adv-header-id-meta":"","stick-header-meta":"","header-above-stick-meta":"","header-main-stick-meta":"","header-below-stick-meta":"","astra-migrate-meta-layouts":"default","ast-page-background-enabled":"default","ast-page-background-meta":{"desktop":{"background-color":"var(--ast-global-color-4)","background-image":"","background-repeat":"repeat","background-position":"center center","background-size":"auto","background-attachment":"scroll","background-type":"","background-media":"","overlay-type":"","overlay-color":"","overlay-opacity":"","overlay-gradient":""},"tablet":{"background-color":"","background-image":"","background-repeat":"repeat","background-position":"center center","background-size":"auto","background-attachment":"scroll","background-type":"","background-media":"","overlay-type":"","overlay-color":"","overlay-opacity":"","overlay-gradient":""},"mobile":{"background-color":"","background-image":"","background-repeat":"repeat","background-position":"center center","background-size":"auto","background-attachment":"scroll","background-type":"","background-media":"","overlay-type":"","overlay-color":"","overlay-opacity":"","overlay-gradient":""}},"ast-content-background-meta":{"desktop":{"background-color":"var(--ast-global-color-5)","background-image":"","background-repeat":"repeat","background-position":"center center","background-size":"auto","background-attachment":"scroll","background-type":"","background-media":"","overlay-type":"","overlay-color":"","overlay-opacity":"","overlay-gradient":""},"tablet":{"background-color":"var(--ast-global-color-5)","background-image":"","background-repeat":"repeat","background-position":"center center","background-size":"auto","background-attachment":"scroll","background-type":"","background-media":"","overlay-type":"","overlay-color":"","overlay-opacity":"","overlay-gradient":""},"mobile":{"background-color":"var(--ast-global-color-5)","background-image":"","background-repeat":"repeat","background-position":"center center","background-size":"auto","background-attachment":"scroll","background-type":"","background-media":"","overlay-type":"","overlay-color":"","overlay-opacity":"","overlay-gradient":""}},"footnotes":""},"categories":[65,252,259,29,251],"tags":[],"class_list":["post-15957","post","type-post","status-publish","format-standard","has-post-thumbnail","hentry","category-crp","category-la-veu-dels-centres","category-la-veu-dels-centres-dinamitzacio","category-portada","category-radio"],"post_mailing_queue_ids":[],"_links":{"self":[{"href":"https:\/\/serveiseducatius.xtec.cat\/alturgell\/wp-json\/wp\/v2\/posts\/15957","targetHints":{"allow":["GET"]}}],"collection":[{"href":"https:\/\/serveiseducatius.xtec.cat\/alturgell\/wp-json\/wp\/v2\/posts"}],"about":[{"href":"https:\/\/serveiseducatius.xtec.cat\/alturgell\/wp-json\/wp\/v2\/types\/post"}],"author":[{"embeddable":true,"href":"https:\/\/serveiseducatius.xtec.cat\/alturgell\/wp-json\/wp\/v2\/users\/1"}],"replies":[{"embeddable":true,"href":"https:\/\/serveiseducatius.xtec.cat\/alturgell\/wp-json\/wp\/v2\/comments?post=15957"}],"version-history":[{"count":1,"href":"https:\/\/serveiseducatius.xtec.cat\/alturgell\/wp-json\/wp\/v2\/posts\/15957\/revisions"}],"predecessor-version":[{"id":15961,"href":"https:\/\/serveiseducatius.xtec.cat\/alturgell\/wp-json\/wp\/v2\/posts\/15957\/revisions\/15961"}],"wp:featuredmedia":[{"embeddable":true,"href":"https:\/\/serveiseducatius.xtec.cat\/alturgell\/wp-json\/wp\/v2\/media\/15958"}],"wp:attachment":[{"href":"https:\/\/serveiseducatius.xtec.cat\/alturgell\/wp-json\/wp\/v2\/media?parent=15957"}],"wp:term":[{"taxonomy":"category","embeddable":true,"href":"https:\/\/serveiseducatius.xtec.cat\/alturgell\/wp-json\/wp\/v2\/categories?post=15957"},{"taxonomy":"post_tag","embeddable":true,"href":"https:\/\/serveiseducatius.xtec.cat\/alturgell\/wp-json\/wp\/v2\/tags?post=15957"}],"curies":[{"name":"wp","href":"https:\/\/api.w.org\/{rel}","templated":true}]}}