{"id":15816,"date":"2023-11-28T11:12:58","date_gmt":"2023-11-28T10:12:58","guid":{"rendered":"https:\/\/serveiseducatius.xtec.cat\/alturgell\/?p=15816"},"modified":"2023-11-28T11:12:58","modified_gmt":"2023-11-28T10:12:58","slug":"coeducacio-audiovisual-drac-magic","status":"publish","type":"post","link":"https:\/\/serveiseducatius.xtec.cat\/alturgell\/portada\/coeducacio-audiovisual-drac-magic\/","title":{"rendered":"Coeducaci\u00f3 audiovisual. Drac M\u00e0gic"},"content":{"rendered":"<p style=\"text-align: justify;\">Mate<a href=\"https:\/\/drive.google.com\/file\/d\/1MxE2mBiettMna4uxyv3_zU5JzVS5u5Cq\/view?usp=sharing\"><img loading=\"lazy\" decoding=\"async\" class=\"alignleft wp-image-967 size-thumbnail\" src=\"http:\/\/blocs.xtec.cat\/coeducacioiigualtat\/files\/2017\/09\/coeducacio\u0301-audiovisual-150x150.png\" sizes=\"auto, (max-width: 150px) 100vw, 150px\" srcset=\"https:\/\/blocs.xtec.cat\/coeducacioiigualtat\/files\/2017\/09\/coeducacio\u0301-audiovisual-150x150.png 150w, https:\/\/blocs.xtec.cat\/coeducacioiigualtat\/files\/2017\/09\/coeducacio\u0301-audiovisual-88x88.png 88w\" alt=\"\" width=\"150\" height=\"150\" \/><\/a>rial elaborat per l\u2019associaci\u00f3 Drac M\u00e0gic, per al <strong>programa Coeduca\u2019t del Departament d\u2019Educaci\u00f3.<\/strong><br \/>\nEl recurs pedag\u00f2gic: Coeducaci\u00f3 i cultural audiovisual est\u00e0 pensat perqu\u00e8 a trav\u00e9s d\u2019un<strong> conjunt de c\u00e0psules formatives<\/strong>, els i les mestres duguin a terme activitats coeducatives a l\u2019aula. El material est\u00e0 format per <strong>4 c\u00e0psules formatives per a cada cicle educatiu: segon cicle d\u2019educaci\u00f3 infantil, cicle inicial, mitj\u00e0 i superior d\u2019educaci\u00f3 prim\u00e0ria, i educaci\u00f3 secund\u00e0ria.<\/strong><br \/>\nCada c\u00e0psula proporciona<strong> materials d\u2019an\u00e0lisi, com ara fragments de pel\u00b7l\u00edcules, publicitat, fotografies, can\u00e7ons<\/strong>, etc, per a oferir-los com a material de treball, tot proposant una din\u00e0mica per a l\u2019aplicaci\u00f3 educativa i suggerint algunes indicacions que en facilitin la interpretaci\u00f3.<\/p>\n<ul>\n<li><a href=\"https:\/\/drive.google.com\/file\/d\/1mXWIhgROLFcZEk4mK9noGqwG4qaKFP5x\/view\" target=\"_blank\" rel=\"noopener\">E Infantil <\/a>(diversitat familiar, descobriment d\u2019emocions, diversitat corporal, tasques de cura)<\/li>\n<li><a href=\"https:\/\/drive.google.com\/file\/d\/1WVzYa9hSEiJSL6zIPrpvewOb7-xjwXoc\/view\" target=\"_blank\" rel=\"noopener\">1r Cicle Prim\u00e0ria<\/a> (diversitat de g\u00e8nere, diversitat familiar, assertivitat i empatia, estereotips de l\u2019amor rom\u00e0ntic)<\/li>\n<li><a href=\"https:\/\/drive.google.com\/file\/d\/14khsf5nep6BIuHX_RBNgErlHVjFB-Zms\/view\" target=\"_blank\" rel=\"noopener\">2n Cicle Prim\u00e0ria<\/a> (prejudicis de g\u00e8nere en les joguines, personatges lliures d\u2019estereotips, diversitat i igualtat, l\u00edmits personals\/reconeixement de desitjos dels altres\/resoluci\u00f3 no violenta dels conflictes)<\/li>\n<li><a href=\"https:\/\/drive.google.com\/file\/d\/1fH967J4c_WusspovOB31mfFpegt9XKSO\/view\" target=\"_blank\" rel=\"noopener\">3r Cicle Prim\u00e0ria<\/a> (Drets Humans i DSiR, feminitat i masculinitat en la publicitat, models de fam\u00edlia, pubertat i desig sexual)<\/li>\n<li><a href=\"https:\/\/drive.google.com\/file\/d\/1a-3alqjNoKq6p7N_dk7e_aV_p3hwXtYV\/view\" target=\"_blank\" rel=\"noopener\">1r Cicle ESO <\/a>(diversitat afectiva i sexual, viol\u00e8ncies masclistes, mites amor rom\u00e0ntic i relacions sexoafectives saludables, autorepresentaci\u00f3\/est\u00e0ndards de bellesa\/autocures\/autoestima)<\/li>\n<li><a href=\"https:\/\/drive.google.com\/file\/d\/1vohx5zpKW4IMIbP-2ldFEqUCEvqQ-L6Z\/view\" target=\"_blank\" rel=\"noopener\">2n Cicle ESO<\/a> (activisme, construcci\u00f3 d\u2019identitats diverses, espai p\u00fablic i espai d\u2019oci, imaginaris sexuals)<\/li>\n<\/ul>\n<p><strong><img loading=\"lazy\" decoding=\"async\" class=\"\" src=\"https:\/\/serveiseducatius.xtec.cat\/alturgell\/wp-content\/uploads\/usu770\/2019\/04\/flecha.gif\" width=\"18\" height=\"20\" \/> <a href=\"https:\/\/blocs.xtec.cat\/coeducacioiigualtat\/2017\/09\/04\/materials-3\/?_ga=2.244635589.1514923541.1700470110-1491984145.1688971704\">Acc\u00e9s al material\u00a0<\/a><\/strong><\/p>\n","protected":false},"excerpt":{"rendered":"<p>Material elaborat per l\u2019associaci\u00f3 Drac M\u00e0gic, per al programa Coeduca\u2019t del Departament d\u2019Educaci\u00f3. El recurs pedag\u00f2gic: Coeducaci\u00f3 i cultural audiovisual est\u00e0 pensat perqu\u00e8 a trav\u00e9s d\u2019un conjunt de c\u00e0psules formatives, els i les mestres duguin a terme activitats coeducatives a l\u2019aula. El material est\u00e0 format per 4 c\u00e0psules formatives per a cada cicle educatiu: segon [&hellip;]<\/p>\n","protected":false},"author":1,"featured_media":15817,"comment_status":"open","ping_status":"closed","sticky":false,"template":"","format":"standard","meta":{"_bbp_topic_count":0,"_bbp_reply_count":0,"_bbp_total_topic_count":0,"_bbp_total_reply_count":0,"_bbp_voice_count":0,"_bbp_anonymous_reply_count":0,"_bbp_topic_count_hidden":0,"_bbp_reply_count_hidden":0,"_bbp_forum_subforum_count":0,"site-sidebar-layout":"default","site-content-layout":"","ast-site-content-layout":"","site-content-style":"default","site-sidebar-style":"default","ast-global-header-display":"","ast-banner-title-visibility":"","ast-main-header-display":"","ast-hfb-above-header-display":"","ast-hfb-below-header-display":"","ast-hfb-mobile-header-display":"","site-post-title":"","ast-breadcrumbs-content":"","ast-featured-img":"","footer-sml-layout":"","theme-transparent-header-meta":"","adv-header-id-meta":"","stick-header-meta":"","header-above-stick-meta":"","header-main-stick-meta":"","header-below-stick-meta":"","astra-migrate-meta-layouts":"default","ast-page-background-enabled":"default","ast-page-background-meta":{"desktop":{"background-color":"var(--ast-global-color-4)","background-image":"","background-repeat":"repeat","background-position":"center center","background-size":"auto","background-attachment":"scroll","background-type":"","background-media":"","overlay-type":"","overlay-color":"","overlay-opacity":"","overlay-gradient":""},"tablet":{"background-color":"","background-image":"","background-repeat":"repeat","background-position":"center center","background-size":"auto","background-attachment":"scroll","background-type":"","background-media":"","overlay-type":"","overlay-color":"","overlay-opacity":"","overlay-gradient":""},"mobile":{"background-color":"","background-image":"","background-repeat":"repeat","background-position":"center center","background-size":"auto","background-attachment":"scroll","background-type":"","background-media":"","overlay-type":"","overlay-color":"","overlay-opacity":"","overlay-gradient":""}},"ast-content-background-meta":{"desktop":{"background-color":"var(--ast-global-color-5)","background-image":"","background-repeat":"repeat","background-position":"center center","background-size":"auto","background-attachment":"scroll","background-type":"","background-media":"","overlay-type":"","overlay-color":"","overlay-opacity":"","overlay-gradient":""},"tablet":{"background-color":"var(--ast-global-color-5)","background-image":"","background-repeat":"repeat","background-position":"center center","background-size":"auto","background-attachment":"scroll","background-type":"","background-media":"","overlay-type":"","overlay-color":"","overlay-opacity":"","overlay-gradient":""},"mobile":{"background-color":"var(--ast-global-color-5)","background-image":"","background-repeat":"repeat","background-position":"center center","background-size":"auto","background-attachment":"scroll","background-type":"","background-media":"","overlay-type":"","overlay-color":"","overlay-opacity":"","overlay-gradient":""}},"footnotes":""},"categories":[199,29,76],"tags":[],"class_list":["post-15816","post","type-post","status-publish","format-standard","has-post-thumbnail","hentry","category-coeducacio","category-portada","category-recursos"],"post_mailing_queue_ids":[],"_links":{"self":[{"href":"https:\/\/serveiseducatius.xtec.cat\/alturgell\/wp-json\/wp\/v2\/posts\/15816","targetHints":{"allow":["GET"]}}],"collection":[{"href":"https:\/\/serveiseducatius.xtec.cat\/alturgell\/wp-json\/wp\/v2\/posts"}],"about":[{"href":"https:\/\/serveiseducatius.xtec.cat\/alturgell\/wp-json\/wp\/v2\/types\/post"}],"author":[{"embeddable":true,"href":"https:\/\/serveiseducatius.xtec.cat\/alturgell\/wp-json\/wp\/v2\/users\/1"}],"replies":[{"embeddable":true,"href":"https:\/\/serveiseducatius.xtec.cat\/alturgell\/wp-json\/wp\/v2\/comments?post=15816"}],"version-history":[{"count":1,"href":"https:\/\/serveiseducatius.xtec.cat\/alturgell\/wp-json\/wp\/v2\/posts\/15816\/revisions"}],"predecessor-version":[{"id":15818,"href":"https:\/\/serveiseducatius.xtec.cat\/alturgell\/wp-json\/wp\/v2\/posts\/15816\/revisions\/15818"}],"wp:featuredmedia":[{"embeddable":true,"href":"https:\/\/serveiseducatius.xtec.cat\/alturgell\/wp-json\/wp\/v2\/media\/15817"}],"wp:attachment":[{"href":"https:\/\/serveiseducatius.xtec.cat\/alturgell\/wp-json\/wp\/v2\/media?parent=15816"}],"wp:term":[{"taxonomy":"category","embeddable":true,"href":"https:\/\/serveiseducatius.xtec.cat\/alturgell\/wp-json\/wp\/v2\/categories?post=15816"},{"taxonomy":"post_tag","embeddable":true,"href":"https:\/\/serveiseducatius.xtec.cat\/alturgell\/wp-json\/wp\/v2\/tags?post=15816"}],"curies":[{"name":"wp","href":"https:\/\/api.w.org\/{rel}","templated":true}]}}