{"id":15792,"date":"2023-11-21T13:17:56","date_gmt":"2023-11-21T12:17:56","guid":{"rendered":"https:\/\/serveiseducatius.xtec.cat\/alturgell\/?p=15792"},"modified":"2023-11-27T08:09:22","modified_gmt":"2023-11-27T07:09:22","slug":"setmana-europea-de-la-prevencio-de-residus-2","status":"publish","type":"post","link":"https:\/\/serveiseducatius.xtec.cat\/alturgell\/portada\/setmana-europea-de-la-prevencio-de-residus-2\/","title":{"rendered":"Setmana Europea de la Prevenci\u00f3 de Residus"},"content":{"rendered":"<p><strong>La Setmana Europea de la Prevenci\u00f3 de Residus<\/strong> tindr\u00e0 lloc del <strong>18 al 26 de novembre de 2023<\/strong> i posa \u00e8mfasi en la import\u00e0ncia de <strong>reduir els envasos<\/strong>. Aquesta proposta neix d\u2019un projecte de 3 anys que rep el suport del programa LIFE+ de la Comissi\u00f3 Europea. L\u2019objectiu \u00e9s organitzar durant una mateixa setmana i arreu d\u2019Europa, accions de sensibilitzaci\u00f3 sobre la prevenci\u00f3 de residus.<br \/>\n<strong>Una Setmana Europea per:<\/strong><\/p>\n<ul>\n<li>Donar a con\u00e8ixer estrat\u00e8gies de reducci\u00f3 de residus i la pol\u00edtica de la Uni\u00f3 Europea i dels seus estats membres en aquesta mat\u00e8ria.<\/li>\n<li>Fomentar accions sostenibles per reduir els residus arreu d\u2019Europa.<\/li>\n<li>Fer p\u00fablic les tasques dutes a terme pels diversos actors mitjan\u00e7ant exemples concrets de reducci\u00f3 de residus.<\/li>\n<li>Fer canviar el comportament quotidi\u00e0 dels europeus (consum, producci\u00f3).<\/li>\n<\/ul>\n<p><strong><a href=\"https:\/\/residus.gencat.cat\/ca\/ambits_dactuacio\/prevencio\/setmana_europea\/\"><img loading=\"lazy\" decoding=\"async\" class=\"\" src=\"https:\/\/serveiseducatius.xtec.cat\/alturgell\/wp-content\/uploads\/usu770\/2019\/04\/flecha.gif\" width=\"18\" height=\"20\" \/>\u00a0 M\u00e9s informaci\u00f3 i recursos<\/a><\/strong><\/p>\n<p><a href=\"https:\/\/residus.gencat.cat\/ca\/ambits_dactuacio\/prevencio\/setmana_europea\/portal_recursos_ewwr_2023\/\"><img loading=\"lazy\" decoding=\"async\" class=\"alignnone wp-image-15795\" src=\"https:\/\/serveiseducatius.xtec.cat\/alturgell\/wp-content\/uploads\/usu770\/2023\/11\/21-11-2023-13.11.51-3.jpg\" alt=\"\" width=\"670\" height=\"375\" srcset=\"https:\/\/serveiseducatius.xtec.cat\/alturgell\/wp-content\/uploads\/usu770\/2023\/11\/21-11-2023-13.11.51-3.jpg 1132w, https:\/\/serveiseducatius.xtec.cat\/alturgell\/wp-content\/uploads\/usu770\/2023\/11\/21-11-2023-13.11.51-3-300x168.jpg 300w, https:\/\/serveiseducatius.xtec.cat\/alturgell\/wp-content\/uploads\/usu770\/2023\/11\/21-11-2023-13.11.51-3-1024x574.jpg 1024w, https:\/\/serveiseducatius.xtec.cat\/alturgell\/wp-content\/uploads\/usu770\/2023\/11\/21-11-2023-13.11.51-3-768x430.jpg 768w\" sizes=\"auto, (max-width: 670px) 100vw, 670px\" \/><\/a><\/p>\n","protected":false},"excerpt":{"rendered":"<p>La Setmana Europea de la Prevenci\u00f3 de Residus tindr\u00e0 lloc del 18 al 26 de novembre de 2023 i posa \u00e8mfasi en la import\u00e0ncia de reduir els envasos. Aquesta proposta neix d\u2019un projecte de 3 anys que rep el suport del programa LIFE+ de la Comissi\u00f3 Europea. L\u2019objectiu \u00e9s organitzar durant una mateixa setmana i [&hellip;]<\/p>\n","protected":false},"author":1,"featured_media":15793,"comment_status":"open","ping_status":"closed","sticky":false,"template":"","format":"standard","meta":{"_bbp_topic_count":0,"_bbp_reply_count":0,"_bbp_total_topic_count":0,"_bbp_total_reply_count":0,"_bbp_voice_count":0,"_bbp_anonymous_reply_count":0,"_bbp_topic_count_hidden":0,"_bbp_reply_count_hidden":0,"_bbp_forum_subforum_count":0,"site-sidebar-layout":"default","site-content-layout":"","ast-site-content-layout":"","site-content-style":"default","site-sidebar-style":"default","ast-global-header-display":"","ast-banner-title-visibility":"","ast-main-header-display":"","ast-hfb-above-header-display":"","ast-hfb-below-header-display":"","ast-hfb-mobile-header-display":"","site-post-title":"","ast-breadcrumbs-content":"","ast-featured-img":"","footer-sml-layout":"","theme-transparent-header-meta":"","adv-header-id-meta":"","stick-header-meta":"","header-above-stick-meta":"","header-main-stick-meta":"","header-below-stick-meta":"","astra-migrate-meta-layouts":"default","ast-page-background-enabled":"default","ast-page-background-meta":{"desktop":{"background-color":"var(--ast-global-color-4)","background-image":"","background-repeat":"repeat","background-position":"center center","background-size":"auto","background-attachment":"scroll","background-type":"","background-media":"","overlay-type":"","overlay-color":"","overlay-opacity":"","overlay-gradient":""},"tablet":{"background-color":"","background-image":"","background-repeat":"repeat","background-position":"center center","background-size":"auto","background-attachment":"scroll","background-type":"","background-media":"","overlay-type":"","overlay-color":"","overlay-opacity":"","overlay-gradient":""},"mobile":{"background-color":"","background-image":"","background-repeat":"repeat","background-position":"center center","background-size":"auto","background-attachment":"scroll","background-type":"","background-media":"","overlay-type":"","overlay-color":"","overlay-opacity":"","overlay-gradient":""}},"ast-content-background-meta":{"desktop":{"background-color":"var(--ast-global-color-5)","background-image":"","background-repeat":"repeat","background-position":"center center","background-size":"auto","background-attachment":"scroll","background-type":"","background-media":"","overlay-type":"","overlay-color":"","overlay-opacity":"","overlay-gradient":""},"tablet":{"background-color":"var(--ast-global-color-5)","background-image":"","background-repeat":"repeat","background-position":"center center","background-size":"auto","background-attachment":"scroll","background-type":"","background-media":"","overlay-type":"","overlay-color":"","overlay-opacity":"","overlay-gradient":""},"mobile":{"background-color":"var(--ast-global-color-5)","background-image":"","background-repeat":"repeat","background-position":"center center","background-size":"auto","background-attachment":"scroll","background-type":"","background-media":"","overlay-type":"","overlay-color":"","overlay-opacity":"","overlay-gradient":""}},"footnotes":""},"categories":[64,177,29,76],"tags":[],"class_list":["post-15792","post","type-post","status-publish","format-standard","has-post-thumbnail","hentry","category-comunitat","category-escoles-verdes","category-portada","category-recursos"],"post_mailing_queue_ids":[],"_links":{"self":[{"href":"https:\/\/serveiseducatius.xtec.cat\/alturgell\/wp-json\/wp\/v2\/posts\/15792","targetHints":{"allow":["GET"]}}],"collection":[{"href":"https:\/\/serveiseducatius.xtec.cat\/alturgell\/wp-json\/wp\/v2\/posts"}],"about":[{"href":"https:\/\/serveiseducatius.xtec.cat\/alturgell\/wp-json\/wp\/v2\/types\/post"}],"author":[{"embeddable":true,"href":"https:\/\/serveiseducatius.xtec.cat\/alturgell\/wp-json\/wp\/v2\/users\/1"}],"replies":[{"embeddable":true,"href":"https:\/\/serveiseducatius.xtec.cat\/alturgell\/wp-json\/wp\/v2\/comments?post=15792"}],"version-history":[{"count":2,"href":"https:\/\/serveiseducatius.xtec.cat\/alturgell\/wp-json\/wp\/v2\/posts\/15792\/revisions"}],"predecessor-version":[{"id":15796,"href":"https:\/\/serveiseducatius.xtec.cat\/alturgell\/wp-json\/wp\/v2\/posts\/15792\/revisions\/15796"}],"wp:featuredmedia":[{"embeddable":true,"href":"https:\/\/serveiseducatius.xtec.cat\/alturgell\/wp-json\/wp\/v2\/media\/15793"}],"wp:attachment":[{"href":"https:\/\/serveiseducatius.xtec.cat\/alturgell\/wp-json\/wp\/v2\/media?parent=15792"}],"wp:term":[{"taxonomy":"category","embeddable":true,"href":"https:\/\/serveiseducatius.xtec.cat\/alturgell\/wp-json\/wp\/v2\/categories?post=15792"},{"taxonomy":"post_tag","embeddable":true,"href":"https:\/\/serveiseducatius.xtec.cat\/alturgell\/wp-json\/wp\/v2\/tags?post=15792"}],"curies":[{"name":"wp","href":"https:\/\/api.w.org\/{rel}","templated":true}]}}