{"id":15546,"date":"2023-09-12T13:12:49","date_gmt":"2023-09-12T11:12:49","guid":{"rendered":"https:\/\/serveiseducatius.xtec.cat\/alturgell\/?p=15546"},"modified":"2023-09-12T13:12:49","modified_gmt":"2023-09-12T11:12:49","slug":"exposicio-roda-pedal-i-pinyo-historia-del-ciclisme-a-lalt-urgell","status":"publish","type":"post","link":"https:\/\/serveiseducatius.xtec.cat\/alturgell\/portada\/exposicio-roda-pedal-i-pinyo-historia-del-ciclisme-a-lalt-urgell\/","title":{"rendered":"Exposici\u00f3 \u201cRoda, Pedal i Piny\u00f3. Hist\u00f2ria del ciclisme a l\u2019Alt Urgell\u201d"},"content":{"rendered":"<p style=\"text-align: justify;\">El dimecres<strong> 13 de setembre, a les 19:30h<\/strong>, es portar\u00e0 a terme una visita guiada gratu\u00efta a l\u2019exposici\u00f3 <strong>\u201cRoda, Pedal i Piny\u00f3. Hist\u00f2ria del ciclisme a l\u2019Alt Urgell\u201d<\/strong>, exposada a la <strong>sala Sant Dom\u00e8nec<\/strong> de la Seu d\u2019Urgell fins al <strong>15 d\u2019octubre<\/strong>. La visita ser\u00e0 a c\u00e0rrec de l\u2019historiador<strong> Pau Chica.<\/strong><\/p>\n<p style=\"text-align: justify;\">L\u2019exposici\u00f3 <em>\u201cRoda, Pedal i Piny\u00f3. Hist\u00f2ria del ciclisme a l\u2019Alt Urgell\u201d <\/em>\u00e9s un recorregut hist\u00f2ric des de la invenci\u00f3 de la bicicleta fins a l\u2019actualitat. Un circuit tra\u00e7at pels grans esdeveniments esportius al seu pas per l\u2019Alt Urgell i tamb\u00e9 fent \u00e8mfasi en la promoci\u00f3 local que s\u2019ha fet del ciclisme a trav\u00e9s de la Penya Urgellet i la Copa Seguros L\u2019Union.<\/p>\n<p>En l\u2019organitzaci\u00f3 de la visita guiada tamb\u00e9 hi ha col\u00b7laborat l\u2019<strong><a href=\"https:\/\/espaiermengol.cat\/\" data-saferedirecturl=\"https:\/\/www.google.com\/url?q=https:\/\/espaiermengol.cat\/&amp;source=gmail&amp;ust=1694247384659000&amp;usg=AOvVaw0U09xhZujICY59vrrabe4Y\">Espai Ermengol<\/a> <\/strong>amb l\u2019objectiu d\u2019apropar-la als docents del territori perqu\u00e8 puguin fer-ne \u00fas a les seves aules.<\/p>\n<p>Horari de visites: dimarts a divendres de 11 a 14h i de 18 a 21h; dissabtes de 10 a 14 i de 18 a 21 h i diumenges de 10 a 14h<\/p>\n<p>&nbsp;<\/p>\n<p><img loading=\"lazy\" decoding=\"async\" class=\"alignnone size-full wp-image-15551\" src=\"https:\/\/serveiseducatius.xtec.cat\/alturgell\/wp-content\/uploads\/usu770\/2023\/09\/12-9-2023-13.9.20-3.jpg\" alt=\"\" width=\"550\" height=\"785\" srcset=\"https:\/\/serveiseducatius.xtec.cat\/alturgell\/wp-content\/uploads\/usu770\/2023\/09\/12-9-2023-13.9.20-3.jpg 550w, https:\/\/serveiseducatius.xtec.cat\/alturgell\/wp-content\/uploads\/usu770\/2023\/09\/12-9-2023-13.9.20-3-210x300.jpg 210w\" sizes=\"auto, (max-width: 550px) 100vw, 550px\" \/><\/p>\n","protected":false},"excerpt":{"rendered":"<p>El dimecres 13 de setembre, a les 19:30h, es portar\u00e0 a terme una visita guiada gratu\u00efta a l\u2019exposici\u00f3 \u201cRoda, Pedal i Piny\u00f3. Hist\u00f2ria del ciclisme a l\u2019Alt Urgell\u201d, exposada a la sala Sant Dom\u00e8nec de la Seu d\u2019Urgell fins al 15 d\u2019octubre. La visita ser\u00e0 a c\u00e0rrec de l\u2019historiador Pau Chica. L\u2019exposici\u00f3 \u201cRoda, Pedal i [&hellip;]<\/p>\n","protected":false},"author":1,"featured_media":15547,"comment_status":"open","ping_status":"closed","sticky":false,"template":"","format":"standard","meta":{"_bbp_topic_count":0,"_bbp_reply_count":0,"_bbp_total_topic_count":0,"_bbp_total_reply_count":0,"_bbp_voice_count":0,"_bbp_anonymous_reply_count":0,"_bbp_topic_count_hidden":0,"_bbp_reply_count_hidden":0,"_bbp_forum_subforum_count":0,"site-sidebar-layout":"default","site-content-layout":"","ast-site-content-layout":"","site-content-style":"default","site-sidebar-style":"default","ast-global-header-display":"","ast-banner-title-visibility":"","ast-main-header-display":"","ast-hfb-above-header-display":"","ast-hfb-below-header-display":"","ast-hfb-mobile-header-display":"","site-post-title":"","ast-breadcrumbs-content":"","ast-featured-img":"","footer-sml-layout":"","theme-transparent-header-meta":"","adv-header-id-meta":"","stick-header-meta":"","header-above-stick-meta":"","header-main-stick-meta":"","header-below-stick-meta":"","astra-migrate-meta-layouts":"default","ast-page-background-enabled":"default","ast-page-background-meta":{"desktop":{"background-color":"var(--ast-global-color-4)","background-image":"","background-repeat":"repeat","background-position":"center center","background-size":"auto","background-attachment":"scroll","background-type":"","background-media":"","overlay-type":"","overlay-color":"","overlay-opacity":"","overlay-gradient":""},"tablet":{"background-color":"","background-image":"","background-repeat":"repeat","background-position":"center center","background-size":"auto","background-attachment":"scroll","background-type":"","background-media":"","overlay-type":"","overlay-color":"","overlay-opacity":"","overlay-gradient":""},"mobile":{"background-color":"","background-image":"","background-repeat":"repeat","background-position":"center center","background-size":"auto","background-attachment":"scroll","background-type":"","background-media":"","overlay-type":"","overlay-color":"","overlay-opacity":"","overlay-gradient":""}},"ast-content-background-meta":{"desktop":{"background-color":"var(--ast-global-color-5)","background-image":"","background-repeat":"repeat","background-position":"center center","background-size":"auto","background-attachment":"scroll","background-type":"","background-media":"","overlay-type":"","overlay-color":"","overlay-opacity":"","overlay-gradient":""},"tablet":{"background-color":"var(--ast-global-color-5)","background-image":"","background-repeat":"repeat","background-position":"center center","background-size":"auto","background-attachment":"scroll","background-type":"","background-media":"","overlay-type":"","overlay-color":"","overlay-opacity":"","overlay-gradient":""},"mobile":{"background-color":"var(--ast-global-color-5)","background-image":"","background-repeat":"repeat","background-position":"center center","background-size":"auto","background-attachment":"scroll","background-type":"","background-media":"","overlay-type":"","overlay-color":"","overlay-opacity":"","overlay-gradient":""}},"footnotes":""},"categories":[29],"tags":[],"class_list":["post-15546","post","type-post","status-publish","format-standard","has-post-thumbnail","hentry","category-portada"],"post_mailing_queue_ids":[],"_links":{"self":[{"href":"https:\/\/serveiseducatius.xtec.cat\/alturgell\/wp-json\/wp\/v2\/posts\/15546","targetHints":{"allow":["GET"]}}],"collection":[{"href":"https:\/\/serveiseducatius.xtec.cat\/alturgell\/wp-json\/wp\/v2\/posts"}],"about":[{"href":"https:\/\/serveiseducatius.xtec.cat\/alturgell\/wp-json\/wp\/v2\/types\/post"}],"author":[{"embeddable":true,"href":"https:\/\/serveiseducatius.xtec.cat\/alturgell\/wp-json\/wp\/v2\/users\/1"}],"replies":[{"embeddable":true,"href":"https:\/\/serveiseducatius.xtec.cat\/alturgell\/wp-json\/wp\/v2\/comments?post=15546"}],"version-history":[{"count":1,"href":"https:\/\/serveiseducatius.xtec.cat\/alturgell\/wp-json\/wp\/v2\/posts\/15546\/revisions"}],"predecessor-version":[{"id":15552,"href":"https:\/\/serveiseducatius.xtec.cat\/alturgell\/wp-json\/wp\/v2\/posts\/15546\/revisions\/15552"}],"wp:featuredmedia":[{"embeddable":true,"href":"https:\/\/serveiseducatius.xtec.cat\/alturgell\/wp-json\/wp\/v2\/media\/15547"}],"wp:attachment":[{"href":"https:\/\/serveiseducatius.xtec.cat\/alturgell\/wp-json\/wp\/v2\/media?parent=15546"}],"wp:term":[{"taxonomy":"category","embeddable":true,"href":"https:\/\/serveiseducatius.xtec.cat\/alturgell\/wp-json\/wp\/v2\/categories?post=15546"},{"taxonomy":"post_tag","embeddable":true,"href":"https:\/\/serveiseducatius.xtec.cat\/alturgell\/wp-json\/wp\/v2\/tags?post=15546"}],"curies":[{"name":"wp","href":"https:\/\/api.w.org\/{rel}","templated":true}]}}