{"id":15417,"date":"2023-06-27T12:15:21","date_gmt":"2023-06-27T10:15:21","guid":{"rendered":"https:\/\/serveiseducatius.xtec.cat\/alturgell\/?p=15417"},"modified":"2023-06-27T12:16:32","modified_gmt":"2023-06-27T10:16:32","slug":"fundacio-barca-recursos-gratuits-per-prevenir-la-violencia-a-primaria","status":"publish","type":"post","link":"https:\/\/serveiseducatius.xtec.cat\/alturgell\/portada\/fundacio-barca-recursos-gratuits-per-prevenir-la-violencia-a-primaria\/","title":{"rendered":"Fundaci\u00f3 Bar\u00e7a. Recursos gratu\u00efts per prevenir la viol\u00e8ncia a prim\u00e0ria"},"content":{"rendered":"<p style=\"text-align: justify;\">La <strong>Fundaci\u00f3 Bar\u00e7a\u00a0<\/strong>pel <b>curs 23-24<\/b>\u00a0amplia els\u00a0<b>recursos<\/b><b> educatius de prevenci\u00f3 de la viol\u00e8ncia <\/b>per <strong>escoles de prim\u00e0ria<\/strong> i posa a la vostra disposici\u00f3 aquest\u00a0dos programes gratu\u00efts:<\/p>\n<ol>\n<li><b>Programa ESCOLA sense VIOL\u00c8NCIES<\/b>\u00a0per\u00a0<b>prevenir, detectar i actuar\u00a0<\/b>davant qualsevol forma de viol\u00e8ncia\u00a0que pugui patir un infant o adolescent i promoure un entorn segur i protector per als nens i nenes.<\/li>\n<\/ol>\n<p style=\"font-weight: 400;\">Aquest programa inclou:<\/p>\n<ul style=\"list-style-type: circle;\">\n<li style=\"font-weight: 400;\">Formaci\u00f3 espec\u00edfica pel claustre per la detecci\u00f3 i actuaci\u00f3 davant qualsevol forma de viol\u00e8ncia a la inf\u00e0ncia.\u00a0Formaci\u00f3 d\u2019especial inter\u00e8s per al\u00a0<strong>vostre referent &#8211; Coordinaci\u00f3 de Benestar del Centre<\/strong>\u00a0(tal com indica\u00a0<a href=\"https:\/\/www.boe.es\/buscar\/act.php?id=BOE-A-2021-9347\" data-saferedirecturl=\"https:\/\/www.google.com\/url?q=https:\/\/www.boe.es\/buscar\/act.php?id%3DBOE-A-2021-9347&amp;source=gmail&amp;ust=1687936042910000&amp;usg=AOvVaw2BKpA2Z_PlYsyAdY0DTDTa\">la LOPIVI<\/a> &#8211; d\u2019obligat compliment).<\/li>\n<li style=\"font-weight: 400;\">Sessions d&#8217;autoprotecci\u00f3 per als alumnes de\u00a0<strong>3r i 4t<\/strong>, i recordatori per 5\u00e8 i 6\u00e8 a aplicar des de tutories i Ed. F\u00edsica<\/li>\n<li style=\"font-weight: 400;\">Recursos per a les fam\u00edlies<\/li>\n<li style=\"font-weight: 400;\">Acompanyament per la implementaci\u00f3 del programa<\/li>\n<\/ul>\n<p><strong><span style=\"color: #ff0000;\"><a style=\"color: #ff0000;\" href=\"https:\/\/escolasenseviolencies.fundacio.fcbarcelona.cat\/intranet\/solicitud\">\u00a0 \u00a0Sol\u00b7licitar el Programa<\/a><\/span><\/strong><\/p>\n<p style=\"text-align: justify;\"><b>2. Programa Contra el Bullying <\/b>5a edici\u00f3.\u00a0<b>Metodologia de prevenci\u00f3 de l&#8217;assetjament escolar<\/b>\u00a0testada en 26 escoles de prim\u00e0ria i 5.000 infants \u00a0durant dos anys, i que redueix en un 35,8% les v\u00edctimes de bullying i en un 61% les de ciberbullying.<\/p>\n<p style=\"font-weight: 400;\">Aquest programa inclou:<\/p>\n<ul style=\"list-style-type: circle;\">\n<li style=\"font-weight: 400;\">Metodologia d\u2019efectivitat contrastada amb evid\u00e8ncia cient\u00edfica<\/li>\n<li style=\"font-weight: 400;\">Formaci\u00f3 sobre bullying pel personal docent i no docent del centre<\/li>\n<li style=\"font-weight: 400;\">Sessions\u00a0<strong>de 1r a 6\u00e8<\/strong>\u00a0a aplicar des de tutories, Ed. F\u00edsica i Ed. Art\u00edstica<\/li>\n<li style=\"font-weight: 400;\">Recursos per a les fam\u00edlies<\/li>\n<li style=\"font-weight: 400;\">Informe sobre estat de conviv\u00e8ncia al centre<\/li>\n<li style=\"font-weight: 400;\">Acompanyament per la implementaci\u00f3 del programa<\/li>\n<\/ul>\n<p><a href=\"https:\/\/contraelbullying.fundacio.fcbarcelona.cat\/intranet\/solicitud\"><span style=\"color: #ff0000;\"><strong>Sol\u00b7licitar el programa<\/strong><\/span><\/a><\/p>\n<p><strong><a href=\"https:\/\/fundacio.fcbarcelona.cat\/programes-i-metodologies\"><img loading=\"lazy\" decoding=\"async\" class=\"\" src=\"https:\/\/serveiseducatius.xtec.cat\/alturgell\/wp-content\/uploads\/usu770\/2019\/04\/flecha.gif\" width=\"18\" height=\"20\" \/> M\u00e9s informaci\u00f3\u00a0<\/a><\/strong><\/p>\n","protected":false},"excerpt":{"rendered":"<p>La Fundaci\u00f3 Bar\u00e7a\u00a0pel curs 23-24\u00a0amplia els\u00a0recursos educatius de prevenci\u00f3 de la viol\u00e8ncia per escoles de prim\u00e0ria i posa a la vostra disposici\u00f3 aquest\u00a0dos programes gratu\u00efts: Programa ESCOLA sense VIOL\u00c8NCIES\u00a0per\u00a0prevenir, detectar i actuar\u00a0davant qualsevol forma de viol\u00e8ncia\u00a0que pugui patir un infant o adolescent i promoure un entorn segur i protector per als nens i nenes. Aquest [&hellip;]<\/p>\n","protected":false},"author":1,"featured_media":15418,"comment_status":"open","ping_status":"closed","sticky":false,"template":"","format":"standard","meta":{"_bbp_topic_count":0,"_bbp_reply_count":0,"_bbp_total_topic_count":0,"_bbp_total_reply_count":0,"_bbp_voice_count":0,"_bbp_anonymous_reply_count":0,"_bbp_topic_count_hidden":0,"_bbp_reply_count_hidden":0,"_bbp_forum_subforum_count":0,"site-sidebar-layout":"default","site-content-layout":"","ast-site-content-layout":"","site-content-style":"default","site-sidebar-style":"default","ast-global-header-display":"","ast-banner-title-visibility":"","ast-main-header-display":"","ast-hfb-above-header-display":"","ast-hfb-below-header-display":"","ast-hfb-mobile-header-display":"","site-post-title":"","ast-breadcrumbs-content":"","ast-featured-img":"","footer-sml-layout":"","theme-transparent-header-meta":"","adv-header-id-meta":"","stick-header-meta":"","header-above-stick-meta":"","header-main-stick-meta":"","header-below-stick-meta":"","astra-migrate-meta-layouts":"default","ast-page-background-enabled":"default","ast-page-background-meta":{"desktop":{"background-color":"var(--ast-global-color-4)","background-image":"","background-repeat":"repeat","background-position":"center center","background-size":"auto","background-attachment":"scroll","background-type":"","background-media":"","overlay-type":"","overlay-color":"","overlay-opacity":"","overlay-gradient":""},"tablet":{"background-color":"","background-image":"","background-repeat":"repeat","background-position":"center center","background-size":"auto","background-attachment":"scroll","background-type":"","background-media":"","overlay-type":"","overlay-color":"","overlay-opacity":"","overlay-gradient":""},"mobile":{"background-color":"","background-image":"","background-repeat":"repeat","background-position":"center center","background-size":"auto","background-attachment":"scroll","background-type":"","background-media":"","overlay-type":"","overlay-color":"","overlay-opacity":"","overlay-gradient":""}},"ast-content-background-meta":{"desktop":{"background-color":"var(--ast-global-color-5)","background-image":"","background-repeat":"repeat","background-position":"center center","background-size":"auto","background-attachment":"scroll","background-type":"","background-media":"","overlay-type":"","overlay-color":"","overlay-opacity":"","overlay-gradient":""},"tablet":{"background-color":"var(--ast-global-color-5)","background-image":"","background-repeat":"repeat","background-position":"center center","background-size":"auto","background-attachment":"scroll","background-type":"","background-media":"","overlay-type":"","overlay-color":"","overlay-opacity":"","overlay-gradient":""},"mobile":{"background-color":"var(--ast-global-color-5)","background-image":"","background-repeat":"repeat","background-position":"center center","background-size":"auto","background-attachment":"scroll","background-type":"","background-media":"","overlay-type":"","overlay-color":"","overlay-opacity":"","overlay-gradient":""}},"footnotes":""},"categories":[29,76],"tags":[],"class_list":["post-15417","post","type-post","status-publish","format-standard","has-post-thumbnail","hentry","category-portada","category-recursos"],"post_mailing_queue_ids":[],"_links":{"self":[{"href":"https:\/\/serveiseducatius.xtec.cat\/alturgell\/wp-json\/wp\/v2\/posts\/15417","targetHints":{"allow":["GET"]}}],"collection":[{"href":"https:\/\/serveiseducatius.xtec.cat\/alturgell\/wp-json\/wp\/v2\/posts"}],"about":[{"href":"https:\/\/serveiseducatius.xtec.cat\/alturgell\/wp-json\/wp\/v2\/types\/post"}],"author":[{"embeddable":true,"href":"https:\/\/serveiseducatius.xtec.cat\/alturgell\/wp-json\/wp\/v2\/users\/1"}],"replies":[{"embeddable":true,"href":"https:\/\/serveiseducatius.xtec.cat\/alturgell\/wp-json\/wp\/v2\/comments?post=15417"}],"version-history":[{"count":1,"href":"https:\/\/serveiseducatius.xtec.cat\/alturgell\/wp-json\/wp\/v2\/posts\/15417\/revisions"}],"predecessor-version":[{"id":15419,"href":"https:\/\/serveiseducatius.xtec.cat\/alturgell\/wp-json\/wp\/v2\/posts\/15417\/revisions\/15419"}],"wp:featuredmedia":[{"embeddable":true,"href":"https:\/\/serveiseducatius.xtec.cat\/alturgell\/wp-json\/wp\/v2\/media\/15418"}],"wp:attachment":[{"href":"https:\/\/serveiseducatius.xtec.cat\/alturgell\/wp-json\/wp\/v2\/media?parent=15417"}],"wp:term":[{"taxonomy":"category","embeddable":true,"href":"https:\/\/serveiseducatius.xtec.cat\/alturgell\/wp-json\/wp\/v2\/categories?post=15417"},{"taxonomy":"post_tag","embeddable":true,"href":"https:\/\/serveiseducatius.xtec.cat\/alturgell\/wp-json\/wp\/v2\/tags?post=15417"}],"curies":[{"name":"wp","href":"https:\/\/api.w.org\/{rel}","templated":true}]}}