{"id":1536,"date":"2017-06-01T13:36:21","date_gmt":"2017-06-01T11:36:21","guid":{"rendered":"http:\/\/serveiseducatius.xtec.cat\/alturgell\/?p=1536"},"modified":"2018-01-09T11:24:05","modified_gmt":"2018-01-09T10:24:05","slug":"iv-jocs-florals-escolars-de-catalunya","status":"publish","type":"post","link":"https:\/\/serveiseducatius.xtec.cat\/alturgell\/portada\/iv-jocs-florals-escolars-de-catalunya\/","title":{"rendered":"IV Jocs Florals escolars de Catalunya"},"content":{"rendered":"<p>Una <img loading=\"lazy\" decoding=\"async\" class=\"alignleft\" src=\"https:\/\/serveiseducatius.xtec.cat\/urgell\/wp-content\/uploads\/usu1142\/2015\/11\/jocsflorals.jpg\" width=\"225\" height=\"226\" \/>any m\u00e9s l&#8217;alumnat dels centres ha participat activament en aquest concurs que aquest any ha incl\u00f2s la nova modalitat del conte audiovisual.<\/p>\n<p>Els treballs guanyadors\u00a0 que passen a la fase territorial de Lleida s\u00f3n:<\/p>\n<ul style=\"list-style-type: square;\">\n<li>Guanyadora de Cicle Inicial: Jana Vilana de l\u2019escola La Valira.<\/li>\n<li>Guanyadora de Cicle Mitj\u00e0: Jana Pubill de l\u2019Escola La Valira<\/li>\n<li>Guanyadora de Cicle Superior: Laia Sell\u00e9s de l\u2019Escola Portella Blanca<\/li>\n<li>Guanyadors de \u201cconte audiovisual il\u00b7lustrat\u201d: Classe de primer de Prim\u00e0ria de l\u2019escola Pau Claris<\/li>\n<\/ul>\n<p>En aquesta edici\u00f3 han participat al certamen gaireb\u00e9 5.900 alumnes de 60 centres educatius de la demarcaci\u00f3 de Lleida, la qual cosa representa un augment de participaci\u00f3 del 20% respecte a l\u2019edici\u00f3 del curs passat.<\/p>\n<p>&nbsp;<\/p>\n","protected":false},"excerpt":{"rendered":"<p>Una any m\u00e9s l&#8217;alumnat dels centres ha participat activament en aquest concurs que aquest any ha incl\u00f2s la nova modalitat del conte audiovisual. Els treballs guanyadors\u00a0 que passen a la fase territorial de Lleida s\u00f3n: Guanyadora de Cicle Inicial: Jana Vilana de l\u2019escola La Valira. Guanyadora de Cicle Mitj\u00e0: Jana Pubill de l\u2019Escola La Valira [&hellip;]<\/p>\n","protected":false},"author":1,"featured_media":1537,"comment_status":"open","ping_status":"closed","sticky":false,"template":"","format":"standard","meta":{"_bbp_topic_count":0,"_bbp_reply_count":0,"_bbp_total_topic_count":0,"_bbp_total_reply_count":0,"_bbp_voice_count":0,"_bbp_anonymous_reply_count":0,"_bbp_topic_count_hidden":0,"_bbp_reply_count_hidden":0,"_bbp_forum_subforum_count":0,"site-sidebar-layout":"default","site-content-layout":"","ast-site-content-layout":"","site-content-style":"default","site-sidebar-style":"default","ast-global-header-display":"","ast-banner-title-visibility":"","ast-main-header-display":"","ast-hfb-above-header-display":"","ast-hfb-below-header-display":"","ast-hfb-mobile-header-display":"","site-post-title":"","ast-breadcrumbs-content":"","ast-featured-img":"","footer-sml-layout":"","theme-transparent-header-meta":"","adv-header-id-meta":"","stick-header-meta":"","header-above-stick-meta":"","header-main-stick-meta":"","header-below-stick-meta":"","astra-migrate-meta-layouts":"default","ast-page-background-enabled":"default","ast-page-background-meta":{"desktop":{"background-color":"var(--ast-global-color-4)","background-image":"","background-repeat":"repeat","background-position":"center center","background-size":"auto","background-attachment":"scroll","background-type":"","background-media":"","overlay-type":"","overlay-color":"","overlay-opacity":"","overlay-gradient":""},"tablet":{"background-color":"","background-image":"","background-repeat":"repeat","background-position":"center center","background-size":"auto","background-attachment":"scroll","background-type":"","background-media":"","overlay-type":"","overlay-color":"","overlay-opacity":"","overlay-gradient":""},"mobile":{"background-color":"","background-image":"","background-repeat":"repeat","background-position":"center center","background-size":"auto","background-attachment":"scroll","background-type":"","background-media":"","overlay-type":"","overlay-color":"","overlay-opacity":"","overlay-gradient":""}},"ast-content-background-meta":{"desktop":{"background-color":"var(--ast-global-color-5)","background-image":"","background-repeat":"repeat","background-position":"center center","background-size":"auto","background-attachment":"scroll","background-type":"","background-media":"","overlay-type":"","overlay-color":"","overlay-opacity":"","overlay-gradient":""},"tablet":{"background-color":"var(--ast-global-color-5)","background-image":"","background-repeat":"repeat","background-position":"center center","background-size":"auto","background-attachment":"scroll","background-type":"","background-media":"","overlay-type":"","overlay-color":"","overlay-opacity":"","overlay-gradient":""},"mobile":{"background-color":"var(--ast-global-color-5)","background-image":"","background-repeat":"repeat","background-position":"center center","background-size":"auto","background-attachment":"scroll","background-type":"","background-media":"","overlay-type":"","overlay-color":"","overlay-opacity":"","overlay-gradient":""}},"footnotes":""},"categories":[71,29],"tags":[],"class_list":["post-1536","post","type-post","status-publish","format-standard","has-post-thumbnail","hentry","category-jocs-florals","category-portada"],"post_mailing_queue_ids":[],"_links":{"self":[{"href":"https:\/\/serveiseducatius.xtec.cat\/alturgell\/wp-json\/wp\/v2\/posts\/1536","targetHints":{"allow":["GET"]}}],"collection":[{"href":"https:\/\/serveiseducatius.xtec.cat\/alturgell\/wp-json\/wp\/v2\/posts"}],"about":[{"href":"https:\/\/serveiseducatius.xtec.cat\/alturgell\/wp-json\/wp\/v2\/types\/post"}],"author":[{"embeddable":true,"href":"https:\/\/serveiseducatius.xtec.cat\/alturgell\/wp-json\/wp\/v2\/users\/1"}],"replies":[{"embeddable":true,"href":"https:\/\/serveiseducatius.xtec.cat\/alturgell\/wp-json\/wp\/v2\/comments?post=1536"}],"version-history":[{"count":3,"href":"https:\/\/serveiseducatius.xtec.cat\/alturgell\/wp-json\/wp\/v2\/posts\/1536\/revisions"}],"predecessor-version":[{"id":1541,"href":"https:\/\/serveiseducatius.xtec.cat\/alturgell\/wp-json\/wp\/v2\/posts\/1536\/revisions\/1541"}],"wp:featuredmedia":[{"embeddable":true,"href":"https:\/\/serveiseducatius.xtec.cat\/alturgell\/wp-json\/wp\/v2\/media\/1537"}],"wp:attachment":[{"href":"https:\/\/serveiseducatius.xtec.cat\/alturgell\/wp-json\/wp\/v2\/media?parent=1536"}],"wp:term":[{"taxonomy":"category","embeddable":true,"href":"https:\/\/serveiseducatius.xtec.cat\/alturgell\/wp-json\/wp\/v2\/categories?post=1536"},{"taxonomy":"post_tag","embeddable":true,"href":"https:\/\/serveiseducatius.xtec.cat\/alturgell\/wp-json\/wp\/v2\/tags?post=1536"}],"curies":[{"name":"wp","href":"https:\/\/api.w.org\/{rel}","templated":true}]}}