{"id":15353,"date":"2023-05-15T11:30:53","date_gmt":"2023-05-15T09:30:53","guid":{"rendered":"https:\/\/serveiseducatius.xtec.cat\/alturgell\/?p=15353"},"modified":"2023-06-02T12:40:51","modified_gmt":"2023-06-02T10:40:51","slug":"mostra-sambori-2023-a-lalt-urgell","status":"publish","type":"post","link":"https:\/\/serveiseducatius.xtec.cat\/alturgell\/portada\/mostra-sambori-2023-a-lalt-urgell\/","title":{"rendered":"Mostra Sambori 2023 a l&#8217;Alt Urgell"},"content":{"rendered":"<p>La\u00a0<strong>Mostra Sambori\u00a0<\/strong>\u00e9s un projecte d\u2019<strong>\u00d2mnium Cultural\u00a0<\/strong>que fomenta l\u2019emancipaci\u00f3 cultural, el sentiment de pertinen\u00e7a comunitari i l\u2019\u00fas de la llengua catalana a partir del recull i la posada en valor de propostes audiovisuals, teatrals, liter\u00e0ries i\/o pl\u00e0stiques de creaci\u00f3 i autoria col\u00b7lectives a l\u2019aula d\u2019escoles i instituts de Catalunya.<\/p>\n<p>Aquest any a la comarca han estat cinc centres els qui han participat amb m\u00e9s de 120 alumnes i, des de la delegaci\u00f3 d&#8217;<strong>\u00d2mnium Alt Urgell,<\/strong> s&#8217;ha fet un<a href=\"https:\/\/www.omnium.cat\/ca\/reconeixement-a-les-escoles-de-lalt-urgell-que-participen-de-la-mostra-sambori-2023\/\"> reconeixement<\/a> a:<\/p>\n<ul style=\"list-style-type: square;\">\n<li>L\u2019Escola de Sant Esteve d\u2019Al\u00e0s<\/li>\n<li>L\u2019Escola Arnau Mir del Pla de Sant Tirs<\/li>\n<li>L\u2019Escola de Tuixent<\/li>\n<li>L\u2019Escola Mn. Albert Vives de la Seu d\u2019Urgell<\/li>\n<li>L\u2019Escola Pau Claris de la Seu d\u2019Urgell<\/li>\n<\/ul>\n","protected":false},"excerpt":{"rendered":"<p>La\u00a0Mostra Sambori\u00a0\u00e9s un projecte d\u2019\u00d2mnium Cultural\u00a0que fomenta l\u2019emancipaci\u00f3 cultural, el sentiment de pertinen\u00e7a comunitari i l\u2019\u00fas de la llengua catalana a partir del recull i la posada en valor de propostes audiovisuals, teatrals, liter\u00e0ries i\/o pl\u00e0stiques de creaci\u00f3 i autoria col\u00b7lectives a l\u2019aula d\u2019escoles i instituts de Catalunya. Aquest any a la comarca han estat [&hellip;]<\/p>\n","protected":false},"author":1,"featured_media":15354,"comment_status":"open","ping_status":"closed","sticky":false,"template":"","format":"standard","meta":{"_bbp_topic_count":0,"_bbp_reply_count":0,"_bbp_total_topic_count":0,"_bbp_total_reply_count":0,"_bbp_voice_count":0,"_bbp_anonymous_reply_count":0,"_bbp_topic_count_hidden":0,"_bbp_reply_count_hidden":0,"_bbp_forum_subforum_count":0,"site-sidebar-layout":"default","site-content-layout":"","ast-site-content-layout":"","site-content-style":"default","site-sidebar-style":"default","ast-global-header-display":"","ast-banner-title-visibility":"","ast-main-header-display":"","ast-hfb-above-header-display":"","ast-hfb-below-header-display":"","ast-hfb-mobile-header-display":"","site-post-title":"","ast-breadcrumbs-content":"","ast-featured-img":"","footer-sml-layout":"","theme-transparent-header-meta":"","adv-header-id-meta":"","stick-header-meta":"","header-above-stick-meta":"","header-main-stick-meta":"","header-below-stick-meta":"","astra-migrate-meta-layouts":"default","ast-page-background-enabled":"default","ast-page-background-meta":{"desktop":{"background-color":"var(--ast-global-color-4)","background-image":"","background-repeat":"repeat","background-position":"center center","background-size":"auto","background-attachment":"scroll","background-type":"","background-media":"","overlay-type":"","overlay-color":"","overlay-opacity":"","overlay-gradient":""},"tablet":{"background-color":"","background-image":"","background-repeat":"repeat","background-position":"center center","background-size":"auto","background-attachment":"scroll","background-type":"","background-media":"","overlay-type":"","overlay-color":"","overlay-opacity":"","overlay-gradient":""},"mobile":{"background-color":"","background-image":"","background-repeat":"repeat","background-position":"center center","background-size":"auto","background-attachment":"scroll","background-type":"","background-media":"","overlay-type":"","overlay-color":"","overlay-opacity":"","overlay-gradient":""}},"ast-content-background-meta":{"desktop":{"background-color":"var(--ast-global-color-5)","background-image":"","background-repeat":"repeat","background-position":"center center","background-size":"auto","background-attachment":"scroll","background-type":"","background-media":"","overlay-type":"","overlay-color":"","overlay-opacity":"","overlay-gradient":""},"tablet":{"background-color":"var(--ast-global-color-5)","background-image":"","background-repeat":"repeat","background-position":"center center","background-size":"auto","background-attachment":"scroll","background-type":"","background-media":"","overlay-type":"","overlay-color":"","overlay-opacity":"","overlay-gradient":""},"mobile":{"background-color":"var(--ast-global-color-5)","background-image":"","background-repeat":"repeat","background-position":"center center","background-size":"auto","background-attachment":"scroll","background-type":"","background-media":"","overlay-type":"","overlay-color":"","overlay-opacity":"","overlay-gradient":""}},"footnotes":""},"categories":[182,29],"tags":[],"class_list":["post-15353","post","type-post","status-publish","format-standard","has-post-thumbnail","hentry","category-noticies-centres","category-portada"],"post_mailing_queue_ids":[],"_links":{"self":[{"href":"https:\/\/serveiseducatius.xtec.cat\/alturgell\/wp-json\/wp\/v2\/posts\/15353","targetHints":{"allow":["GET"]}}],"collection":[{"href":"https:\/\/serveiseducatius.xtec.cat\/alturgell\/wp-json\/wp\/v2\/posts"}],"about":[{"href":"https:\/\/serveiseducatius.xtec.cat\/alturgell\/wp-json\/wp\/v2\/types\/post"}],"author":[{"embeddable":true,"href":"https:\/\/serveiseducatius.xtec.cat\/alturgell\/wp-json\/wp\/v2\/users\/1"}],"replies":[{"embeddable":true,"href":"https:\/\/serveiseducatius.xtec.cat\/alturgell\/wp-json\/wp\/v2\/comments?post=15353"}],"version-history":[{"count":1,"href":"https:\/\/serveiseducatius.xtec.cat\/alturgell\/wp-json\/wp\/v2\/posts\/15353\/revisions"}],"predecessor-version":[{"id":15355,"href":"https:\/\/serveiseducatius.xtec.cat\/alturgell\/wp-json\/wp\/v2\/posts\/15353\/revisions\/15355"}],"wp:featuredmedia":[{"embeddable":true,"href":"https:\/\/serveiseducatius.xtec.cat\/alturgell\/wp-json\/wp\/v2\/media\/15354"}],"wp:attachment":[{"href":"https:\/\/serveiseducatius.xtec.cat\/alturgell\/wp-json\/wp\/v2\/media?parent=15353"}],"wp:term":[{"taxonomy":"category","embeddable":true,"href":"https:\/\/serveiseducatius.xtec.cat\/alturgell\/wp-json\/wp\/v2\/categories?post=15353"},{"taxonomy":"post_tag","embeddable":true,"href":"https:\/\/serveiseducatius.xtec.cat\/alturgell\/wp-json\/wp\/v2\/tags?post=15353"}],"curies":[{"name":"wp","href":"https:\/\/api.w.org\/{rel}","templated":true}]}}