{"id":15266,"date":"2023-05-10T10:43:41","date_gmt":"2023-05-10T08:43:41","guid":{"rendered":"https:\/\/serveiseducatius.xtec.cat\/alturgell\/?p=15266"},"modified":"2023-05-12T10:44:30","modified_gmt":"2023-05-12T08:44:30","slug":"les-revistes-del-mes-abril-2023","status":"publish","type":"post","link":"https:\/\/serveiseducatius.xtec.cat\/alturgell\/portada\/les-revistes-del-mes-abril-2023\/","title":{"rendered":"Les revistes del mes: abril 2023"},"content":{"rendered":"<p>Relaci\u00f3 de <span class=\"il\">les<\/span> <span class=\"il\">revistes<\/span> rebudes a la Biblioteca <span class=\"il\">del<\/span> Departament d\u2019Educaci\u00f3. <span id=\"m_51936085890949009m_-8936376067427105300x_\ud83c\udf10\"><\/span>\u00a0S\u00f3n totes accessibles en l\u00ednia, algunes gratu\u00eftes i d&#8217;altres que requereixen <span style=\"text-decoration: underline;\"><a title=\"https:\/\/espai.educacio.gencat.cat\/Recursos\/Biblioteca\/Biblioteca-virtual\/Revistes-electroniques\/Pagines\/default.aspx\" href=\"https:\/\/espai.educacio.gencat.cat\/Recursos\/Biblioteca\/Biblioteca-virtual\/Revistes-electroniques\/Pagines\/default.aspx\" target=\"_blank\" rel=\"noopener\" data-saferedirecturl=\"https:\/\/www.google.com\/url?q=https:\/\/espai.educacio.gencat.cat\/Recursos\/Biblioteca\/Biblioteca-virtual\/Revistes-electroniques\/Pagines\/default.aspx&amp;source=gmail&amp;ust=1683963016816000&amp;usg=AOvVaw2SarmYJ8iUwKM5uUlr_C0s\"> claus d&#8217;acc\u00e9s<\/a>. <\/span>Si voleu consultar totes <span class=\"il\">les<\/span> <span class=\"il\">revistes<\/span> de la Biblioteca <span class=\"il\">del<\/span> Departament d&#8217;Educaci\u00f3 podeu fer-ho a la p\u00e0gina de\u00a0<span style=\"text-decoration: underline;\"><a title=\"L'URL original: https:\/\/espai.educacio.gencat.cat\/Recursos\/Biblioteca\/Biblioteca-virtual\/Revistes-electroniques\/Pagines\/default.aspx. Feu clic o premeu si confieu en aquest enlla\u00e7.\" href=\"https:\/\/espai.educacio.gencat.cat\/Recursos\/Biblioteca\/Biblioteca-virtual\/Revistes-electroniques\/Pagines\/default.aspx\" target=\"_blank\" rel=\"noopener\" data-saferedirecturl=\"https:\/\/www.google.com\/url?q=https:\/\/espai.educacio.gencat.cat\/Recursos\/Biblioteca\/Biblioteca-virtual\/Revistes-electroniques\/Pagines\/default.aspx&amp;source=gmail&amp;ust=1683963016816000&amp;usg=AOvVaw2SarmYJ8iUwKM5uUlr_C0s\"><span class=\"il\">Revistes<\/span> electr\u00f2niques<\/a>\u00a0<\/span>de la Intranet.<span style=\"text-decoration: underline;\"><br \/>\n<\/span><\/p>\n<table id=\"m_51936085890949009m_-8936376067427105300x_x_x_x_x_x_x_x_x_x_x_x_x_x_x_x_x_x_x_x_x_x_x_x_x_x_x_x_x_x_tableSelected0\" style=\"border-color: #913939; width: 50.3739%;\" border=\"0\" width=\"0\" cellspacing=\"0\" cellpadding=\"0\">\n<tbody>\n<tr>\n<td style=\"width: 27.1846%;\" width=\"167\">\u00a0<img loading=\"lazy\" decoding=\"async\" class=\"alignnone size-full wp-image-15272\" src=\"https:\/\/serveiseducatius.xtec.cat\/alturgell\/wp-content\/uploads\/usu770\/2023\/05\/unnamed.jpg\" alt=\"\" width=\"151\" height=\"52\" \/><\/td>\n<td style=\"width: 347.458%;\" width=\"570\">\n<div>\n<p><a href=\"https:\/\/www.grao.com\/revistas\/cohesio-discursiva-73722\" target=\"_blank\" rel=\"noopener\" data-saferedirecturl=\"https:\/\/www.google.com\/url?q=https:\/\/www.grao.com\/revistas\/cohesio-discursiva-73722&amp;source=gmail&amp;ust=1683963016816000&amp;usg=AOvVaw1S0uNQIBa9GqPuSKovnA5B\"><strong>Cohesi\u00f3 discursiva<\/strong><\/a><br \/>\nArticles, 96, gen.-mar. 2023<\/p>\n<\/div>\n<\/td>\n<\/tr>\n<tr>\n<td style=\"width: 27.1846%;\" width=\"167\"><img loading=\"lazy\" decoding=\"async\" class=\"alignnone size-full wp-image-15271\" src=\"https:\/\/serveiseducatius.xtec.cat\/alturgell\/wp-content\/uploads\/usu770\/2023\/05\/unnamed-2.jpg\" alt=\"\" width=\"138\" height=\"72\" \/><\/td>\n<td style=\"width: 347.458%;\" width=\"570\">\n<div>\n<p><a href=\"https:\/\/www.grao.com\/revistas\/el-aprendizaje-servicio-hacia-una-educacion-con-verdadero-potencial-transformador-73744\" target=\"_blank\" rel=\"noopener\" data-saferedirecturl=\"https:\/\/www.google.com\/url?q=https:\/\/www.grao.com\/revistas\/el-aprendizaje-servicio-hacia-una-educacion-con-verdadero-potencial-transformador-73744&amp;source=gmail&amp;ust=1683963016816000&amp;usg=AOvVaw1SZTWMzqVJFcdYgWI-47pb\"><strong>El aprendizaje-servicio: hacia una educaci\u00f3n con verdadero potencial transformador<\/strong><\/a><br \/>\nAula de secundaria, 50, mar.-abr. 2023<\/p>\n<\/div>\n<\/td>\n<\/tr>\n<tr>\n<td style=\"width: 27.1846%;\" width=\"167\"><img loading=\"lazy\" decoding=\"async\" class=\"alignnone size-full wp-image-15270\" src=\"https:\/\/serveiseducatius.xtec.cat\/alturgell\/wp-content\/uploads\/usu770\/2023\/05\/unnamed-3.jpg\" alt=\"\" width=\"134\" height=\"63\" \/><\/td>\n<td style=\"width: 347.458%;\" width=\"570\">\n<div>\n<p><a href=\"https:\/\/www.revistaclij.com\/product\/clij-312-marzo-abril-2023-edicion-papel\/\" target=\"_blank\" rel=\"noopener\" data-saferedirecturl=\"https:\/\/www.google.com\/url?q=https:\/\/www.revistaclij.com\/product\/clij-312-marzo-abril-2023-edicion-papel\/&amp;source=gmail&amp;ust=1683963016816000&amp;usg=AOvVaw3uErtyd25acZFm72mHOYEk\"><strong>La censura en la LIJ<\/strong><\/a><br \/>\nCLIJ, 312, mar.-abr. 2023<\/p>\n<\/div>\n<\/td>\n<\/tr>\n<tr>\n<td style=\"width: 27.1846%;\" width=\"167\">\n<div>\n<p><img loading=\"lazy\" decoding=\"async\" class=\"alignnone size-full wp-image-15269\" src=\"https:\/\/serveiseducatius.xtec.cat\/alturgell\/wp-content\/uploads\/usu770\/2023\/05\/unname-4.jpg\" alt=\"\" width=\"129\" height=\"76\" \/><\/p>\n<\/div>\n<\/td>\n<td style=\"width: 347.458%;\" width=\"570\"><a href=\"https:\/\/www.revistacomunicar.com\/index.php?contenido=revista&amp;numero=75\" target=\"_blank\" rel=\"noopener\" data-saferedirecturl=\"https:\/\/www.google.com\/url?q=https:\/\/www.revistacomunicar.com\/index.php?contenido%3Drevista%26numero%3D75&amp;source=gmail&amp;ust=1683963016816000&amp;usg=AOvVaw2i4bhOTNef8uek9tA59U5c\"><strong>Juventud, identidad de g\u00e9nero y poder en las plataformas digitales<\/strong><\/a><br \/>\nComunicar, 75, abril 2023<\/td>\n<\/tr>\n<tr>\n<td style=\"width: 27.1846%;\" width=\"167\">\n<div>\n<p><img loading=\"lazy\" decoding=\"async\" class=\"alignnone size-full wp-image-15268\" src=\"https:\/\/serveiseducatius.xtec.cat\/alturgell\/wp-content\/uploads\/usu770\/2023\/05\/unnamed-5.jpg\" alt=\"\" width=\"131\" height=\"55\" \/><\/p>\n<\/div>\n<\/td>\n<td style=\"width: 347.458%;\" width=\"570\"><a id=\"m_51936085890949009m_-8936376067427105300LPlnk986966\" title=\"https:\/\/dialnet.unirioja.es\/ejemplar\/626828\" href=\"https:\/\/dialnet.unirioja.es\/ejemplar\/626828\" target=\"_blank\" rel=\"noopener\" data-saferedirecturl=\"https:\/\/www.google.com\/url?q=https:\/\/dialnet.unirioja.es\/ejemplar\/626828&amp;source=gmail&amp;ust=1683963016816000&amp;usg=AOvVaw0C1B1zlfRlurDKM5pRBG28\"><strong>El Bachillerato, a an\u00e1lisis<\/strong><\/a><br \/>\nCuadernos de pedagog\u00eda, 540, mar. 2023<\/td>\n<\/tr>\n<tr>\n<td style=\"width: 27.1846%;\" width=\"167\"><img loading=\"lazy\" decoding=\"async\" class=\"alignleft size-full wp-image-20935\" src=\"https:\/\/serveiseducatius.xtec.cat\/bages\/wp-content\/uploads\/usu776\/2023\/05\/campus-virtuales.png\" alt=\"\" width=\"282\" height=\"156\" \/><\/td>\n<td style=\"width: 347.458%;\" width=\"570\"><strong><a href=\"http:\/\/www.uajournals.com\/campusvirtuales\/es\/revistaes\/numeroactual.html\" target=\"_blank\" rel=\"noopener\" data-saferedirecturl=\"https:\/\/www.google.com\/url?q=http:\/\/www.uajournals.com\/campusvirtuales\/es\/revistaes\/numeroactual.html&amp;source=gmail&amp;ust=1683963016816000&amp;usg=AOvVaw3coRO48jqfaHGb040WfOpl\">Pr\u00e1cticas de liderazgo escolar en Andaluc\u00eda moderadas por dimensi\u00f3n organizativa<\/a><\/strong><br \/>\nCampus virtuales, 12(1), 2023<\/td>\n<\/tr>\n<tr>\n<td style=\"width: 27.1846%;\" width=\"167\"><img loading=\"lazy\" decoding=\"async\" class=\"alignleft size-full wp-image-17636\" src=\"https:\/\/serveiseducatius.xtec.cat\/bages\/wp-content\/uploads\/usu776\/2022\/02\/Grao.png\" alt=\"\" width=\"195\" height=\"91\" \/><\/td>\n<td style=\"width: 347.458%;\" width=\"570\"><a href=\"https:\/\/www.grao.com\/revistas\/la-lomloe-una-oportunidad-para-mejorar-la-sociedad-del-siglo-xxi-73755\/\" target=\"_blank\" rel=\"noopener\" data-saferedirecturl=\"https:\/\/www.google.com\/url?q=https:\/\/www.grao.com\/revistas\/la-lomloe-una-oportunidad-para-mejorar-la-sociedad-del-siglo-xxi-73755\/&amp;source=gmail&amp;ust=1683963016816000&amp;usg=AOvVaw29Jy8ruWn6W1YhAW2E6xAX\"><strong>La LOMLOE: una oportunidad para mejorar la sociedad <span class=\"il\">del<\/span> siglo XXI<\/strong><\/a><br \/>\nDossier Gra\u00f3, 8, 2023<\/td>\n<\/tr>\n<tr>\n<td style=\"width: 27.1846%;\" width=\"167\"><img loading=\"lazy\" decoding=\"async\" class=\"alignleft size-full wp-image-18633\" src=\"https:\/\/serveiseducatius.xtec.cat\/bages\/wp-content\/uploads\/usu776\/2022\/07\/Educacion.png\" alt=\"\" width=\"189\" height=\"120\" \/><\/td>\n<td style=\"width: 347.458%;\" width=\"570\"><a href=\"https:\/\/www.educaciontrespuntocero.com\/noticias\/49-revista-educacion-30\/\" target=\"_blank\" rel=\"noopener\" data-saferedirecturl=\"https:\/\/www.google.com\/url?q=https:\/\/www.educaciontrespuntocero.com\/noticias\/49-revista-educacion-30\/&amp;source=gmail&amp;ust=1683963016816000&amp;usg=AOvVaw21jUydFs7ezzZX1OCXVQwL\"><strong>ODS: educar para el desarrollo sostenible<\/strong><\/a><br \/>\nEducaci\u00f3n 3.0, 49, feb.-abr.<\/td>\n<\/tr>\n<tr>\n<td style=\"width: 27.1846%;\" width=\"167\"><img loading=\"lazy\" decoding=\"async\" class=\"alignleft size-full wp-image-18634\" src=\"https:\/\/serveiseducatius.xtec.cat\/bages\/wp-content\/uploads\/usu776\/2022\/07\/Estris.png\" sizes=\"auto, (max-width: 202px) 100vw, 202px\" srcset=\"https:\/\/serveiseducatius.xtec.cat\/bages\/wp-content\/uploads\/usu776\/2022\/07\/Estris.png 202w, https:\/\/serveiseducatius.xtec.cat\/bages\/wp-content\/uploads\/usu776\/2022\/07\/Estris-200x125.png 200w\" alt=\"\" width=\"202\" height=\"125\" \/><\/td>\n<td style=\"width: 347.458%;\" width=\"570\">\n<div>\n<p><strong><a href=\"https:\/\/www.estris.cat\/revista-estris\/tots-numeros\/revistaestris247\" target=\"_blank\" rel=\"noopener\" data-saferedirecturl=\"https:\/\/www.google.com\/url?q=https:\/\/www.estris.cat\/revista-estris\/tots-numeros\/revistaestris247&amp;source=gmail&amp;ust=1683963016816000&amp;usg=AOvVaw2Gim06nb2_a0ZD2Rda-tpS\">Cultura i llengua: el catal\u00e0 a l&#8217;educaci\u00f3 en el lleure<\/a><\/strong><br \/>\nEstris, 247, gen.-feb. 2023<\/p>\n<\/div>\n<\/td>\n<\/tr>\n<tr>\n<td style=\"width: 27.1846%;\" width=\"167\">\u00a0\u00a0\u00a0\u00a0 <img loading=\"lazy\" decoding=\"async\" class=\"alignleft wp-image-20936\" src=\"https:\/\/serveiseducatius.xtec.cat\/bages\/wp-content\/uploads\/usu776\/2023\/05\/FPIEM.png\" alt=\"\" width=\"145\" height=\"94\" \/><\/td>\n<td style=\"width: 347.458%;\" width=\"570\"><a href=\"https:\/\/fpiem.webs.ull.es\/index.php\/fpiem\/issue\/view\/15\/showToc\" target=\"_blank\" rel=\"noopener\" data-saferedirecturl=\"https:\/\/www.google.com\/url?q=https:\/\/fpiem.webs.ull.es\/index.php\/fpiem\/issue\/view\/15\/showToc&amp;source=gmail&amp;ust=1683963016816000&amp;usg=AOvVaw1CysyEr7XI_LMNq0dGUvGR\"><strong>La velocidad lectora como predictor <span class=\"il\">del<\/span> \u00e9xito en la resoluci\u00f3n de problemas multiplicativos con n\u00fameros naturales y fraccionarios<\/strong><\/a><br \/>\nFPIEM: Formaci\u00f3n <span class=\"il\">del<\/span> Profesorado e Investigaci\u00f3n en Educaci\u00f3n Matem\u00e1tica, 14, 2022<\/td>\n<\/tr>\n<tr>\n<td style=\"width: 27.1846%;\" width=\"167\"><img loading=\"lazy\" decoding=\"async\" class=\"alignleft size-full wp-image-2556\" src=\"https:\/\/serveiseducatius.xtec.cat\/bages\/wp-content\/uploads\/usu776\/2016\/07\/Guix.jpg\" alt=\"\" width=\"300\" height=\"130\" \/><\/td>\n<td style=\"width: 347.458%;\" width=\"570\"><a href=\"https:\/\/www.grao.com\/revistas\/revista-guix-496-de-febrer-2023-73763\" target=\"_blank\" rel=\"noopener\" data-saferedirecturl=\"https:\/\/www.google.com\/url?q=https:\/\/www.grao.com\/revistas\/revista-guix-496-de-febrer-2023-73763&amp;source=gmail&amp;ust=1683963016816000&amp;usg=AOvVaw3NwenDwxn0CMLH2J6VLwMI\"><strong>araArt. Transformar a trav\u00e9s de <span class=\"il\">les<\/span> arts<\/strong><\/a><br \/>\nGuix, 496, feb. 2023<\/td>\n<\/tr>\n<tr>\n<td style=\"width: 27.1846%;\" width=\"167\"><img loading=\"lazy\" decoding=\"async\" class=\"alignleft size-full wp-image-17320\" src=\"https:\/\/serveiseducatius.xtec.cat\/bages\/wp-content\/uploads\/usu776\/2021\/12\/Grafica.png\" alt=\"\" width=\"180\" height=\"105\" \/><\/td>\n<td style=\"width: 347.458%;\" width=\"570\"><a href=\"https:\/\/graffica.info\/tienda\/revista-graffica-29-publicidad\/\" target=\"_blank\" rel=\"noopener\" data-saferedirecturl=\"https:\/\/www.google.com\/url?q=https:\/\/graffica.info\/tienda\/revista-graffica-29-publicidad\/&amp;source=gmail&amp;ust=1683963016816000&amp;usg=AOvVaw2DxK-xXChV7-RtEFv-2Cia\"><strong>Publicidad<\/strong><\/a><br \/>\nGr\u00e0ffica, 29, gen-mar. 2023<\/td>\n<\/tr>\n<tr>\n<td style=\"width: 27.1846%;\" width=\"167\"><img loading=\"lazy\" decoding=\"async\" class=\"alignleft size-full wp-image-16878\" src=\"https:\/\/serveiseducatius.xtec.cat\/bages\/wp-content\/uploads\/usu776\/2021\/10\/rev-11.png\" alt=\"\" width=\"199\" height=\"106\" \/><\/td>\n<td style=\"width: 347.458%;\" width=\"570\"><a href=\"https:\/\/www.davisart.com\/schoolarts\/issues\/2023\/choice\/\" target=\"_blank\" rel=\"noopener\" data-saferedirecturl=\"https:\/\/www.google.com\/url?q=https:\/\/www.davisart.com\/schoolarts\/issues\/2023\/choice\/&amp;source=gmail&amp;ust=1683963016816000&amp;usg=AOvVaw2eQmouER0etEYcudSm8aO6\"><strong>Choice<\/strong><\/a><br \/>\nSchool Arts Magazine, mar. 2023<\/td>\n<\/tr>\n<tr>\n<td style=\"width: 27.1846%;\" width=\"167\"><img loading=\"lazy\" decoding=\"async\" class=\"alignleft size-full wp-image-17082\" src=\"https:\/\/serveiseducatius.xtec.cat\/bages\/wp-content\/uploads\/usu776\/2021\/11\/siglo-cero.png\" alt=\"\" width=\"167\" height=\"109\" \/><\/td>\n<td style=\"width: 347.458%;\" width=\"570\"><a href=\"https:\/\/revistas.usal.es\/tres\/index.php\/0210-1696\/issue\/view\/1439\" target=\"_blank\" rel=\"noopener\" data-saferedirecturl=\"https:\/\/www.google.com\/url?q=https:\/\/revistas.usal.es\/tres\/index.php\/0210-1696\/issue\/view\/1439&amp;source=gmail&amp;ust=1683963016816000&amp;usg=AOvVaw2gGDsmZBnHQ4YF3V50_cH6\"><strong>Sensibilizaci\u00f3n docente y atenci\u00f3n a la diversidad en la Formaci\u00f3n Profesional B\u00e1sica: cooperar para influir<\/strong><\/a><br \/>\nSiglo cero, 54(1), 2023<\/td>\n<\/tr>\n<tr>\n<td style=\"width: 27.1846%;\" width=\"167\"><img loading=\"lazy\" decoding=\"async\" class=\"alignleft size-full wp-image-2749\" src=\"https:\/\/serveiseducatius.xtec.cat\/bages\/wp-content\/uploads\/usu776\/2016\/07\/Viure-en-familia.jpg\" alt=\"\" width=\"300\" height=\"130\" \/><\/td>\n<td style=\"width: 347.458%;\" width=\"570\"><a href=\"https:\/\/www.grao.com\/revistas\/revista-viure-98-marc-23-cerimonies-de-dol-perinetal-els-quatre-temperaments-lacolliment-parcial-73795\" target=\"_blank\" rel=\"noopener\" data-saferedirecturl=\"https:\/\/www.google.com\/url?q=https:\/\/www.grao.com\/revistas\/revista-viure-98-marc-23-cerimonies-de-dol-perinetal-els-quatre-temperaments-lacolliment-parcial-73795&amp;source=gmail&amp;ust=1683963016816000&amp;usg=AOvVaw0f8j7C0Lg5Dn9McNowYTAH\"><strong>Cerim\u00f2nies de dol perinatal \/ Els quatre temperaments \/ L&#8217;acolliment parcial<\/strong><\/a><\/p>\n<p>Viure en familia, 98, mar. 2023<\/td>\n<\/tr>\n<\/tbody>\n<\/table>\n<p>&nbsp;<\/p>\n<p>&nbsp;<\/p>\n","protected":false},"excerpt":{"rendered":"<p>Relaci\u00f3 de les revistes rebudes a la Biblioteca del Departament d\u2019Educaci\u00f3. \u00a0S\u00f3n totes accessibles en l\u00ednia, algunes gratu\u00eftes i d&#8217;altres que requereixen claus d&#8217;acc\u00e9s. Si voleu consultar totes les revistes de la Biblioteca del Departament d&#8217;Educaci\u00f3 podeu fer-ho a la p\u00e0gina de\u00a0Revistes electr\u00f2niques\u00a0de la Intranet. \u00a0 Cohesi\u00f3 discursiva Articles, 96, gen.-mar. 2023 El aprendizaje-servicio: hacia [&hellip;]<\/p>\n","protected":false},"author":1,"featured_media":15278,"comment_status":"open","ping_status":"closed","sticky":false,"template":"","format":"standard","meta":{"_bbp_topic_count":0,"_bbp_reply_count":0,"_bbp_total_topic_count":0,"_bbp_total_reply_count":0,"_bbp_voice_count":0,"_bbp_anonymous_reply_count":0,"_bbp_topic_count_hidden":0,"_bbp_reply_count_hidden":0,"_bbp_forum_subforum_count":0,"site-sidebar-layout":"default","site-content-layout":"","ast-site-content-layout":"","site-content-style":"default","site-sidebar-style":"default","ast-global-header-display":"","ast-banner-title-visibility":"","ast-main-header-display":"","ast-hfb-above-header-display":"","ast-hfb-below-header-display":"","ast-hfb-mobile-header-display":"","site-post-title":"","ast-breadcrumbs-content":"","ast-featured-img":"","footer-sml-layout":"","theme-transparent-header-meta":"","adv-header-id-meta":"","stick-header-meta":"","header-above-stick-meta":"","header-main-stick-meta":"","header-below-stick-meta":"","astra-migrate-meta-layouts":"default","ast-page-background-enabled":"default","ast-page-background-meta":{"desktop":{"background-color":"var(--ast-global-color-4)","background-image":"","background-repeat":"repeat","background-position":"center center","background-size":"auto","background-attachment":"scroll","background-type":"","background-media":"","overlay-type":"","overlay-color":"","overlay-opacity":"","overlay-gradient":""},"tablet":{"background-color":"","background-image":"","background-repeat":"repeat","background-position":"center center","background-size":"auto","background-attachment":"scroll","background-type":"","background-media":"","overlay-type":"","overlay-color":"","overlay-opacity":"","overlay-gradient":""},"mobile":{"background-color":"","background-image":"","background-repeat":"repeat","background-position":"center center","background-size":"auto","background-attachment":"scroll","background-type":"","background-media":"","overlay-type":"","overlay-color":"","overlay-opacity":"","overlay-gradient":""}},"ast-content-background-meta":{"desktop":{"background-color":"var(--ast-global-color-5)","background-image":"","background-repeat":"repeat","background-position":"center center","background-size":"auto","background-attachment":"scroll","background-type":"","background-media":"","overlay-type":"","overlay-color":"","overlay-opacity":"","overlay-gradient":""},"tablet":{"background-color":"var(--ast-global-color-5)","background-image":"","background-repeat":"repeat","background-position":"center center","background-size":"auto","background-attachment":"scroll","background-type":"","background-media":"","overlay-type":"","overlay-color":"","overlay-opacity":"","overlay-gradient":""},"mobile":{"background-color":"var(--ast-global-color-5)","background-image":"","background-repeat":"repeat","background-position":"center center","background-size":"auto","background-attachment":"scroll","background-type":"","background-media":"","overlay-type":"","overlay-color":"","overlay-opacity":"","overlay-gradient":""}},"footnotes":""},"categories":[81,29],"tags":[],"class_list":["post-15266","post","type-post","status-publish","format-standard","has-post-thumbnail","hentry","category-biblioteca-escolar","category-portada"],"post_mailing_queue_ids":[],"_links":{"self":[{"href":"https:\/\/serveiseducatius.xtec.cat\/alturgell\/wp-json\/wp\/v2\/posts\/15266","targetHints":{"allow":["GET"]}}],"collection":[{"href":"https:\/\/serveiseducatius.xtec.cat\/alturgell\/wp-json\/wp\/v2\/posts"}],"about":[{"href":"https:\/\/serveiseducatius.xtec.cat\/alturgell\/wp-json\/wp\/v2\/types\/post"}],"author":[{"embeddable":true,"href":"https:\/\/serveiseducatius.xtec.cat\/alturgell\/wp-json\/wp\/v2\/users\/1"}],"replies":[{"embeddable":true,"href":"https:\/\/serveiseducatius.xtec.cat\/alturgell\/wp-json\/wp\/v2\/comments?post=15266"}],"version-history":[{"count":3,"href":"https:\/\/serveiseducatius.xtec.cat\/alturgell\/wp-json\/wp\/v2\/posts\/15266\/revisions"}],"predecessor-version":[{"id":15277,"href":"https:\/\/serveiseducatius.xtec.cat\/alturgell\/wp-json\/wp\/v2\/posts\/15266\/revisions\/15277"}],"wp:featuredmedia":[{"embeddable":true,"href":"https:\/\/serveiseducatius.xtec.cat\/alturgell\/wp-json\/wp\/v2\/media\/15278"}],"wp:attachment":[{"href":"https:\/\/serveiseducatius.xtec.cat\/alturgell\/wp-json\/wp\/v2\/media?parent=15266"}],"wp:term":[{"taxonomy":"category","embeddable":true,"href":"https:\/\/serveiseducatius.xtec.cat\/alturgell\/wp-json\/wp\/v2\/categories?post=15266"},{"taxonomy":"post_tag","embeddable":true,"href":"https:\/\/serveiseducatius.xtec.cat\/alturgell\/wp-json\/wp\/v2\/tags?post=15266"}],"curies":[{"name":"wp","href":"https:\/\/api.w.org\/{rel}","templated":true}]}}